{"id":41139,"date":"2025-08-08T06:56:32","date_gmt":"2025-08-08T06:56:32","guid":{"rendered":"https:\/\/calatorinromania.com\/?p=41139"},"modified":"2025-08-08T06:56:32","modified_gmt":"2025-08-08T06:56:32","slug":"pe-plaja-cainele-a-alergat-brusc-spre-o-movila-de-nisip","status":"publish","type":"post","link":"https:\/\/calatorinromania.com\/?p=41139","title":{"rendered":"Pe plaj\u0103, c\u00e2inele a alergat brusc spre o movil\u0103 de nisip"},"content":{"rendered":"\n<p>Din nisip ie\u0219ea o m\u00e2nu\u021b\u0103 mic\u0103, palid\u0103, \u00eencle\u0219tat\u0103, ca \u0219i cum se ag\u0103\u021base de via\u021b\u0103 \u00een ultima clip\u0103. C\u00e2inele, tremur\u00e2nd, continua s\u0103 sape, l\u0103tr\u00e2nd \u00eennebunit, p\u00e2n\u0103 c\u00e2nd fa\u021ba copilului a devenit vizibil\u0103.<\/p>\n\n\n\n<p><\/p>\n\n\n\n<p>O feti\u021b\u0103. Ochii \u00eenchi\u0219i. Corpul aproape complet \u00eengropat.<\/p>\n\n\n\n<p><\/p>\n\n\n\n<p>Oamenii de pe plaj\u0103 au \u00eenceput s\u0103 \u021bipe. Cineva a alergat dup\u0103 un salvamar, altcineva a scos o sticl\u0103 cu ap\u0103. B\u0103rbatul a scos copilul cu grij\u0103 din nisip. Era incon\u0219tient\u0103, dar cald\u0103. Un salvamar a \u00eenceput imediat resuscitarea. \u00cen jurul lor, totul se transformase \u00eentr-o t\u0103cere tensionat\u0103, spart\u0103 doar de vocea calm\u0103 a salvatorului care \u00eei ap\u0103sa pieptul, ritmic.<\/p>\n\n\n\n<p><\/p>\n\n\n\n<p>Dup\u0103 c\u00e2teva secunde care au p\u0103rut o eternitate, feti\u021ba a tusit. A deschis ochii. A \u00eenceput s\u0103 pl\u00e2ng\u0103.<\/p>\n\n\n\n<p><\/p>\n\n\n\n<p>Plaja a explodat \u00een aplauze \u0219i lacrimi. O femeie a alergat, url\u00e2nd numele copilului \u2014 era mama. Le\u0219inase c\u00e2nd \u0219i-a dat seama c\u0103 fiica ei nu se \u00eentorsese din joac\u0103. Era la c\u00e2\u021biva pa\u0219i, la umbr\u0103, dar \u00een acea agita\u021bie de var\u0103, niciunul nu observase c\u00e2nd micu\u021ba c\u0103zuse \u00eentr-o groap\u0103 pe care copiii o s\u0103paser\u0103 \u0219i apoi o acoperiser\u0103 din gre\u0219eal\u0103 cu nisip.<\/p>\n\n\n\n<p><\/p>\n\n\n\n<p>C\u00e2inele era acum culcat la c\u00e2\u021biva metri distan\u021b\u0103, epuizat, cu limba scoas\u0103 \u0219i coada \u00eentre picioare. Dar privirea lui era senin\u0103.<\/p>\n\n\n\n<p>Un copil l-a m\u00e2ng\u00e2iat u\u0219or. \u201eEl a salvat-o,\u201d a spus.<\/p>\n\n\n\n<p>\u00cen aceea\u0219i zi, pe re\u021belele de socializare, poza c\u00e2inelui al\u0103turi de copil a devenit viral\u0103. Zeci de oameni au cerut s\u0103-l cunoasc\u0103. Dar b\u0103rbatul, cu ochii \u00een lacrimi, l-a str\u00e2ns \u00een bra\u021be \u0219i a zis doar at\u00e2t:<\/p>\n\n\n\n<p>\u2014 Nu e doar un c\u00e2ine. E \u00eengerul nostru cu patru labe.<\/p>\n\n\n\n<p>Au urmat interviuri, recuno\u0219tin\u021b\u0103 public\u0103, chiar \u0219i o medalie oferit\u0103 de autorit\u0103\u021bi pentru \u201esalvatorul necuv\u00e2nt\u0103tor\u201d.<\/p>\n\n\n\n<p>Dar c\u00e2inele n-a cerut nimic. \u00cen fiecare zi, mergea din nou la plaj\u0103, cu st\u0103p\u00e2nul lui. Se uita lung la nisip \u0219i r\u0103m\u00e2nea nemi\u0219cat c\u00e2teva clipe. Apoi pleca mai departe.<\/p>\n\n\n\n<p>Pentru c\u0103, \u00een acea zi, instinctul, loialitatea \u0219i inima lui au f\u0103cut ceea ce nicio tehnologie, niciun adult neatent nu reu\u0219ise: a sim\u021bit via\u021ba care cerea ajutor din t\u0103cerea cald\u0103 a nisipului.<\/p>\n\n\n\n<p>\u0218i a r\u0103spuns.<\/p>\n\n\n\n<p><em>Aceast\u0103 lucrare este inspirat\u0103 din evenimente \u0219i persoane reale, \u00eens\u0103 a fost fic\u021bionalizat\u0103 \u00een scopuri creative. Numele, personajele \u0219i detaliile au fost schimbate pentru a proteja intimitatea \u0219i pentru a \u00eembun\u0103t\u0103\u021bi nara\u021biunea. Orice asem\u0103nare cu persoane reale, \u00een via\u021b\u0103 sau decedate, sau cu evenimente reale este pur \u00eent\u00e2mpl\u0103toare \u0219i nu este inten\u021bionat\u0103 de c\u0103tre autor.<\/em><\/p>\n\n\n\n<p><em>Autorul \u0219i editorul nu \u00ee\u0219i asum\u0103 responsabilitatea pentru exactitatea evenimentelor sau pentru modul \u00een care sunt portretizate personajele \u0219i nu sunt r\u0103spunz\u0103tori pentru eventuale interpret\u0103ri gre\u0219ite. Aceast\u0103 poveste este oferit\u0103 \u201eca atare\u201d, iar orice opinii exprimate apar\u021bin personajelor \u0219i nu reflect\u0103 punctele de vedere ale autorului sau ale editorului.<\/em><\/p>\n","protected":false},"excerpt":{"rendered":"<p>Din nisip ie\u0219ea o m\u00e2nu\u021b\u0103 mic\u0103, palid\u0103, \u00eencle\u0219tat\u0103, ca \u0219i cum se ag\u0103\u021base de via\u021b\u0103 \u00een ultima clip\u0103. C\u00e2inele, tremur\u00e2nd, continua s\u0103 sape, l\u0103tr\u00e2nd \u00eennebunit,<\/p>\n","protected":false},"author":1,"featured_media":40932,"comment_status":"closed","ping_status":"closed","sticky":false,"template":"","format":"standard","meta":[],"categories":[1],"tags":[],"_links":{"self":[{"href":"https:\/\/calatorinromania.com\/index.php?rest_route=\/wp\/v2\/posts\/41139"}],"collection":[{"href":"https:\/\/calatorinromania.com\/index.php?rest_route=\/wp\/v2\/posts"}],"about":[{"href":"https:\/\/calatorinromania.com\/index.php?rest_route=\/wp\/v2\/types\/post"}],"author":[{"embeddable":true,"href":"https:\/\/calatorinromania.com\/index.php?rest_route=\/wp\/v2\/users\/1"}],"replies":[{"embeddable":true,"href":"https:\/\/calatorinromania.com\/index.php?rest_route=%2Fwp%2Fv2%2Fcomments&post=41139"}],"version-history":[{"count":1,"href":"https:\/\/calatorinromania.com\/index.php?rest_route=\/wp\/v2\/posts\/41139\/revisions"}],"predecessor-version":[{"id":41140,"href":"https:\/\/calatorinromania.com\/index.php?rest_route=\/wp\/v2\/posts\/41139\/revisions\/41140"}],"wp:featuredmedia":[{"embeddable":true,"href":"https:\/\/calatorinromania.com\/index.php?rest_route=\/wp\/v2\/media\/40932"}],"wp:attachment":[{"href":"https:\/\/calatorinromania.com\/index.php?rest_route=%2Fwp%2Fv2%2Fmedia&parent=41139"}],"wp:term":[{"taxonomy":"category","embeddable":true,"href":"https:\/\/calatorinromania.com\/index.php?rest_route=%2Fwp%2Fv2%2Fcategories&post=41139"},{"taxonomy":"post_tag","embeddable":true,"href":"https:\/\/calatorinromania.com\/index.php?rest_route=%2Fwp%2Fv2%2Ftags&post=41139"}],"curies":[{"name":"wp","href":"https:\/\/api.w.org\/{rel}","templated":true}]}}