{"id":41137,"date":"2025-08-08T06:54:50","date_gmt":"2025-08-08T06:54:50","guid":{"rendered":"https:\/\/calatorinromania.com\/?p=41137"},"modified":"2025-08-08T06:54:50","modified_gmt":"2025-08-08T06:54:50","slug":"sora-mea-mi-a-furat-logodnicul","status":"publish","type":"post","link":"https:\/\/calatorinromania.com\/?p=41137","title":{"rendered":"SOR\u0102-MEA MI-A FURAT LOGODNICUL"},"content":{"rendered":"\n<p>Zachary nu a spus nimic pe moment. A \u00eenclinat u\u0219or capul, privindu-l pe Nathan cu o expresie calm\u0103, dar t\u0103ioas\u0103 \u2014 ca un cu\u021bit bine ascu\u021bit, pe care \u00eel \u021bii \u00een teac\u0103 doar pentru c\u0103 \u0219tii c\u00e2t de repede taie.<\/p>\n\n\n\n<p><\/p>\n\n\n\n<p>Stephanie s-a \u00eentors \u00eencet, z\u00e2mbetul \u00eenc\u0103 pe buze, dar ochii i s-au m\u0103rit c\u00e2nd a v\u0103zut cine st\u0103tea \u00een spatele ei.<\/p>\n\n\n\n<p><\/p>\n\n\n\n<p>\u2014 Tu? a \u0219optit ea, ne\u00eencrez\u0103toare.<\/p>\n\n\n\n<p><\/p>\n\n\n\n<p>Nathan a f\u0103cut un pas \u00een spate, palid. Se uita ba la mine, ba la Zachary, ca \u0219i cum ar fi c\u0103utat o cale de sc\u0103pare.<\/p>\n\n\n\n<p><\/p>\n\n\n\n<p>\u2014 M\u0103 scuza\u021bi, am spus eu. Nu mai sunt \u201esingur\u0103 la treizeci \u0219i opt\u201d. De fapt\u2026 el e so\u021bul meu.<\/p>\n\n\n\n<p><\/p>\n\n\n\n<p>Zachary mi-a luat m\u00e2na \u0219i a s\u0103rutat-o u\u0219or, f\u0103r\u0103 ostenta\u021bie. Doar un gest simplu, care a spus tot ce era de spus.<\/p>\n\n\n\n<p><\/p>\n\n\n\n<p>Stephanie a \u00eenghe\u021bat. Nathan nu scotea un sunet. Erau doi oameni care, ani \u00een urm\u0103, \u00eemi spulberaser\u0103 sufletul. Iar acum nu mai aveau unde s\u0103 se ascund\u0103.<\/p>\n\n\n\n<p><\/p>\n\n\n\n<p>\u2014 N-ai spus c\u0103 e\u2026 avocat? a b\u00e2iguit Nathan c\u0103tre Stephanie.<\/p>\n\n\n\n<p>\u2014 Nu\u2026 adic\u0103\u2026 e, dar\u2026<\/p>\n\n\n\n<p>\u2014 Zachary Black? avocatul care \u021bi-a \u00eenchis firma?<\/p>\n\n\n\n<p>Toat\u0103 lumea din apropiere t\u0103cuse. Nu doar pentru c\u0103 se afla \u00eenmorm\u00e2ntarea mamei, ci pentru c\u0103 momentul devenise aproape teatral.<\/p>\n\n\n\n<p>Zachary a z\u00e2mbit. Calm. Asumat.<\/p>\n\n\n\n<p>\u2014 Mi-a p\u0103rut r\u0103u pentru partenerul t\u0103u, Nathan. Dar c\u00e2nd fraudezi trei clien\u021bi \u0219i \u00eencerci s\u0103 dai vina pe contabil\u0103, cam meri\u021bi ce prime\u0219ti.<\/p>\n\n\n\n<p>Stephanie a \u00eenceput s\u0103 tremure.<\/p>\n\n\n\n<p>\u2014 Ai \u0219tiut? m-a \u00eentrebat. Tot timpul ai \u0219tiut?<\/p>\n\n\n\n<p>\u2014 Nu, am spus. Dar mi-ai dat o lec\u021bie. M-ai \u00eenv\u0103\u021bat ce \u00eenseamn\u0103 s\u0103 pierzi totul\u2026 ca s\u0103 pot recunoa\u0219te ceva adev\u0103rat c\u00e2nd apare.<\/p>\n\n\n\n<p>M-am \u00eentors cu spatele la ei. Nu mai aveam nimic de demonstrat. Mama mea ar fi fost m\u00e2ndr\u0103. Nu pentru c\u0103 le-am r\u0103spuns. Ci pentru c\u0103 am crescut. Am iertat. M-am vindecat.<\/p>\n\n\n\n<p>Mai t\u00e2rziu, la pomenire, oamenii au vorbit mai mult despre curaj dec\u00e2t despre tragedie. Despre cum o femeie tr\u0103dat\u0103 a ren\u0103scut, \u0219i-a cl\u0103dit o via\u021b\u0103 cu m\u00e2inile goale \u0219i \u0219i-a p\u0103strat demnitatea p\u00e2n\u0103 la cap\u0103t.<\/p>\n\n\n\n<p>Stephanie \u0219i Nathan au plecat devreme. N-au mai avut ce spectacol s\u0103 joace.<\/p>\n\n\n\n<p>Iar eu? Eu am stat p\u00e2n\u0103 la final, \u021bin\u00e2nd m\u00e2na omului care n-a fugit c\u00e2nd a fost greu, care a stat l\u00e2ng\u0103 mine \u00een lini\u0219te, c\u00e2nd lumea mea se f\u0103cea praf.<\/p>\n\n\n\n<p>Pentru c\u0103 uneori, cel mai dulce final e acela \u00een care nu-\u021bi mai pas\u0103 cine \u021bi-a gre\u0219it. Ci doar cine a r\u0103mas<\/p>\n\n\n\n<p><em>Aceast\u0103 lucrare este inspirat\u0103 din evenimente \u0219i persoane reale, \u00eens\u0103 a fost fic\u021bionalizat\u0103 \u00een scopuri creative. Numele, personajele \u0219i detaliile au fost schimbate pentru a proteja intimitatea \u0219i pentru a \u00eembun\u0103t\u0103\u021bi nara\u021biunea. Orice asem\u0103nare cu persoane reale, \u00een via\u021b\u0103 sau decedate, sau cu evenimente reale este pur \u00eent\u00e2mpl\u0103toare \u0219i nu este inten\u021bionat\u0103 de c\u0103tre autor.<\/em><\/p>\n\n\n\n<p><em>Autorul \u0219i editorul nu \u00ee\u0219i asum\u0103 responsabilitatea pentru exactitatea evenimentelor sau pentru modul \u00een care sunt portretizate personajele \u0219i nu sunt r\u0103spunz\u0103tori pentru eventuale interpret\u0103ri gre\u0219ite. Aceast\u0103 poveste este oferit\u0103 \u201eca atare\u201d, iar orice opinii exprimate apar\u021bin personajelor \u0219i nu reflect\u0103 punctele de vedere ale autorului sau ale editorului.<\/em><\/p>\n","protected":false},"excerpt":{"rendered":"<p>Zachary nu a spus nimic pe moment. A \u00eenclinat u\u0219or capul, privindu-l pe Nathan cu o expresie calm\u0103, dar t\u0103ioas\u0103 \u2014 ca un cu\u021bit bine<\/p>\n","protected":false},"author":1,"featured_media":40939,"comment_status":"closed","ping_status":"closed","sticky":false,"template":"","format":"standard","meta":[],"categories":[1],"tags":[],"_links":{"self":[{"href":"https:\/\/calatorinromania.com\/index.php?rest_route=\/wp\/v2\/posts\/41137"}],"collection":[{"href":"https:\/\/calatorinromania.com\/index.php?rest_route=\/wp\/v2\/posts"}],"about":[{"href":"https:\/\/calatorinromania.com\/index.php?rest_route=\/wp\/v2\/types\/post"}],"author":[{"embeddable":true,"href":"https:\/\/calatorinromania.com\/index.php?rest_route=\/wp\/v2\/users\/1"}],"replies":[{"embeddable":true,"href":"https:\/\/calatorinromania.com\/index.php?rest_route=%2Fwp%2Fv2%2Fcomments&post=41137"}],"version-history":[{"count":1,"href":"https:\/\/calatorinromania.com\/index.php?rest_route=\/wp\/v2\/posts\/41137\/revisions"}],"predecessor-version":[{"id":41138,"href":"https:\/\/calatorinromania.com\/index.php?rest_route=\/wp\/v2\/posts\/41137\/revisions\/41138"}],"wp:featuredmedia":[{"embeddable":true,"href":"https:\/\/calatorinromania.com\/index.php?rest_route=\/wp\/v2\/media\/40939"}],"wp:attachment":[{"href":"https:\/\/calatorinromania.com\/index.php?rest_route=%2Fwp%2Fv2%2Fmedia&parent=41137"}],"wp:term":[{"taxonomy":"category","embeddable":true,"href":"https:\/\/calatorinromania.com\/index.php?rest_route=%2Fwp%2Fv2%2Fcategories&post=41137"},{"taxonomy":"post_tag","embeddable":true,"href":"https:\/\/calatorinromania.com\/index.php?rest_route=%2Fwp%2Fv2%2Ftags&post=41137"}],"curies":[{"name":"wp","href":"https:\/\/api.w.org\/{rel}","templated":true}]}}