{"id":41135,"date":"2025-08-08T06:52:21","date_gmt":"2025-08-08T06:52:21","guid":{"rendered":"https:\/\/calatorinromania.com\/?p=41135"},"modified":"2025-08-08T06:52:41","modified_gmt":"2025-08-08T06:52:41","slug":"promit-ca-voi-plati-cand-o-sa-fiu-mare","status":"publish","type":"post","link":"https:\/\/calatorinromania.com\/?p=41135","title":{"rendered":"PROMIT C\u0102 VOI PL\u0102TI C\u00c2ND O S\u0102 FIU MARE"},"content":{"rendered":"\n<p>\u2026\u0219i a z\u00e2mbit bl\u00e2nd, ca un tat\u0103 care \u00ee\u0219i reg\u0103se\u0219te copilul pierdut.<\/p>\n\n\n\n<p><\/p>\n\n\n\n<p>Au ie\u0219it din magazin \u00een lini\u0219te, cu v\u00e2ntul rece de toamn\u0103 m\u00e2ng\u00e2indu-le obrajii. Kayla \u00ee\u0219i \u021binea fratele str\u00e2ns la piept, cu ochii \u00een continuare mari, ne\u00eencrez\u0103tori. Nu era prima oar\u0103 c\u00e2nd adul\u021bii promiteau \u0219i disp\u0103reau.<\/p>\n\n\n\n<p><\/p>\n\n\n\n<p>Dar Daniel Mercer nu a plecat. A deschis portiera unei ma\u0219ini elegante \u0219i i-a invitat \u00een\u0103untru. Kayla a ezitat.<\/p>\n\n\n\n<p><\/p>\n\n\n\n<p>\u201eNu trebuie s\u0103 te temi. Doar urc\u0103. \u00ce\u021bi promit c\u0103 nu voi l\u0103sa pe nimeni s\u0103 v\u0103 despart\u0103,\u201d a spus el cu voce cald\u0103, dar ferm\u0103.<\/p>\n\n\n\n<p><\/p>\n\n\n\n<p>\u00cen ma\u0219in\u0103 era cald, mirosea a piele curat\u0103 \u0219i lemn lustruit. Kayla a privit pe geam f\u0103r\u0103 s\u0103 scoat\u0103 un cuv\u00e2nt. Ben sfor\u0103ia u\u0219or pe um\u0103rul ei.<\/p>\n\n\n\n<p><\/p>\n\n\n\n<p>Au ajuns la un conac uria\u0219, cum v\u0103zuse doar \u00een filme. \u00cen fa\u021ba por\u021bii, Daniel a tastat un cod, iar poarta s-a deschis lent, ca \u00een pove\u0219ti.<\/p>\n\n\n\n<p><\/p>\n\n\n\n<p>\u00cen\u0103untru, o doamn\u0103 \u00een v\u00e2rst\u0103, cu p\u0103rul prins \u00eentr-un coc simplu, i-a \u00eent\u00e2mpinat cu o \u00eembr\u0103\u021bi\u0219are cald\u0103.<\/p>\n\n\n\n<p>\u201eAce\u0219tia sunt copiii?\u201d a \u00eentrebat ea. \u201eBine a\u021bi venit, dragii mei. Eu sunt Maria. Am crescut \u0219i eu orfan\u0103, dar Dumnezeu mi-a dat o nou\u0103 familie. \u0218i vou\u0103 v\u0103 va da.\u201d<\/p>\n\n\n\n<p>\u00cen acea sear\u0103, Kayla \u0219i Ben au avut parte pentru prima dat\u0103 de un pat adev\u0103rat, pijamale moi \u0219i o cin\u0103 cald\u0103 cu sup\u0103 de pui \u0219i pl\u0103cint\u0103 cu mere. Daniel a r\u0103mas cu ei p\u00e2n\u0103 au adormit.<\/p>\n\n\n\n<ul>\n<li><\/li>\n<\/ul>\n\n\n\n<p>Timpul a trecut. Daniel nu a vrut s\u0103-i trimit\u0103 la orfelinat. A vorbit cu avoca\u021bi, a f\u0103cut documente, i-a luat \u00een plasament, apoi i-a adoptat legal.<\/p>\n\n\n\n<p>Kayla a mers la \u0219coal\u0103. La \u00eenceput cu team\u0103, apoi cu \u00eencredere. Era istea\u021b\u0103, \u00eenv\u0103\u021ba repede \u0219i citea cu pasiune. \u00cen fiecare an, de ziua ei, Daniel o \u00eentreba:<\/p>\n\n\n\n<p>\u201eCe \u00ee\u021bi dore\u0219ti, Kayla?\u201d<\/p>\n\n\n\n<p>Iar ea r\u0103spundea acela\u0219i lucru: \u201eS\u0103 pot da \u00eenapoi.\u201d<\/p>\n\n\n\n<p>Anii au trecut \u0219i visul i s-a \u00eemplinit. A intrat la Medicin\u0103, apoi s-a \u00eentors \u00een Willowbrook, locul unde via\u021ba ei s-a schimbat. Nu ca s\u0103 plece, ci ca s\u0103 construiasc\u0103.<\/p>\n\n\n\n<p>Pe locul magazinului pr\u0103fuit a deschis o clinic\u0103 pentru copii abandona\u021bi. A numit-o \u201e\u0218ansa Kaylei\u201d.<\/p>\n\n\n\n<p>Iar pe placa de la intrare scria cu litere mari:<\/p>\n\n\n\n<p><strong>\u201eNu trebuie s\u0103 pl\u0103te\u0219ti c\u00e2nd e\u0219ti mic. Trebuie doar s\u0103 promi\u021bi c\u0103, atunci c\u00e2nd vei putea, vei da \u00eenapoi.\u201d<\/strong><\/p>\n\n\n\n<p>Daniel a fost acolo la inaugurare. Avea p\u0103rul alb, dar ochii \u00eei sclipeau la fel ca \u00een ziua \u00een care o \u00eent\u00e2lnise.<\/p>\n\n\n\n<p>\u201e\u021ai-ai \u021binut promisiunea,\u201d i-a spus el, cu vocea tremur\u00e2nd.<\/p>\n\n\n\n<p>\u201ePentru c\u0103 tu ai fost primul care a crezut \u00een ea,\u201d i-a r\u0103spuns Kayla.<\/p>\n\n\n\n<p>\u0218i to\u021bi cei prezen\u021bi au aplaudat, cu lacrimi \u00een ochi, \u0219tiind c\u0103 uneori\u2026 o simpl\u0103 cutie cu lapte poate schimba un destin.<\/p>\n\n\n\n<p><em>Aceast\u0103 lucrare este inspirat\u0103 din evenimente \u0219i persoane reale, \u00eens\u0103 a fost fic\u021bionalizat\u0103 \u00een scopuri creative. Numele, personajele \u0219i detaliile au fost schimbate pentru a proteja intimitatea \u0219i pentru a \u00eembun\u0103t\u0103\u021bi nara\u021biunea. Orice asem\u0103nare cu persoane reale, \u00een via\u021b\u0103 sau decedate, sau cu evenimente reale este pur \u00eent\u00e2mpl\u0103toare \u0219i nu este inten\u021bionat\u0103 de c\u0103tre autor.<\/em><\/p>\n\n\n\n<p><em>Autorul \u0219i editorul nu \u00ee\u0219i asum\u0103 responsabilitatea pentru exactitatea evenimentelor sau pentru modul \u00een care sunt portretizate personajele \u0219i nu sunt r\u0103spunz\u0103tori pentru eventuale interpret\u0103ri gre\u0219ite. Aceast\u0103 poveste este oferit\u0103 \u201eca atare\u201d, iar orice opinii exprimate apar\u021bin personajelor \u0219i nu reflect\u0103 punctele de vedere ale autorului sau ale editorului.<\/em><\/p>\n\n\n\n<p><a href=\"https:\/\/www.pinterest.com\/pin\/create\/button\/?url=https%3A%2F%2Fbumzi.ro%2F%3Fp%3D3302&amp;description=PROMIT+C%C4%82+VOI+PL%C4%82TI+C%C3%82ND+O+S%C4%82+FIU+MARE\" target=\"_blank\" rel=\"noreferrer noopener\"><\/a><\/p>\n\n\n\n<p><a href=\"https:\/\/www.facebook.com\/sharer\/sharer.php?u=https%3A%2F%2Fbumzi.ro%2F%3Fp%3D3302\" target=\"_blank\" rel=\"noreferrer noopener\"><\/a><\/p>\n\n\n\n<p><a href=\"https:\/\/twitter.com\/intent\/tweet?url=https%3A%2F%2Fbumzi.ro%2F%3Fp%3D3302&amp;text=PROMIT+C%C4%82+VOI+PL%C4%82TI+C%C3%82ND+O+S%C4%82+FIU+MARE\" target=\"_blank\" rel=\"noreferrer noopener\"><\/a><a href=\"https:\/\/bumzi.ro\/?p=3300\"><\/a><\/p>\n","protected":false},"excerpt":{"rendered":"<p>\u2026\u0219i a z\u00e2mbit bl\u00e2nd, ca un tat\u0103 care \u00ee\u0219i reg\u0103se\u0219te copilul pierdut. Au ie\u0219it din magazin \u00een lini\u0219te, cu v\u00e2ntul rece de toamn\u0103 m\u00e2ng\u00e2indu-le obrajii.<\/p>\n","protected":false},"author":1,"featured_media":40932,"comment_status":"closed","ping_status":"closed","sticky":false,"template":"","format":"standard","meta":[],"categories":[1],"tags":[],"_links":{"self":[{"href":"https:\/\/calatorinromania.com\/index.php?rest_route=\/wp\/v2\/posts\/41135"}],"collection":[{"href":"https:\/\/calatorinromania.com\/index.php?rest_route=\/wp\/v2\/posts"}],"about":[{"href":"https:\/\/calatorinromania.com\/index.php?rest_route=\/wp\/v2\/types\/post"}],"author":[{"embeddable":true,"href":"https:\/\/calatorinromania.com\/index.php?rest_route=\/wp\/v2\/users\/1"}],"replies":[{"embeddable":true,"href":"https:\/\/calatorinromania.com\/index.php?rest_route=%2Fwp%2Fv2%2Fcomments&post=41135"}],"version-history":[{"count":1,"href":"https:\/\/calatorinromania.com\/index.php?rest_route=\/wp\/v2\/posts\/41135\/revisions"}],"predecessor-version":[{"id":41136,"href":"https:\/\/calatorinromania.com\/index.php?rest_route=\/wp\/v2\/posts\/41135\/revisions\/41136"}],"wp:featuredmedia":[{"embeddable":true,"href":"https:\/\/calatorinromania.com\/index.php?rest_route=\/wp\/v2\/media\/40932"}],"wp:attachment":[{"href":"https:\/\/calatorinromania.com\/index.php?rest_route=%2Fwp%2Fv2%2Fmedia&parent=41135"}],"wp:term":[{"taxonomy":"category","embeddable":true,"href":"https:\/\/calatorinromania.com\/index.php?rest_route=%2Fwp%2Fv2%2Fcategories&post=41135"},{"taxonomy":"post_tag","embeddable":true,"href":"https:\/\/calatorinromania.com\/index.php?rest_route=%2Fwp%2Fv2%2Ftags&post=41135"}],"curies":[{"name":"wp","href":"https:\/\/api.w.org\/{rel}","templated":true}]}}