{"id":41124,"date":"2025-08-08T06:33:48","date_gmt":"2025-08-08T06:33:48","guid":{"rendered":"https:\/\/calatorinromania.com\/?p=41124"},"modified":"2025-08-15T07:12:24","modified_gmt":"2025-08-15T07:12:24","slug":"%f0%9f%ab%90-cum-sa-conservezi-afinele-proaspete-pentru-luni-intregi-fara-congelare-sau-conservanti","status":"publish","type":"post","link":"https:\/\/calatorinromania.com\/?p=41124","title":{"rendered":"\ud83e\uded0 Cum s\u0103 conservezi afinele proaspete pentru <strong>luni \u00eentregi<\/strong>, f\u0103r\u0103 congelare sau conservan\u021bi!"},"content":{"rendered":"\n<p>Afinele sunt printre cele mai s\u0103n\u0103toase fructe, pline de\u00a0<strong>antioxidan\u021bi, vitamine \u0219i gust natural<\/strong>. Dar cum le po\u021bi p\u0103stra proaspete\u00a0<strong>dup\u0103 ce sezonul s-a \u00eencheiat?<\/strong><\/p>\n\n\n\n<p><\/p>\n\n\n\n<p>\u00a0F\u0103r\u0103 congelator<\/p>\n\n\n\n<p><br>\u00a0F\u0103r\u0103 zah\u0103r<\/p>\n\n\n\n<p><br>\u00a0F\u0103r\u0103 conservan\u021bi<\/p>\n\n\n\n<p><br>\u00a0Doar ap\u0103 \u0219i suc de l\u0103m\u00e2ie<\/p>\n\n\n\n<p><\/p>\n\n\n\n<p>O metod\u0103 simpl\u0103, natural\u0103 \u0219i eficient\u0103 pentru a le conserva \u00een\u00a0<strong>borcane<\/strong>, astfel \u00eenc\u00e2t s\u0103 te bucuri de ele tot anul!\u00a0<\/p>\n\n\n\n<p><\/p>\n\n\n\n<h3>\u00a0De ce s\u0103 alegi conservarea \u00een borcane?<\/h3>\n\n\n\n<p><\/p>\n\n\n\n<p>\u00a0Nu ocup\u0103 loc \u00een congelator<br>\u00a0Textur\u0103 \u0219i gust\u00a0<strong>aproape ca proasp\u0103t<\/strong><br>\u00a0Se p\u0103streaz\u0103\u00a0<strong>luni \u00eentregi<\/strong><br>\u00a0Ideal de transportat sau oferit cadou<br>\u00a0F\u0103r\u0103 zah\u0103r, aditivi sau chimicale<\/p>\n\n\n\n<p><\/p>\n\n\n\n<h3>\u00a0Ai nevoie de:<\/h3>\n\n\n\n<p><\/p>\n\n\n\n<h4>Ingrediente:<\/h4>\n\n\n\n<ul>\n<li>Afine&nbsp;<strong>proaspete \u0219i coapte<\/strong><\/li>\n\n\n\n<li><strong>Suc de l\u0103m\u00e2ie<\/strong>&nbsp;(proasp\u0103t sau \u00eembuteliat)<\/li>\n\n\n\n<li><strong>Ap\u0103 filtrat\u0103<\/strong><\/li>\n<\/ul>\n\n\n\n<p><\/p>\n\n\n\n<h4>Ustensile:<\/h4>\n\n\n\n<ul>\n<li>Borcane de sticl\u0103 curate (750 ml \u2013 ideal)<\/li>\n\n\n\n<li>Capace noi, bine etan\u0219e<\/li>\n\n\n\n<li>Oal\u0103 ad\u00e2nc\u0103<\/li>\n\n\n\n<li>Prosop curat<\/li>\n\n\n\n<li>Aragaz<\/li>\n<\/ul>\n\n\n\n<p><\/p>\n\n\n\n<h3>&nbsp;Ghid pas cu pas:<\/h3>\n\n\n\n<ol>\n<li>&nbsp;<strong>Spal\u0103 afinele bine<\/strong><br>\u2013 Cl\u0103te\u0219te-le sub jet de ap\u0103 rece<br>\u2013 Scurge-le \u0219i tamponeaz\u0103-le u\u0219or cu un prosop<\/li>\n\n\n\n<li>&nbsp;<strong>Sterilizeaz\u0103 borcanele \u0219i capacele<\/strong><br>\u2013 Fierbe-le 10 minute sau spal\u0103-le \u00een ma\u0219ina de vase (program fierbinte)<br>\u2013 Las\u0103-le s\u0103 se usuce complet<\/li>\n\n\n\n<li>&nbsp;<strong>Umple borcanele cu afine<\/strong><br>\u2013 F\u0103r\u0103 s\u0103 le zdrobe\u0219ti<br>\u2013 Las\u0103 2\u20133 cm spa\u021biu p\u00e2n\u0103 la buza borcanului<\/li>\n\n\n\n<li>&nbsp;<strong>Adaug\u0103 suc de l\u0103m\u00e2ie<\/strong><br>\u2013 1 lingur\u0103\/borcan de 750 ml<br>\u2013 Ajut\u0103 la conservare \u0219i previne bacteriile<\/li>\n\n\n\n<li>&nbsp;<strong>Toarn\u0103 ap\u0103 filtrat\u0103<\/strong><br>\u2013 P\u00e2n\u0103 acoperi complet afinele<br>\u2013 Las\u0103 1 cm spa\u021biu liber sus<\/li>\n\n\n\n<li>&nbsp;<strong>Cur\u0103\u021b\u0103 marginile \u0219i \u00eenchide capacele<\/strong><br>\u2013 \u0218terge borcanele \u0219i sigileaz\u0103-le bine<\/li>\n\n\n\n<li>&nbsp;<strong>Preg\u0103te\u0219te pasteurizarea<\/strong><br>\u2013 Pune un prosop curat pe fundul unei oale ad\u00e2nci<br>\u2013 A\u0219az\u0103 borcanele vertical \u0219i adaug\u0103 ap\u0103 cald\u0103 (p\u00e2n\u0103 aproape de capac)<\/li>\n\n\n\n<li>&nbsp;<strong>Pasteurizeaz\u0103 timp de 30 min<\/strong><br>\u2013 Fierbe u\u0219or, nu clocot puternic<br>\u2013 Elimin\u0103 bacteriile, dar p\u0103streaz\u0103 gustul<\/li>\n\n\n\n<li>&nbsp;<strong>R\u0103ce\u0219te borcanele \u00een ap\u0103<\/strong><br>\u2013 Las\u0103-le s\u0103 se r\u0103ceasc\u0103 treptat \u00een oal\u0103<br>\u2013 Asta previne cr\u0103parea \u0219i asigur\u0103 vidarea<\/li>\n\n\n\n<li>&nbsp;<strong>Depoziteaz\u0103 corect<\/strong><br>\u2013 \u0218terge-le, eticheteaz\u0103-le cu data<br>\u2013 \u021aine-le \u00eentr-un loc uscat, r\u0103coros \u0219i \u00eentunecat<\/li>\n<\/ol>\n\n\n\n<h3>&nbsp;Sfaturi utile:<\/h3>\n\n\n\n<ul>\n<li>Folose\u0219te&nbsp;<strong>doar afine ferme, f\u0103r\u0103 urme de mucegai<\/strong><\/li>\n\n\n\n<li>Dup\u0103 deschidere, p\u0103streaz\u0103 borcanul \u00een frigider<\/li>\n\n\n\n<li>Consum\u0103 \u00een&nbsp;<strong>maximum 7 zile<\/strong><\/li>\n\n\n\n<li>Eticheteaz\u0103 borcanele cu data de preparare<\/li>\n<\/ul>\n\n\n\n<h3>&nbsp;Cum po\u021bi folosi afinele conservate:<\/h3>\n\n\n\n<p>\u2013 \u00cen iaurt, terci sau smoothie<br>\u2013 Ca topping pentru cl\u0103tite, vafe sau \u00eenghe\u021bat\u0103<br>\u2013 \u00cen pr\u0103jituri, brio\u0219e, checuri<br>\u2013 Sau direct din borcan, ca gustare!&nbsp;<\/p>\n\n\n\n<p>&nbsp;Textura \u0219i aroma r\u0103m\u00e2n&nbsp;<strong>aproape neschimbate<\/strong>&nbsp;\u2013 perfecte pentru deserturi sau mic dejunuri s\u0103n\u0103toase!<\/p>\n\n\n\n<h3>&nbsp;Concluzie:<\/h3>\n\n\n\n<p>Aceast\u0103 metod\u0103&nbsp;<strong>f\u0103r\u0103 zah\u0103r, f\u0103r\u0103 congelare \u0219i f\u0103r\u0103 conservan\u021bi<\/strong>&nbsp;este ideal\u0103 dac\u0103 vrei s\u0103 m\u0103n\u00e2nci s\u0103n\u0103tos tot anul.<br>O solu\u021bie economic\u0103, ecologic\u0103 \u0219i&nbsp;<strong>super gustoas\u0103!<\/strong><\/p>\n\n\n\n<h3>&nbsp;Aten\u021bie:<\/h3>\n\n\n\n<p>Dac\u0103 dup\u0103 depozitare observi:<br>\u2013 Capace umflate sau desf\u0103cute<br>\u2013 Miros nepl\u0103cut<br>\u2013 Lichid tulbure sau cu bule<\/p>\n\n\n\n<p>&nbsp;NU consuma con\u021binutul! Siguran\u021ba alimentar\u0103 este prioritar\u0103.<\/p>\n\n\n\n<p>&nbsp;<em>Distribuie aceast\u0103 metod\u0103 celor care iubesc afinele \u0219i m\u00e2ncarea natural\u0103! Dac\u0103 vrei \u0219i alte idei de conservare f\u0103r\u0103 zah\u0103r, scrie-mi \u00een comentarii!<\/em>&nbsp;<\/p>\n","protected":false},"excerpt":{"rendered":"<p>Afinele sunt printre cele mai s\u0103n\u0103toase fructe, pline de\u00a0antioxidan\u021bi, vitamine \u0219i gust natural. Dar cum le po\u021bi p\u0103stra proaspete\u00a0dup\u0103 ce sezonul s-a \u00eencheiat? \u00a0F\u0103r\u0103 congelator<\/p>\n","protected":false},"author":1,"featured_media":41125,"comment_status":"closed","ping_status":"closed","sticky":false,"template":"","format":"standard","meta":[],"categories":[1],"tags":[],"_links":{"self":[{"href":"https:\/\/calatorinromania.com\/index.php?rest_route=\/wp\/v2\/posts\/41124"}],"collection":[{"href":"https:\/\/calatorinromania.com\/index.php?rest_route=\/wp\/v2\/posts"}],"about":[{"href":"https:\/\/calatorinromania.com\/index.php?rest_route=\/wp\/v2\/types\/post"}],"author":[{"embeddable":true,"href":"https:\/\/calatorinromania.com\/index.php?rest_route=\/wp\/v2\/users\/1"}],"replies":[{"embeddable":true,"href":"https:\/\/calatorinromania.com\/index.php?rest_route=%2Fwp%2Fv2%2Fcomments&post=41124"}],"version-history":[{"count":2,"href":"https:\/\/calatorinromania.com\/index.php?rest_route=\/wp\/v2\/posts\/41124\/revisions"}],"predecessor-version":[{"id":41235,"href":"https:\/\/calatorinromania.com\/index.php?rest_route=\/wp\/v2\/posts\/41124\/revisions\/41235"}],"wp:featuredmedia":[{"embeddable":true,"href":"https:\/\/calatorinromania.com\/index.php?rest_route=\/wp\/v2\/media\/41125"}],"wp:attachment":[{"href":"https:\/\/calatorinromania.com\/index.php?rest_route=%2Fwp%2Fv2%2Fmedia&parent=41124"}],"wp:term":[{"taxonomy":"category","embeddable":true,"href":"https:\/\/calatorinromania.com\/index.php?rest_route=%2Fwp%2Fv2%2Fcategories&post=41124"},{"taxonomy":"post_tag","embeddable":true,"href":"https:\/\/calatorinromania.com\/index.php?rest_route=%2Fwp%2Fv2%2Ftags&post=41124"}],"curies":[{"name":"wp","href":"https:\/\/api.w.org\/{rel}","templated":true}]}}