{"id":41122,"date":"2025-08-07T09:08:37","date_gmt":"2025-08-07T09:08:37","guid":{"rendered":"https:\/\/calatorinromania.com\/?p=41122"},"modified":"2025-08-07T09:08:37","modified_gmt":"2025-08-07T09:08:37","slug":"langa-mine-in-avion-statea-un-barbat-care-nu-s-a-sfiit-sa-ma-jigneasca","status":"publish","type":"post","link":"https:\/\/calatorinromania.com\/?p=41122","title":{"rendered":"L\u00e2ng\u0103 mine, \u00een avion, st\u0103tea un b\u0103rbat care nu s-a sfiit s\u0103 m\u0103 jigneasc\u0103"},"content":{"rendered":"\n<p>Avionul a \u00eenceput u\u0219or cobor\u00e2rea. Se sim\u021bea dup\u0103 vibra\u021biile din podea \u0219i dup\u0103 vocea calm\u0103 a stewardesei care anun\u021ba preg\u0103tirea pentru aterizare. B\u0103rbatul de l\u00e2ng\u0103 mine, \u00eenc\u0103 nervos, \u00ee\u0219i \u00eenchise laptopul brusc \u0219i \u00ee\u0219i trase sacoul cu gesturi repezite.<\/p>\n\n\n\n<p><\/p>\n\n\n\n<p>Eu st\u0103team nemi\u0219cat\u0103, cu palmele str\u00e2nse \u00een poal\u0103, privind \u00een gol spre norii albi de dincolo de hublou. G\u00e2tul \u00eemi era \u00eencordat de at\u00e2ta t\u0103cere \u00eenghi\u021bit\u0103.<\/p>\n\n\n\n<p><\/p>\n\n\n\n<p>\u2014 \u00cen sf\u00e2r\u0219it se termin\u0103, \u2014 morm\u0103i el.<\/p>\n\n\n\n<p><\/p>\n\n\n\n<p>Nu m-am \u00eentors. Dar chiar atunci, o voce din spatele nostru s-a auzit tare \u0219i clar.<\/p>\n\n\n\n<p><\/p>\n\n\n\n<p>\u2014 V\u0103 rog s\u0103 r\u0103m\u00e2ne\u021bi pe loc p\u00e2n\u0103 ajungem la poart\u0103. O pasager\u0103 din fa\u021b\u0103 are nevoie de asisten\u021b\u0103 medical\u0103 imediat\u0103. Vom cere ajutor \u00een aeroport.<\/p>\n\n\n\n<p>Lini\u0219te. Un murmur u\u0219or. Apoi, acela\u0219i \u00eenso\u021bitor de bord s-a apropiat \u00een grab\u0103. M-a privit direct:<\/p>\n\n\n\n<p>\u2014 Sunte\u021bi doamna Andrei? Doamna doctor Andrei?<\/p>\n\n\n\n<p>M-am ridicat imediat.<\/p>\n\n\n\n<p>\u2014 Da. Ce s-a \u00eent\u00e2mplat?<\/p>\n\n\n\n<p>\u2014 O doamn\u0103 \u00een v\u00e2rst\u0103 din r\u00e2ndul 2 are dureri puternice \u00een piept. Am sunat la sol, dar p\u00e2n\u0103 vine echipa de urgen\u021b\u0103, ne-ar prinde bine ajutorul dumneavoastr\u0103.<\/p>\n\n\n\n<p>\u2014 Desigur, \u2014 am r\u0103spuns, cu voce clar\u0103.<\/p>\n\n\n\n<p>To\u021bi ochii erau acum pe mine, inclusiv ai b\u0103rbatului care p\u00e2n\u0103 atunci m\u0103 batjocorise f\u0103r\u0103 ru\u0219ine. L-am sim\u021bit cum s-a \u00eencordat, cum a \u00eentors capul \u00eencet spre mine, uluit.<\/p>\n\n\n\n<p>Am trecut pe l\u00e2ng\u0103 el f\u0103r\u0103 s\u0103-l privesc, cu servieta mea medical\u0103 sub bra\u021b. C\u00e2nd am ajuns \u00een fa\u021b\u0103, am v\u0103zut o b\u0103tr\u00e2nic\u0103 palid\u0103, \u021bin\u00e2ndu-se cu m\u00e2na de piept. Respira greu. I-am luat tensiunea, am verificat pulsul, am cerut ap\u0103 \u0219i am \u021binut-o de m\u00e2n\u0103 p\u00e2n\u0103 c\u00e2nd echipa de paramedici a urcat la bord \u0219i a preluat-o.<\/p>\n\n\n\n<p>C\u00e2nd m-am \u00eentors la locul meu, b\u0103rbatul nu mai p\u0103rea acela\u0219i. Se uita \u00een jos, ru\u0219inat, juc\u00e2ndu-se cu marginea sacoului. C\u00e2nd am trecut pe l\u00e2ng\u0103 el s\u0103-mi iau geanta, s-a ridicat brusc.<\/p>\n\n\n\n<p>\u2014 \u00cemi pare r\u0103u\u2026 sincer. N-am \u0219tiut\u2026<\/p>\n\n\n\n<p>L-am privit \u00een ochi pentru prima dat\u0103. Avea o privire tulbure, aproape copil\u0103reasc\u0103.<\/p>\n\n\n\n<p>\u2014 Nu e prima dat\u0103 c\u00e2nd cineva nu \u0219tie, \u2014 i-am spus. \u2014 Dar e prima dat\u0103 c\u00e2nd cineva recunoa\u0219te.<\/p>\n\n\n\n<p>Am ie\u0219it printre primii. M\u0103 a\u0219tepta un coleg cu ma\u0219ina. Nu m-am uitat \u00eenapoi, dar am sim\u021bit cum privirea lui m\u0103 urm\u0103re\u0219te.<\/p>\n\n\n\n<p>\u00cen fa\u021ba aeroportului, \u00eenainte s\u0103 m\u0103 urc \u00een ma\u0219in\u0103, am privit cerul de toamn\u0103. Am inspirat ad\u00e2nc. Nu din m\u00e2ndrie. Dintr-o lini\u0219te pe care doar demnitatea o poate aduce.<\/p>\n\n\n\n<p>Pentru c\u0103 \u00een via\u021b\u0103, greutatea adev\u0103rat\u0103 nu se m\u0103soar\u0103 \u00een kilograme. Ci \u00een bun\u0103tate. \u00cen t\u0103cerea \u00een care nu r\u0103spunzi cu ur\u0103. \u00cen m\u00e2na \u00eentins\u0103, chiar \u0219i c\u0103tre cei care te-au r\u0103nit.<\/p>\n\n\n\n<p>\u0218i \u00een acel moment, \u0219tiam c\u0103 orice ar spune lumea, locul meu nu e doar la geam. E oriunde pot face bine.<\/p>\n\n\n\n<p><em>Aceast\u0103 lucrare este inspirat\u0103 din evenimente \u0219i persoane reale, \u00eens\u0103 a fost fic\u021bionalizat\u0103 \u00een scopuri creative. Numele, personajele \u0219i detaliile au fost schimbate pentru a proteja intimitatea \u0219i pentru a \u00eembun\u0103t\u0103\u021bi nara\u021biunea. Orice asem\u0103nare cu persoane reale, \u00een via\u021b\u0103 sau decedate, sau cu evenimente reale este pur \u00eent\u00e2mpl\u0103toare \u0219i nu este inten\u021bionat\u0103 de c\u0103tre autor.<\/em><\/p>\n\n\n\n<p><em>Autorul \u0219i editorul nu \u00ee\u0219i asum\u0103 responsabilitatea pentru exactitatea evenimentelor sau pentru modul \u00een care sunt portretizate personajele \u0219i nu sunt r\u0103spunz\u0103tori pentru eventuale interpret\u0103ri gre\u0219ite. Aceast\u0103 poveste este oferit\u0103 \u201eca atare\u201d, iar orice opinii exprimate apar\u021bin personajelor \u0219i nu reflect\u0103 punctele de vedere ale autorului sau ale editorului.<\/em><\/p>\n","protected":false},"excerpt":{"rendered":"<p>Avionul a \u00eenceput u\u0219or cobor\u00e2rea. Se sim\u021bea dup\u0103 vibra\u021biile din podea \u0219i dup\u0103 vocea calm\u0103 a stewardesei care anun\u021ba preg\u0103tirea pentru aterizare. B\u0103rbatul de l\u00e2ng\u0103<\/p>\n","protected":false},"author":1,"featured_media":40939,"comment_status":"closed","ping_status":"closed","sticky":false,"template":"","format":"standard","meta":[],"categories":[1],"tags":[],"_links":{"self":[{"href":"https:\/\/calatorinromania.com\/index.php?rest_route=\/wp\/v2\/posts\/41122"}],"collection":[{"href":"https:\/\/calatorinromania.com\/index.php?rest_route=\/wp\/v2\/posts"}],"about":[{"href":"https:\/\/calatorinromania.com\/index.php?rest_route=\/wp\/v2\/types\/post"}],"author":[{"embeddable":true,"href":"https:\/\/calatorinromania.com\/index.php?rest_route=\/wp\/v2\/users\/1"}],"replies":[{"embeddable":true,"href":"https:\/\/calatorinromania.com\/index.php?rest_route=%2Fwp%2Fv2%2Fcomments&post=41122"}],"version-history":[{"count":1,"href":"https:\/\/calatorinromania.com\/index.php?rest_route=\/wp\/v2\/posts\/41122\/revisions"}],"predecessor-version":[{"id":41123,"href":"https:\/\/calatorinromania.com\/index.php?rest_route=\/wp\/v2\/posts\/41122\/revisions\/41123"}],"wp:featuredmedia":[{"embeddable":true,"href":"https:\/\/calatorinromania.com\/index.php?rest_route=\/wp\/v2\/media\/40939"}],"wp:attachment":[{"href":"https:\/\/calatorinromania.com\/index.php?rest_route=%2Fwp%2Fv2%2Fmedia&parent=41122"}],"wp:term":[{"taxonomy":"category","embeddable":true,"href":"https:\/\/calatorinromania.com\/index.php?rest_route=%2Fwp%2Fv2%2Fcategories&post=41122"},{"taxonomy":"post_tag","embeddable":true,"href":"https:\/\/calatorinromania.com\/index.php?rest_route=%2Fwp%2Fv2%2Ftags&post=41122"}],"curies":[{"name":"wp","href":"https:\/\/api.w.org\/{rel}","templated":true}]}}