{"id":41118,"date":"2025-08-07T09:04:41","date_gmt":"2025-08-07T09:04:41","guid":{"rendered":"https:\/\/calatorinromania.com\/?p=41118"},"modified":"2025-08-07T09:04:41","modified_gmt":"2025-08-07T09:04:41","slug":"nu-te-am-iubit-in-acesti-50-de-ani","status":"publish","type":"post","link":"https:\/\/calatorinromania.com\/?p=41118","title":{"rendered":"Nu te-am iubit \u00een ace\u0219ti 50 de ani"},"content":{"rendered":"\n<p>Dup\u0103 acel moment, totul s-a schimbat. Nu doar \u00een sal\u0103, ci \u00een inimile tuturor celor prezen\u021bi. Era ca \u0219i cum cineva deschisese o u\u0219\u0103 veche, grea, \u0219i l\u0103sase s\u0103 p\u0103trund\u0103 o lumin\u0103 cald\u0103, vindec\u0103toare.<\/p>\n\n\n\n<p><\/p>\n\n\n\n<p>Valentina s-a ridicat \u00eencet \u00een picioare. Nu mai era femeia elegant\u0103, perfect coafat\u0103, ci fata de demult, cu suflet curat, care credea \u00een poezie \u0219i \u00een oameni.<\/p>\n\n\n\n<p><\/p>\n\n\n\n<p>\u2014 Nici eu nu te-am iubit, Mihai, zise ea cu voce tremur\u00e2nd\u0103. Invita\u021bii se uitau nedumeri\u021bi, iar Mihai \u00eenghe\u021base, ne\u00een\u021beleg\u00e2nd.<\/p>\n\n\n\n<p><\/p>\n\n\n\n<p>Valentina \u00eens\u0103 continu\u0103, calm:<\/p>\n\n\n\n<p><\/p>\n\n\n\n<p>\u2014 N-am iubit omul care m-a certat c\u00e2nd am ars prima dat\u0103 m\u00e2ncarea. N-am iubit t\u0103cerea ta din zilele \u00een care m\u0103 sim\u021beam singur\u0103 \u00een propria cas\u0103. N-am iubit b\u0103rbatul care n-a venit la serbarea de la gr\u0103dini\u021b\u0103 a fiului nostru pentru c\u0103 avea \u201elucruri mai importante\u201d.<\/p>\n\n\n\n<p><\/p>\n\n\n\n<p>To\u021bi \u00eencremeniser\u0103.<\/p>\n\n\n\n<p><\/p>\n\n\n\n<p>\u2014 Dar am iubit pe cel care mi-a f\u0103cut ceai c\u00e2nd aveam febr\u0103. Pe cel care mi-a cusut nasturele la palton f\u0103r\u0103 s\u0103-i cer. Pe cel care m-a \u021binut de m\u00e2n\u0103 c\u00e2nd am pierdut primul copil. Pe cel care, de\u0219i n-a spus niciodat\u0103 \u201eTe iubesc\u201d \u00een cuvinte, mi-a ar\u0103tat-o \u00een fiecare zi prin fapte.<\/p>\n\n\n\n<p><\/p>\n\n\n\n<p>\u0218i, privind \u00een jur, a ad\u0103ugat:<\/p>\n\n\n\n<p>\u2014 Dac\u0103 dragostea adev\u0103rat\u0103 ar fi doar fluturi \u00een stomac \u0219i poezii, atunci to\u021bi am divor\u021ba la primul rid. Dar iubirea, dragii mei, e f\u0103cut\u0103 din lucruri m\u0103runte, uneori neobservate. Din p\u0103tura tras\u0103 peste umeri iarna. Din ciorba re\u00eenc\u0103lzit\u0103 cu grij\u0103. Din privirile schimbate \u00een t\u0103cere la un parastas, c\u00e2nd \u0219tii c\u0103 doar voi doi \u00een\u021belege\u021bi ce \u00eenseamn\u0103 acel moment.<\/p>\n\n\n\n<p>Un murmur de aprobare s-a auzit \u00een sal\u0103. O femeie \u00een v\u00e2rst\u0103 \u0219i-a prins b\u0103rbatul de m\u00e2n\u0103. Un t\u00e2n\u0103r \u0219i-a \u00eembr\u0103\u021bi\u0219at logodnica. Emo\u021bia se \u00eempr\u0103\u0219tia \u00een aer ca mirosul cozonacului abia scos din cuptor.<\/p>\n\n\n\n<p>Valentina \u0219i Mihai s-au \u00eembr\u0103\u021bi\u0219at. Nu era o \u00eembr\u0103\u021bi\u0219are pasional\u0103, ci una profund\u0103, a doi oameni care \u0219tiau c\u0103 au crescut \u00eempreun\u0103, au gre\u0219it \u00eempreun\u0103, dar mai ales\u2026 au iertat \u00eempreun\u0103.<\/p>\n\n\n\n<p>\u0218i poate de aceea chiar \u0219i osp\u0103tarii au pl\u00e2ns. Pentru c\u0103 \u00een acel salon, printre pahare goale \u0219i pove\u0219ti spuse cu glas tremurat, oamenii au \u00een\u021beles un adev\u0103r simplu: iubirea nu e mereu frumoas\u0103, dar e real\u0103. \u0218i c\u00e2nd e real\u0103, e de-ajuns.<\/p>\n\n\n\n<p>Aceea a fost o nunt\u0103 de aur pe care nimeni n-o va uita vreodat\u0103.<\/p>\n\n\n\n<p><em>Aceast\u0103 lucrare este inspirat\u0103 din evenimente \u0219i persoane reale, \u00eens\u0103 a fost fic\u021bionalizat\u0103 \u00een scopuri creative. Numele, personajele \u0219i detaliile au fost schimbate pentru a proteja intimitatea \u0219i pentru a \u00eembun\u0103t\u0103\u021bi nara\u021biunea. Orice asem\u0103nare cu persoane reale, \u00een via\u021b\u0103 sau decedate, sau cu evenimente reale este pur \u00eent\u00e2mpl\u0103toare \u0219i nu este inten\u021bionat\u0103 de c\u0103tre autor.<\/em><\/p>\n\n\n\n<p><em>Autorul \u0219i editorul nu \u00ee\u0219i asum\u0103 responsabilitatea pentru exactitatea evenimentelor sau pentru modul \u00een care sunt portretizate personajele \u0219i nu sunt r\u0103spunz\u0103tori pentru eventuale interpret\u0103ri gre\u0219ite. Aceast\u0103 poveste este oferit\u0103 \u201eca atare\u201d, iar orice opinii exprimate apar\u021bin personajelor \u0219i nu reflect\u0103 punctele de vedere ale autorului sau ale editorului.<\/em><\/p>\n","protected":false},"excerpt":{"rendered":"<p>Dup\u0103 acel moment, totul s-a schimbat. Nu doar \u00een sal\u0103, ci \u00een inimile tuturor celor prezen\u021bi. Era ca \u0219i cum cineva deschisese o u\u0219\u0103 veche,<\/p>\n","protected":false},"author":1,"featured_media":40939,"comment_status":"closed","ping_status":"closed","sticky":false,"template":"","format":"standard","meta":[],"categories":[1],"tags":[],"_links":{"self":[{"href":"https:\/\/calatorinromania.com\/index.php?rest_route=\/wp\/v2\/posts\/41118"}],"collection":[{"href":"https:\/\/calatorinromania.com\/index.php?rest_route=\/wp\/v2\/posts"}],"about":[{"href":"https:\/\/calatorinromania.com\/index.php?rest_route=\/wp\/v2\/types\/post"}],"author":[{"embeddable":true,"href":"https:\/\/calatorinromania.com\/index.php?rest_route=\/wp\/v2\/users\/1"}],"replies":[{"embeddable":true,"href":"https:\/\/calatorinromania.com\/index.php?rest_route=%2Fwp%2Fv2%2Fcomments&post=41118"}],"version-history":[{"count":1,"href":"https:\/\/calatorinromania.com\/index.php?rest_route=\/wp\/v2\/posts\/41118\/revisions"}],"predecessor-version":[{"id":41119,"href":"https:\/\/calatorinromania.com\/index.php?rest_route=\/wp\/v2\/posts\/41118\/revisions\/41119"}],"wp:featuredmedia":[{"embeddable":true,"href":"https:\/\/calatorinromania.com\/index.php?rest_route=\/wp\/v2\/media\/40939"}],"wp:attachment":[{"href":"https:\/\/calatorinromania.com\/index.php?rest_route=%2Fwp%2Fv2%2Fmedia&parent=41118"}],"wp:term":[{"taxonomy":"category","embeddable":true,"href":"https:\/\/calatorinromania.com\/index.php?rest_route=%2Fwp%2Fv2%2Fcategories&post=41118"},{"taxonomy":"post_tag","embeddable":true,"href":"https:\/\/calatorinromania.com\/index.php?rest_route=%2Fwp%2Fv2%2Ftags&post=41118"}],"curies":[{"name":"wp","href":"https:\/\/api.w.org\/{rel}","templated":true}]}}