{"id":41112,"date":"2025-08-07T08:57:46","date_gmt":"2025-08-07T08:57:46","guid":{"rendered":"https:\/\/calatorinromania.com\/?p=41112"},"modified":"2025-08-07T08:57:47","modified_gmt":"2025-08-07T08:57:47","slug":"am-gasit-o-fetita-mica-langa-calea-ferata","status":"publish","type":"post","link":"https:\/\/calatorinromania.com\/?p=41112","title":{"rendered":"Am g\u0103sit o feti\u021b\u0103 mic\u0103 l\u00e2ng\u0103 calea ferat\u0103"},"content":{"rendered":"\n<p>A doua zi, \u00eenainte s\u0103 r\u0103sar\u0103 bine soarele, am auzit ro\u021bile ma\u0219inii oprindu-se \u00een fa\u021ba por\u021bii. Am ie\u0219it \u00een prag, \u0219terg\u00e2ndu-mi m\u00e2inile pe \u0219or\u021b. Aliona cobora \u00eencet, capul plecat, iar \u00een urma ei\u2026 doi necunoscu\u021bi. O femeie cu un pardesiu bej \u0219i un b\u0103rbat grizonat, cu o serviet\u0103 \u00een m\u00e2n\u0103.<\/p>\n\n\n\n<p><\/p>\n\n\n\n<p>\u2014 Mam\u0103\u2026 ei\u2026 ei sunt p\u0103rin\u021bii mei biologici, \u2014 a spus Aliona, f\u0103r\u0103 s\u0103 ridice privirea.<\/p>\n\n\n\n<p><\/p>\n\n\n\n<p>Am sim\u021bit cum mi se taie picioarele. M-am sprijinit de tocul u\u0219ii.<\/p>\n\n\n\n<p><\/p>\n\n\n\n<p>\u2014 Ce\u2026 ce tot spui, fat\u0103? Tu e\u0219ti fata mea!<\/p>\n\n\n\n<p><\/p>\n\n\n\n<p>Femeia a p\u0103\u0219it timid \u00eenainte.<\/p>\n\n\n\n<p><\/p>\n\n\n\n<p>\u2014 Doamn\u0103 Zinaida, \u0219tiu c\u0103 e greu. Noi\u2026 am c\u0103utat-o 25 de ani. O credeam moart\u0103. A fost o tragedie\u2026 o gre\u0219eal\u0103\u2026 ni s-a spus c\u0103 trenul a lovit-o. Dar abia anul trecut am aflat c\u0103 nu era adev\u0103rat. Am angajat un detectiv. A\u0219a am ajuns la ea.<\/p>\n\n\n\n<p><\/p>\n\n\n\n<p>Aliona tremura. Lacrimile \u00eei curgeau \u00een t\u0103cere.<\/p>\n\n\n\n<p><\/p>\n\n\n\n<p>\u2014 N-am \u0219tiut nimic, mam\u0103. Nu vreau s\u0103 te r\u0103nesc.<\/p>\n\n\n\n<p>M-am apropiat de ea \u0219i i-am cuprins obrajii \u00eentre palme.<\/p>\n\n\n\n<p>\u2014 Tu e\u0219ti fata mea. Nu s\u00e2ngele te face copil, ci nop\u021bile nedormite, m\u00e2nu\u021bele care s-au ag\u0103\u021bat de g\u00e2tul meu, primele cuvinte, febra, visele \u0219i pove\u0219tile de sear\u0103. Eu sunt mama ta.<\/p>\n\n\n\n<p>\u2014 \u0218tiu, \u2014 a spus, \u0219i m-a \u00eembr\u0103\u021bi\u0219at str\u00e2ns. \u2014 Tu e\u0219ti \u0219i vei r\u0103m\u00e2ne mama mea.<\/p>\n\n\n\n<p>P\u0103rin\u021bii ei biologici ne-au privit cu respect. Nu au insistat. Au stat pu\u021bin, ne-au povestit via\u021ba lor, suferin\u021bele, \u00eentreb\u0103rile f\u0103r\u0103 r\u0103spuns. Ne-am privit, trei femei legate de acela\u0219i copil prin fire diferite.<\/p>\n\n\n\n<p>Dup\u0103 ce au plecat, Aliona a r\u0103mas t\u0103cut\u0103 toat\u0103 ziua. Seara, a venit \u00een buc\u0103t\u0103rie, unde preg\u0103team ceai.<\/p>\n\n\n\n<p>\u2014 Mam\u0103, nu-mi schimb numele. Nu plec nic\u0103ieri. Dar a\u0219 vrea s\u0103-i mai cunosc, dac\u0103 tu e\u0219ti de acord.<\/p>\n\n\n\n<p>Am dat din cap, cu un z\u00e2mbet trist.<\/p>\n\n\n\n<p>\u2014 Am crescut o fat\u0103 bun\u0103. O fat\u0103 care nu uit\u0103 ce \u00eenseamn\u0103 dragostea.<\/p>\n\n\n\n<p>A doua zi diminea\u021b\u0103, mi-a l\u0103sat pe mas\u0103 o fotografie cu noi dou\u0103, din ziua absolvirii. Pe spate, cu scrisul ei rotund, scria:<br><strong>\u201eNu m-ai g\u0103sit \u00eent\u00e2mpl\u0103tor. Dumnezeu \u0219tia c\u0103 am nevoie de tine.\u201d<\/strong><\/p>\n\n\n\n<p>\u0218i poate c\u0103 a\u0219a e. Dumnezeu a l\u0103sat un copil pe z\u0103pad\u0103, dar \u00een inima mea a pus pentru totdeauna c\u0103ldura unei mame adev\u0103rate.<\/p>\n\n\n\n<p><em>Aceast\u0103 lucrare este inspirat\u0103 din evenimente \u0219i persoane reale, \u00eens\u0103 a fost fic\u021bionalizat\u0103 \u00een scopuri creative. Numele, personajele \u0219i detaliile au fost schimbate pentru a proteja intimitatea \u0219i pentru a \u00eembun\u0103t\u0103\u021bi nara\u021biunea. Orice asem\u0103nare cu persoane reale, \u00een via\u021b\u0103 sau decedate, sau cu evenimente reale este pur \u00eent\u00e2mpl\u0103toare \u0219i nu este inten\u021bionat\u0103 de c\u0103tre autor.<\/em><\/p>\n\n\n\n<p><em>Autorul \u0219i editorul nu \u00ee\u0219i asum\u0103 responsabilitatea pentru exactitatea evenimentelor sau pentru modul \u00een care sunt portretizate personajele \u0219i nu sunt r\u0103spunz\u0103tori pentru eventuale interpret\u0103ri gre\u0219ite. Aceast\u0103 poveste este oferit\u0103 \u201eca atare\u201d, iar orice opinii exprimate apar\u021bin personajelor \u0219i nu reflect\u0103 punctele de vedere ale autorului sau ale editorului.<\/em><\/p>\n","protected":false},"excerpt":{"rendered":"<p>A doua zi, \u00eenainte s\u0103 r\u0103sar\u0103 bine soarele, am auzit ro\u021bile ma\u0219inii oprindu-se \u00een fa\u021ba por\u021bii. Am ie\u0219it \u00een prag, \u0219terg\u00e2ndu-mi m\u00e2inile pe \u0219or\u021b. Aliona<\/p>\n","protected":false},"author":1,"featured_media":40939,"comment_status":"closed","ping_status":"closed","sticky":false,"template":"","format":"standard","meta":[],"categories":[1],"tags":[],"_links":{"self":[{"href":"https:\/\/calatorinromania.com\/index.php?rest_route=\/wp\/v2\/posts\/41112"}],"collection":[{"href":"https:\/\/calatorinromania.com\/index.php?rest_route=\/wp\/v2\/posts"}],"about":[{"href":"https:\/\/calatorinromania.com\/index.php?rest_route=\/wp\/v2\/types\/post"}],"author":[{"embeddable":true,"href":"https:\/\/calatorinromania.com\/index.php?rest_route=\/wp\/v2\/users\/1"}],"replies":[{"embeddable":true,"href":"https:\/\/calatorinromania.com\/index.php?rest_route=%2Fwp%2Fv2%2Fcomments&post=41112"}],"version-history":[{"count":1,"href":"https:\/\/calatorinromania.com\/index.php?rest_route=\/wp\/v2\/posts\/41112\/revisions"}],"predecessor-version":[{"id":41113,"href":"https:\/\/calatorinromania.com\/index.php?rest_route=\/wp\/v2\/posts\/41112\/revisions\/41113"}],"wp:featuredmedia":[{"embeddable":true,"href":"https:\/\/calatorinromania.com\/index.php?rest_route=\/wp\/v2\/media\/40939"}],"wp:attachment":[{"href":"https:\/\/calatorinromania.com\/index.php?rest_route=%2Fwp%2Fv2%2Fmedia&parent=41112"}],"wp:term":[{"taxonomy":"category","embeddable":true,"href":"https:\/\/calatorinromania.com\/index.php?rest_route=%2Fwp%2Fv2%2Fcategories&post=41112"},{"taxonomy":"post_tag","embeddable":true,"href":"https:\/\/calatorinromania.com\/index.php?rest_route=%2Fwp%2Fv2%2Ftags&post=41112"}],"curies":[{"name":"wp","href":"https:\/\/api.w.org\/{rel}","templated":true}]}}