{"id":41108,"date":"2025-08-07T08:49:45","date_gmt":"2025-08-07T08:49:45","guid":{"rendered":"https:\/\/calatorinromania.com\/?p=41108"},"modified":"2025-08-07T08:49:45","modified_gmt":"2025-08-07T08:49:45","slug":"o-tanara-asistenta-ingrijea-un-pacient-dar-intr-o-zi-cand-a-dat-la-o-parte-patura-a-ramas-fara-cuvinte-continuarea","status":"publish","type":"post","link":"https:\/\/calatorinromania.com\/?p=41108","title":{"rendered":"\u201dO t\u00e2n\u0103r\u0103 asistent\u0103 \u00eengrijea un pacient, dar \u00eentr-o zi, c\u00e2nd a dat la o parte p\u0103tura, a r\u0103mas f\u0103r\u0103 cuvinte\u201d \u2013 continuarea"},"content":{"rendered":"\n<p><\/p>\n\n\n\n<p>O t\u00e2n\u0103r\u0103 asistent\u0103 \u00eengrijea un pacient aflat \u00een com\u0103, dar \u00eentr-o zi, c\u00e2nd a dat la o parte p\u0103tura, a r\u0103mas f\u0103r\u0103 cuvinte\u2026<\/p>\n\n\n\n<p><\/p>\n\n\n\n<p>Pe holurile lini\u0219tite \u0219i impecabile ale unei clinici private de cardiologie din Cluj-Napoca, asistenta debutant\u0103 Ana Munteanu era convins\u0103 c\u0103 nimic nu o mai putea surprinde.<\/p>\n\n\n\n<p><\/p>\n\n\n\n<p>De luni \u00eentregi, \u00ee\u0219i dedica \u00eentreaga grij\u0103 pacientului ei, Dorian C\u0103lin, un b\u0103rbat extrem de \u00eenst\u0103rit, aflat \u00een com\u0103 \u00een urma unui grav accident rutier. \u00cen fiecare zi, Ana \u00eel \u00eengrijea cu r\u0103bdare, \u00eei vorbea ca \u0219i cum ar fi fost treaz \u0219i spera c\u0103, \u00eentr-o bun\u0103 zi, \u00ee\u0219i va reveni.<\/p>\n\n\n\n<p><\/p>\n\n\n\n<p>Dar nimic nu ar fi putut s-o preg\u0103teasc\u0103 pentru ceea ce urma s\u0103 afle \u2014 un adev\u0103r at\u00e2t de nea\u0219teptat, \u00eenc\u00e2t i-a zdruncinat convingerile \u0219i a dat peste cap \u00eentreaga imagine despre b\u0103rbatul care z\u0103cea nemi\u0219cat \u00een patul din salonul 305.<\/p>\n\n\n\n<p><\/p>\n\n\n\n<p>Programul Anei era mereu acela\u0219i: verifica perfuzia, urm\u0103rea parametrii vitali, apoi se a\u0219eza l\u00e2ng\u0103 el \u0219i \u00eel sp\u0103la cu delicate\u021be. \u00ce\u0219i umplea t\u0103cerile vorbind cu el, spun\u00e2ndu-i ce mai f\u0103cea, ce s-a mai \u00eent\u00e2mplat prin spital, chiar \u0219i ce a visat \u00een noaptea trecut\u0103.<\/p>\n\n\n\n<p><\/p>\n\n\n\n<p>Nu a\u0219tepta niciun r\u0103spuns, dar era ceva ciudat la Dorian. C\u00e2teodat\u0103, degetele lui p\u0103reau c\u0103 se mi\u0219c\u0103 imperceptibil c\u00e2nd \u00eel atingea. Alteori, ritmul b\u0103t\u0103ilor inimii afi\u0219ate pe monitor p\u0103rea s\u0103 reac\u021bioneze la glasul ei. Era ca \u0219i cum\u2026 o auzea.<\/p>\n\n\n\n<p>\u00centr-o sear\u0103 lini\u0219tit\u0103 , Ana se preg\u0103tea s\u0103-i fac\u0103 toaleta obi\u0219nuit\u0103. A tras p\u0103tura cu grij\u0103, dar \u00een clipa urm\u0103toare a \u00eenlemnit. Privea fix, cu ochii m\u0103ri\u021bi de uimire\u2026<\/p>\n\n\n\n<p>Dorian a \u00eenceput s\u0103 mi\u0219te din degete\u2026<\/p>\n\n\n\n<p>Inima i-a \u00eenceput s\u0103 bat\u0103 cu putere. S-a uitat rapid la monitor: pulsul crescutese vizibil. Nu era halucina\u021bie.<\/p>\n\n\n\n<p>\u2014 Dorian? \u2013 a \u0219optit, cu voce tremur\u00e2nd\u0103.<\/p>\n\n\n\n<p>\u00cen acel moment, b\u0103rbatul a clipit. O singur\u0103 dat\u0103. Dar a fost suficient. Suficient c\u00e2t s\u0103 \u00een\u021beleag\u0103 c\u0103 minunea \u00eencepea.<\/p>\n\n\n\n<p>Medicii au fost alerta\u021bi, iar \u00een orele care au urmat, Dorian a \u00eenceput s\u0103 dea semne clare de revenire. Dup\u0103 c\u00e2teva zile, deschisese ochii complet \u0219i putea murmura c\u00e2teva cuvinte. Prima propozi\u021bie complet\u0103 pe care a rostit-o a fost:<\/p>\n\n\n\n<p>\u2014 Tu\u2026 m-ai \u021binut \u00een via\u021b\u0103.<\/p>\n\n\n\n<p>Ana a continuat s\u0103-l \u00eengrijeasc\u0103 p\u00e2n\u0103 la recuperarea complet\u0103. Dar \u00eentre timp, \u00een inimile lor, se conturase o alt\u0103 leg\u0103tur\u0103. Una bazat\u0103 pe r\u0103bdare, t\u0103cere \u0219i recuno\u0219tin\u021b\u0103.<\/p>\n\n\n\n<p>Un an mai t\u00e2rziu, \u00eentr-o gr\u0103din\u0103 frumoas\u0103, \u00eentr-un cadru restr\u00e2ns, Dorian \u0219i Ana s-au c\u0103s\u0103torit. A fost o ceremonie simpl\u0103, dar plin\u0103 de emo\u021bie. Iar pe verigheta lui, era gravat acela\u0219i mesaj care o \u0219ocase odinioar\u0103:<\/p>\n\n\n\n<p>\u201eMul\u021bumesc c\u0103 nu ai renun\u021bat.\u201d<\/p>\n\n\n\n<p>Dac\u0103 \u021bi-a pl\u0103cut povestea, nu uita s\u0103 o distribui cu prietenii t\u0103i! \u00cempreun\u0103 putem duce mai departe emo\u021bia \u0219i inspira\u021bia.<\/p>\n\n\n\n<p>\u201dAceast\u0103 poveste este inspirat\u0103 din evenimente \u0219i persoane reale, \u00eens\u0103 a fost fic\u021bionalizat\u0103 \u00een scopuri creative. Numele, personajele \u0219i detaliile au fost schimbate pentru a proteja intimitatea \u0219i pentru a \u00eembun\u0103t\u0103\u021bi nara\u021biunea. Orice asem\u0103nare cu persoane reale, sau cu evenimente reale este pur \u00eent\u00e2mpl\u0103toare \u0219i nu este inten\u021bionat\u0103 de c\u0103tre autor.<\/p>\n\n\n\n<p>Autorul \u0219i editorul nu \u00ee\u0219i asum\u0103 responsabilitatea pentru exactitatea evenimentelor sau pentru modul \u00een care sunt portretizate personajele \u0219i nu sunt r\u0103spunz\u0103tori pentru eventuale interpret\u0103ri gre\u0219ite. Aceast\u0103 poveste este oferit\u0103 \u201eca atare\u201d, iar orice opinii exprimate apar\u021bin personajelor \u0219i nu reflect\u0103 punctele de vedere ale autorului sau ale editorului.\u201d<\/p>\n","protected":false},"excerpt":{"rendered":"<p>O t\u00e2n\u0103r\u0103 asistent\u0103 \u00eengrijea un pacient aflat \u00een com\u0103, dar \u00eentr-o zi, c\u00e2nd a dat la o parte p\u0103tura, a r\u0103mas f\u0103r\u0103 cuvinte\u2026 Pe holurile<\/p>\n","protected":false},"author":1,"featured_media":40939,"comment_status":"closed","ping_status":"closed","sticky":false,"template":"","format":"standard","meta":[],"categories":[1],"tags":[],"_links":{"self":[{"href":"https:\/\/calatorinromania.com\/index.php?rest_route=\/wp\/v2\/posts\/41108"}],"collection":[{"href":"https:\/\/calatorinromania.com\/index.php?rest_route=\/wp\/v2\/posts"}],"about":[{"href":"https:\/\/calatorinromania.com\/index.php?rest_route=\/wp\/v2\/types\/post"}],"author":[{"embeddable":true,"href":"https:\/\/calatorinromania.com\/index.php?rest_route=\/wp\/v2\/users\/1"}],"replies":[{"embeddable":true,"href":"https:\/\/calatorinromania.com\/index.php?rest_route=%2Fwp%2Fv2%2Fcomments&post=41108"}],"version-history":[{"count":1,"href":"https:\/\/calatorinromania.com\/index.php?rest_route=\/wp\/v2\/posts\/41108\/revisions"}],"predecessor-version":[{"id":41109,"href":"https:\/\/calatorinromania.com\/index.php?rest_route=\/wp\/v2\/posts\/41108\/revisions\/41109"}],"wp:featuredmedia":[{"embeddable":true,"href":"https:\/\/calatorinromania.com\/index.php?rest_route=\/wp\/v2\/media\/40939"}],"wp:attachment":[{"href":"https:\/\/calatorinromania.com\/index.php?rest_route=%2Fwp%2Fv2%2Fmedia&parent=41108"}],"wp:term":[{"taxonomy":"category","embeddable":true,"href":"https:\/\/calatorinromania.com\/index.php?rest_route=%2Fwp%2Fv2%2Fcategories&post=41108"},{"taxonomy":"post_tag","embeddable":true,"href":"https:\/\/calatorinromania.com\/index.php?rest_route=%2Fwp%2Fv2%2Ftags&post=41108"}],"curies":[{"name":"wp","href":"https:\/\/api.w.org\/{rel}","templated":true}]}}