{"id":41102,"date":"2025-08-07T08:43:57","date_gmt":"2025-08-07T08:43:57","guid":{"rendered":"https:\/\/calatorinromania.com\/?p=41102"},"modified":"2025-08-07T08:43:57","modified_gmt":"2025-08-07T08:43:57","slug":"mirele-i-a-interzis-tatalui-miresei-sa-vina-la-nunta-ne-va-fi-rusine-iar-cand-acesta-a-aparut-toti-invitatii-au-incremenit-continuarea","status":"publish","type":"post","link":"https:\/\/calatorinromania.com\/?p=41102","title":{"rendered":"\u201dMirele i-a interzis tat\u0103lui miresei s\u0103 vin\u0103 la nunt\u0103: \u201eNe va fi ru\u0219ine!\u201d Iar c\u00e2nd acesta a ap\u0103rut \u2013 to\u021bi invita\u021bii au \u00eencremenit\u201d \u2013 continuarea"},"content":{"rendered":"\n<p><\/p>\n\n\n\n<p>Mirele i-a interzis tat\u0103lui miresei s\u0103 vin\u0103 la nunt\u0103: \u201eNe va fi ru\u0219ine!\u201d Iar c\u00e2nd acesta a ap\u0103rut \u2013 to\u021bi invita\u021bii au \u00eencremenit\u2026<\/p>\n\n\n\n<p><\/p>\n\n\n\n<p>Marina nu \u0219i-a imaginat p\u00e2n\u0103 \u00een ultima clip\u0103 c\u0103 Radu a vorbit serios. Tr\u0103iser\u0103 \u00eempreun\u0103 doi ani, se preg\u0103teau de nunt\u0103 \u2013 f\u0103r\u0103 certuri, f\u0103r\u0103 repro\u0219uri, totul p\u0103rea a fi \u00een armonie. Dar \u00eentr-o zi, aproape \u0219optind, el i-a spus:<\/p>\n\n\n\n<p><\/p>\n\n\n\n<p>\u2014 Marinela, m-am g\u00e2ndit\u2026 Poate c\u0103 tat\u0103l t\u0103u ar fi mai bine s\u0103 nu vin\u0103 la nunt\u0103. Adic\u0103\u2026 \u0219tii tu\u2026 Are un aspect\u2026 nu se potrive\u0219te prea bine cu atmosfera elegant\u0103. Vor fi oameni importan\u021bi, colegi\u2026<\/p>\n\n\n\n<p><\/p>\n\n\n\n<p>Marina a \u00eenlemnit.<\/p>\n\n\n\n<p><\/p>\n\n\n\n<p>\u2014 Te referi la salopeta lui de muncitor? La m\u00e2inile p\u0103tate de vaselin\u0103? Sau la faptul c\u0103 e l\u0103c\u0103tu\u0219 \u0219i nu om de afaceri, ca unchiul t\u0103u?<\/p>\n\n\n\n<p><\/p>\n\n\n\n<p>\u2014 Nu e vorba exact de asta\u2026 Doar c\u0103\u2026 tat\u0103l t\u0103u e un om bun, dar\u2026 prea modest. \u0218i tu ai vrut o nunt\u0103 sofisticat\u0103, totul s\u0103 fie ca-n reviste\u2026<\/p>\n\n\n\n<p><\/p>\n\n\n\n<p>Ea nu a mai r\u0103spuns. S-a retras \u00een dormitor, s-a a\u0219ezat pe podea \u0219i a izbucnit \u00een pl\u00e2ns.<\/p>\n\n\n\n<p><\/p>\n\n\n\n<p>Tat\u0103l ei, omul de aur care o crescuse singur dup\u0103 moartea mamei, fusese acolo \u00eentotdeauna. Lucra \u00een ture de noapte, \u00een schimburi grele, doar ca ea s\u0103 aib\u0103 cizme noi la \u00eenceput de iarn\u0103, ore de medita\u021bie, o vacan\u021b\u0103 la mare o dat\u0103 la c\u00e2\u021biva ani\u2026<\/p>\n\n\n\n<p>Ziua nun\u021bii a sosit, iar Marina nu i-a spus nimic tat\u0103lui ei. \u00cei spusese doar ora \u0219i locul, apoi \u00eenchise telefonul \u0219i nu mai r\u0103spunse mesajelor lui. Avea ochii umfla\u021bi de pl\u00e2ns \u00een timp ce rochia \u00eei era ajustat\u0103 pe corp. Pe fa\u021b\u0103 avea z\u00e2mbetul unei mirese, dar \u00een suflet era o furtun\u0103 t\u0103cut\u0103.<\/p>\n\n\n\n<p>Ceremonia se desf\u0103\u0219ura \u00eentr-un conac elegant de l\u00e2ng\u0103 Sinaia. Lume bun\u0103, rochii scumpe, pahare de cristal. Totul era perfect, dar Marina nu putea s\u0103 respire.<\/p>\n\n\n\n<p>Apoi, u\u0219a mare de lemn s-a deschis.<\/p>\n\n\n\n<p>Toate privirile s-au \u00eentors.<\/p>\n\n\n\n<p>Un b\u0103rbat trecut de 50 de ani, cu salopet\u0103 curat\u0103, pantofi de piele bine lustru\u021bi \u0219i o floare mic\u0103 prins\u0103 la piept, a p\u0103\u0219it \u00een t\u0103cere \u00een sal\u0103. Avea privirea bl\u00e2nd\u0103, dar hot\u0103r\u00e2t\u0103. Era tat\u0103l ei.<\/p>\n\n\n\n<p>S-a oprit \u00een prag. Un murmur a trecut printre invita\u021bi. Radu, vizibil jenat, a f\u0103cut un pas \u00een spate.<\/p>\n\n\n\n<p>Dar Marina a str\u0103lucit brusc. A alergat spre el, cu tren\u0103 cu tot, \u0219i l-a cuprins str\u00e2ns \u00een bra\u021be, f\u0103r\u0103 s\u0103-i pese de ochii din jur.<\/p>\n\n\n\n<p>\u2014 Tat\u0103\u2026 \u00ee\u021bi mul\u021bumesc c\u0103 ai venit.<\/p>\n\n\n\n<p>Apoi s-a \u00eentors spre to\u021bi:<\/p>\n\n\n\n<p>\u2014 Vreau s\u0103 v\u0103 spun ceva. B\u0103rbatul acesta, cu salopet\u0103 \u0219i m\u00e2ini muncite, a fost \u0219i mama \u0219i tata pentru mine. Dac\u0103 cineva are o problem\u0103 cu el, \u00eenseamn\u0103 c\u0103 are o problem\u0103 cu mine.<\/p>\n\n\n\n<p>Lini\u0219te. Apoi, o doamn\u0103 din primul r\u00e2nd s-a ridicat \u0219i a aplaudat. A fost urmat\u0103 de al\u021bii. Iar Radu\u2026 a privit \u00een jos, ru\u0219inat.<\/p>\n\n\n\n<p>Dup\u0103 ceremonie, Marina a luat o decizie: nunta avea s\u0103 continue, dar nu al\u0103turi de un b\u0103rbat care \u00ee\u0219i judec\u0103 socrul dup\u0103 haine. A anulat petrecerea luxoas\u0103 \u0219i a plecat cu tat\u0103l ei \u0219i c\u00e2\u021biva prieteni apropia\u021bi \u00eentr-un loc simplu, unde a fost muzic\u0103, m\u00e2ncare cald\u0103 \u0219i suflete curate.<\/p>\n\n\n\n<p>Iar un an mai t\u00e2rziu, Marina a cunoscut pe cineva nou \u2014 un profesor de liceu, bl\u00e2nd \u0219i cald, care, la prima \u00eent\u00e2lnire, i-a spus:<\/p>\n\n\n\n<p>\u2014 Am observat cum \u00ee\u021bi str\u0103lucesc ochii c\u00e2nd vorbe\u0219ti despre tat\u0103l t\u0103u. A\u0219 vrea s\u0103-l cunosc \u00eentr-o zi.<\/p>\n\n\n\n<p>\u0218i, de data asta, finalul a fost cu adev\u0103rat fericit. Pentru to\u021bi.<\/p>\n\n\n\n<p>Dac\u0103 \u021bi-a pl\u0103cut povestea, nu uita s\u0103 o distribui cu prietenii t\u0103i! \u00cempreun\u0103 putem duce mai departe emo\u021bia \u0219i inspira\u021bia.<\/p>\n\n\n\n<p>\u201dAceast\u0103 poveste este inspirat\u0103 din evenimente \u0219i persoane reale, \u00eens\u0103 a fost fic\u021bionalizat\u0103 \u00een scopuri creative. Numele, personajele \u0219i detaliile au fost schimbate pentru a proteja intimitatea \u0219i pentru a \u00eembun\u0103t\u0103\u021bi nara\u021biunea. Orice asem\u0103nare cu persoane reale, sau cu evenimente reale este pur \u00eent\u00e2mpl\u0103toare \u0219i nu este inten\u021bionat\u0103 de c\u0103tre autor.<\/p>\n\n\n\n<p>Autorul \u0219i editorul nu \u00ee\u0219i asum\u0103 responsabilitatea pentru exactitatea evenimentelor sau pentru modul \u00een care sunt portretizate personajele \u0219i nu sunt r\u0103spunz\u0103tori pentru eventuale interpret\u0103ri gre\u0219ite. Aceast\u0103 poveste este oferit\u0103 \u201eca atare\u201d, iar orice opinii exprimate apar\u021bin personajelor \u0219i nu reflect\u0103 punctele de vedere ale autorului sau ale editorului.\u201d<\/p>\n","protected":false},"excerpt":{"rendered":"<p>Mirele i-a interzis tat\u0103lui miresei s\u0103 vin\u0103 la nunt\u0103: \u201eNe va fi ru\u0219ine!\u201d Iar c\u00e2nd acesta a ap\u0103rut \u2013 to\u021bi invita\u021bii au \u00eencremenit\u2026 Marina nu<\/p>\n","protected":false},"author":1,"featured_media":40939,"comment_status":"closed","ping_status":"closed","sticky":false,"template":"","format":"standard","meta":[],"categories":[1],"tags":[],"_links":{"self":[{"href":"https:\/\/calatorinromania.com\/index.php?rest_route=\/wp\/v2\/posts\/41102"}],"collection":[{"href":"https:\/\/calatorinromania.com\/index.php?rest_route=\/wp\/v2\/posts"}],"about":[{"href":"https:\/\/calatorinromania.com\/index.php?rest_route=\/wp\/v2\/types\/post"}],"author":[{"embeddable":true,"href":"https:\/\/calatorinromania.com\/index.php?rest_route=\/wp\/v2\/users\/1"}],"replies":[{"embeddable":true,"href":"https:\/\/calatorinromania.com\/index.php?rest_route=%2Fwp%2Fv2%2Fcomments&post=41102"}],"version-history":[{"count":1,"href":"https:\/\/calatorinromania.com\/index.php?rest_route=\/wp\/v2\/posts\/41102\/revisions"}],"predecessor-version":[{"id":41103,"href":"https:\/\/calatorinromania.com\/index.php?rest_route=\/wp\/v2\/posts\/41102\/revisions\/41103"}],"wp:featuredmedia":[{"embeddable":true,"href":"https:\/\/calatorinromania.com\/index.php?rest_route=\/wp\/v2\/media\/40939"}],"wp:attachment":[{"href":"https:\/\/calatorinromania.com\/index.php?rest_route=%2Fwp%2Fv2%2Fmedia&parent=41102"}],"wp:term":[{"taxonomy":"category","embeddable":true,"href":"https:\/\/calatorinromania.com\/index.php?rest_route=%2Fwp%2Fv2%2Fcategories&post=41102"},{"taxonomy":"post_tag","embeddable":true,"href":"https:\/\/calatorinromania.com\/index.php?rest_route=%2Fwp%2Fv2%2Ftags&post=41102"}],"curies":[{"name":"wp","href":"https:\/\/api.w.org\/{rel}","templated":true}]}}