{"id":41100,"date":"2025-08-07T08:40:25","date_gmt":"2025-08-07T08:40:25","guid":{"rendered":"https:\/\/calatorinromania.com\/?p=41100"},"modified":"2025-08-07T08:40:26","modified_gmt":"2025-08-07T08:40:26","slug":"unul-dintre-baietii-mei-s-a-simtit-rau-asa-ca-am-hotarat-sa-i-duc-pe-amandoi-sa-le-fac-niste-analize-continuarea","status":"publish","type":"post","link":"https:\/\/calatorinromania.com\/?p=41100","title":{"rendered":"\u201dUnul dintre b\u0103ie\u021bii mei s-a sim\u021bit r\u0103u, a\u0219a c\u0103 am hot\u0103r\u00e2t s\u0103-i duc pe am\u00e2ndoi s\u0103 le fac ni\u0219te analize\u201d \u2013 continuarea"},"content":{"rendered":"\n<p>Unul dintre b\u0103ie\u021bii mei s-a sim\u021bit r\u0103u, a\u0219a c\u0103 am hot\u0103r\u00e2t s\u0103-i duc pe am\u00e2ndoi s\u0103 le fac ni\u0219te analize. Nu era nimic serios, dar am vrut s\u0103 fiu precaut. C\u00e2teva zile mai t\u00e2rziu, m-am dus s\u0103 ridic rezultatele, f\u0103r\u0103 s\u0103 b\u0103nuiesc ce avea s\u0103 urmeze. Doctorul m-a privit direct \u00een ochi \u0219i, cu o voce calm\u0103, mi-a spus:<\/p>\n\n\n\n<p><\/p>\n\n\n\n<p>\u2014 De c\u00e2t timp i-a\u021bi adoptat pe b\u0103ie\u021bi?<\/p>\n\n\n\n<p><\/p>\n\n\n\n<p>La \u00eenceput am izbucnit \u00een r\u00e2s, convins c\u0103 e o gre\u0219eal\u0103.<\/p>\n\n\n\n<p><\/p>\n\n\n\n<p>\u2014 Adopta\u021bi? Nici nu poate fi vorba! So\u021bia mea nu mi-ar ascunde a\u0219a ceva.<\/p>\n\n\n\n<p><\/p>\n\n\n\n<p>Dar atunci el mi-a \u00eentins o h\u00e2rtie \u0219i a continuat:<\/p>\n\n\n\n<p><\/p>\n\n\n\n<p>\u2014 \u00cemi pare r\u0103u, dar rezultatele testului ADN sunt clare\u2026 nu sunte\u021bi tat\u0103l lor biologic.<\/p>\n\n\n\n<p><\/p>\n\n\n\n<p>Am sim\u021bit c\u0103 \u00eemi fuge p\u0103m\u00e2ntul de sub picioare. Inima \u00eemi b\u0103tea haotic, iar capul parc\u0103 \u00eemi vuia. Credeam c\u0103 asta e cea mai cumplit\u0103 veste pe care a\u0219 putea s\u0103 o aud. Dar medicul a ad\u0103ugat ceva care m-a str\u0103puns \u0219i mai ad\u00e2nc:<\/p>\n\n\n\n<p><\/p>\n\n\n\n<p>\u2014 Ace\u0219ti copii nu sunt fiii dumneavoastr\u0103\u2026 ci fra\u021bii dumneavoastr\u0103 vitregi.<\/p>\n\n\n\n<p><\/p>\n\n\n\n<p>Cu greu am reu\u0219it s\u0103 ajung acas\u0103. M\u00e2inile \u00eemi tremurau pe volan, iar g\u00e2ndurile se loveau unele de altele f\u0103r\u0103 noim\u0103. C\u00e2nd am deschis u\u0219a, am rostit cu o voce stins\u0103 \u00eentrebarea pe care nu a\u0219 fi crezut vreodat\u0103 c\u0103 o voi pune:<\/p>\n\n\n\n<p><\/p>\n\n\n\n<p>\u2014 Emilia\u2026 ai avut o rela\u021bie cu tat\u0103l meu?<\/p>\n\n\n\n<p><\/p>\n\n\n\n<p>Emilia a \u00eencremenit. Lacrimile i-au umplut ochii \u0219i s-au prelins pe obraji. A \u00eencercat s\u0103 spun\u0103 ceva, dar vorbele i s-au fr\u00e2nt \u00een g\u00e2t. \u00cen cele din urm\u0103, \u0219i-a adunat curajul \u0219i mi-a povestit adev\u0103rul, cu sufletul zdrobit: fusese o gre\u0219eal\u0103 cu 2 luni \u00eenainte s\u0103 ne cunoa\u0219tem, o r\u0103t\u0103cire de o singur\u0103 noapte, mult \u00eenainte ca noi s\u0103 devenim o familie.<\/p>\n\n\n\n<p><\/p>\n\n\n\n<p>Am sim\u021bit c\u0103 o parte din mine se rupe. Dar apoi mi-am privit b\u0103ie\u021bii \u2013 cei doi b\u0103ie\u021bi care nu \u0219tiau nimic, care \u00eemi spuneau \u201etata\u201d cu acea \u00eencredere total\u0103, cu acea iubire curat\u0103.<\/p>\n\n\n\n<p>Mi-am dat seama c\u0103 s\u00e2ngele nu conteaz\u0103 mai mult dec\u00e2t inima. Eu le fusesem tat\u0103 dintotdeauna, \u00eei crescusem, \u00eei \u021binusem \u00een bra\u021be nop\u021bi la r\u00e2nd c\u00e2nd erau bolnavi, le \u0219tersesem genunchii juli\u021bi \u0219i \u00eei \u00eenv\u0103\u021basem s\u0103 mearg\u0103 pe biciclet\u0103.<\/p>\n\n\n\n<p>A\u0219a c\u0103 i-am str\u00e2ns la piept, hot\u0103r\u00e2t s\u0103 nu-i las niciodat\u0103 s\u0103 simt\u0103 povara gre\u0219elilor adul\u021bilor. I-am \u0219optit Emiliei c\u0103 am nevoie de timp s\u0103 iert, dar familia noastr\u0103 r\u0103m\u00e2ne \u00eentreag\u0103.<\/p>\n\n\n\n<p>Anii au trecut, iar iubirea dintre noi s-a dovedit mai puternic\u0103 dec\u00e2t trecutul. B\u0103ie\u021bii au crescut, au devenit oameni minuna\u021bi, iar eu am r\u0103mas, pentru totdeauna, tat\u0103l lor.<\/p>\n\n\n\n<p>Dac\u0103 \u021bi-a pl\u0103cut povestea, nu uita s\u0103 o distribui cu prietenii t\u0103i! \u00cempreun\u0103 putem duce mai departe emo\u021bia \u0219i inspira\u021bia.<\/p>\n\n\n\n<p>\u201dAceast\u0103 poveste este inspirat\u0103 din evenimente \u0219i persoane reale, \u00eens\u0103 a fost fic\u021bionalizat\u0103 \u00een scopuri creative. Numele, personajele \u0219i detaliile au fost schimbate pentru a proteja intimitatea \u0219i pentru a \u00eembun\u0103t\u0103\u021bi nara\u021biunea. Orice asem\u0103nare cu persoane reale, sau cu evenimente reale este pur \u00eent\u00e2mpl\u0103toare \u0219i nu este inten\u021bionat\u0103 de c\u0103tre autor.<\/p>\n\n\n\n<p>Autorul \u0219i editorul nu \u00ee\u0219i asum\u0103 responsabilitatea pentru exactitatea evenimentelor sau pentru modul \u00een care sunt portretizate personajele \u0219i nu sunt r\u0103spunz\u0103tori pentru eventuale interpret\u0103ri gre\u0219ite. Aceast\u0103 poveste este oferit\u0103 \u201eca atare\u201d, iar orice opinii exprimate apar\u021bin personajelor \u0219i nu reflect\u0103 punctele de vedere ale autorului sau ale editorului.\u201d<\/p>\n","protected":false},"excerpt":{"rendered":"<p>Unul dintre b\u0103ie\u021bii mei s-a sim\u021bit r\u0103u, a\u0219a c\u0103 am hot\u0103r\u00e2t s\u0103-i duc pe am\u00e2ndoi s\u0103 le fac ni\u0219te analize. Nu era nimic serios, dar<\/p>\n","protected":false},"author":1,"featured_media":40932,"comment_status":"closed","ping_status":"closed","sticky":false,"template":"","format":"standard","meta":[],"categories":[1],"tags":[],"_links":{"self":[{"href":"https:\/\/calatorinromania.com\/index.php?rest_route=\/wp\/v2\/posts\/41100"}],"collection":[{"href":"https:\/\/calatorinromania.com\/index.php?rest_route=\/wp\/v2\/posts"}],"about":[{"href":"https:\/\/calatorinromania.com\/index.php?rest_route=\/wp\/v2\/types\/post"}],"author":[{"embeddable":true,"href":"https:\/\/calatorinromania.com\/index.php?rest_route=\/wp\/v2\/users\/1"}],"replies":[{"embeddable":true,"href":"https:\/\/calatorinromania.com\/index.php?rest_route=%2Fwp%2Fv2%2Fcomments&post=41100"}],"version-history":[{"count":1,"href":"https:\/\/calatorinromania.com\/index.php?rest_route=\/wp\/v2\/posts\/41100\/revisions"}],"predecessor-version":[{"id":41101,"href":"https:\/\/calatorinromania.com\/index.php?rest_route=\/wp\/v2\/posts\/41100\/revisions\/41101"}],"wp:featuredmedia":[{"embeddable":true,"href":"https:\/\/calatorinromania.com\/index.php?rest_route=\/wp\/v2\/media\/40932"}],"wp:attachment":[{"href":"https:\/\/calatorinromania.com\/index.php?rest_route=%2Fwp%2Fv2%2Fmedia&parent=41100"}],"wp:term":[{"taxonomy":"category","embeddable":true,"href":"https:\/\/calatorinromania.com\/index.php?rest_route=%2Fwp%2Fv2%2Fcategories&post=41100"},{"taxonomy":"post_tag","embeddable":true,"href":"https:\/\/calatorinromania.com\/index.php?rest_route=%2Fwp%2Fv2%2Ftags&post=41100"}],"curies":[{"name":"wp","href":"https:\/\/api.w.org\/{rel}","templated":true}]}}