{"id":41087,"date":"2025-08-06T06:52:03","date_gmt":"2025-08-06T06:52:03","guid":{"rendered":"https:\/\/calatorinromania.com\/?p=41087"},"modified":"2025-08-06T06:52:03","modified_gmt":"2025-08-06T06:52:03","slug":"timp-de-sapte-zile-la-rand-sotul-meu-nu-a-incetat-sa-ma-umileasca-continuarea","status":"publish","type":"post","link":"https:\/\/calatorinromania.com\/?p=41087","title":{"rendered":"\u201dTimp de \u0219apte zile la r\u00e2nd, so\u021bul meu nu a \u00eencetat s\u0103 m\u0103 umileasc\u0103\u201d \u2013 continuarea"},"content":{"rendered":"\n<p>Timp de \u0219apte zile la r\u00e2nd, so\u021bul meu nu a \u00eencetat s\u0103 m\u0103 umileasc\u0103, \u00eens\u0103 \u00eentr-o zi n-am mai suportat. I-am invitat pe to\u021bi membrii familiei lui la noi acas\u0103 \u0219i am f\u0103cut ceva ce i-a l\u0103sat pe to\u021bi cu gura c\u0103scat\u0103.<\/p>\n\n\n\n<p><\/p>\n\n\n\n<p>Totul a \u00eenceput vinerea trecut\u0103. Ne \u00eentorceam de la o petrecere organizat\u0103 de colegii lui, iar \u00een lift mi-a spus, pentru prima dat\u0103, pe un ton ciudat:<\/p>\n\n\n\n<p><\/p>\n\n\n\n<p>\u2014 Ai putea s\u0103 te \u00eembraci mai cuviincios. To\u021bi te-au privit insistent.<\/p>\n\n\n\n<p><br>Am z\u00e2mbit \u00eencerc\u00e2nd s\u0103 destind atmosfera:<\/p>\n\n\n\n<p><br>\u2014 Nu e totu\u0219i un compliment?<\/p>\n\n\n\n<p><br>Dar el a ridicat din umeri f\u0103r\u0103 s\u0103 r\u0103spund\u0103. Am pus totul pe seama oboselii.<\/p>\n\n\n\n<p><\/p>\n\n\n\n<p>A doua zi mi-a repro\u0219at c\u0103 am pus prea mult\u0103 sare \u00een sup\u0103. Duminic\u0103 s-a pl\u00e2ns c\u0103 dorm prea mult. Luni i s-a p\u0103rut c\u0103 risipesc banii pe m\u00e2ncare. \u00cen fiecare zi, dup\u0103 acela\u0219i tipar, g\u0103sea ceva care nu \u00eei convenea. Iar seara, c\u00e2nd \u00eel auzeam venind pe hol, nu m\u0103 cuprindea team\u0103, ci o epuizare ap\u0103s\u0103toare.<\/p>\n\n\n\n<p><\/p>\n\n\n\n<p>\u00cen a \u0219asea zi \u2014 joi \u2014 nici nu a mai venit acas\u0103 peste noapte. Mi-a spus c\u0103 a r\u0103mas la sora lui, s-o ajute cu o priz\u0103 stricat\u0103. Nu am comentat, doar am \u00eencuviin\u021bat din cap. \u00cen minte \u00eens\u0103 \u00eemi conturam deja planul.<\/p>\n\n\n\n<p><\/p>\n\n\n\n<p>Vineri, \u00een a \u0219aptea zi, s-a \u00eentors cu aceea\u0219i atitudine superioar\u0103.<br>A \u00eenceput s\u0103-\u0219i verse iar cuvintele grele \u2014 c\u0103 nu mai sunt femeia de alt\u0103dat\u0103, c\u0103 m\u0103 \u00eembrac nepotrivit, c\u0103 vorbesc aiurea, c\u0103 z\u00e2mbetul meu e fals. L-am privit lini\u0219tit\u0103, parc\u0103 ascult\u00e2ndu-l pentru prima oar\u0103. Nu l-am \u00eentrerupt deloc.<\/p>\n\n\n\n<p>C\u00e2nd a intrat s\u0103 fac\u0103 du\u0219, am luat telefonul \u0219i am ap\u0103sat \u201etrimite\u201d.<\/p>\n\n\n\n<p>O or\u0103 mai t\u00e2rziu, \u00een apartament au \u00eenceput s\u0103 soseasc\u0103 \u0219apte persoane: mama \u0219i tat\u0103l lui, sora cu so\u021bul, ai mei \u0219i fratele meu. To\u021bi credeau c\u0103 vin la o cin\u0103 obi\u0219nuit\u0103 de familie. So\u021bul era sigur c\u0103 urmeaz\u0103 o sear\u0103 lini\u0219tit\u0103, \u00een care va fi, ca de obicei, st\u0103p\u00e2nul casei.<\/p>\n\n\n\n<p>Dar atunci am f\u0103cut ceva ce i-a l\u0103sat pe to\u021bi f\u0103r\u0103 replic\u0103.<\/p>\n\n\n\n<p>Am ie\u0219it din buc\u0103t\u0103rie cu un teanc de h\u00e2rtii \u00een m\u00e2n\u0103 \u0219i le-am a\u0219ezat pe mas\u0103. Erau actele pentru divor\u021b. I-am privit direct \u00een ochi \u0219i am spus calm, dar ferm:<\/p>\n\n\n\n<p>\u2014 \u00cen seara asta nu servim cina. \u00cen schimb, v\u0103 anun\u021b c\u0103 am decis s\u0103 merg mai departe pe drumul meu. Aceste documente sunt gata. Nu mai pot tr\u0103i \u00eentr-o cas\u0103 unde fiecare zi aduce o nou\u0103 umilin\u021b\u0103.<\/p>\n\n\n\n<p>\u00cen camer\u0103 s-a l\u0103sat o lini\u0219te ap\u0103s\u0103toare. So\u021bul meu a \u00eenceput s\u0103 protesteze, dar p\u0103rin\u021bii lui au cobor\u00e2t privirea ru\u0219ina\u021bi. Mama mea mi-a str\u00e2ns m\u00e2na sub mas\u0103, iar fratele meu s-a ridicat \u00een picioare, preg\u0103tit s\u0103 m\u0103 sus\u021bin\u0103.<\/p>\n\n\n\n<p>\u2014 Nu fac asta din r\u0103zbunare, ci pentru lini\u0219tea \u0219i demnitatea mea, am continuat. Vreau s\u0103 fiu din nou femeia care eram \u00eenainte de toate astea.<\/p>\n\n\n\n<p>C\u00e2teva luni mai t\u00e2rziu, locuiam deja \u00eentr-un apartament nou, cu flori la geam \u0219i o lini\u0219te pe care nu o mai cunoscusem demult. \u00cemi reluasem pasiunile, mergeam la cursuri de art\u0103 \u0219i \u00eemi f\u0103cusem prieteni noi. Via\u021ba redevenise luminoas\u0103.<\/p>\n\n\n\n<p>\u00centr-o zi, la o expozi\u021bie de pictur\u0103, l-am \u00eent\u00e2lnit pe Andrei, un b\u0103rbat cu un z\u00e2mbet sincer \u0219i privire cald\u0103. Nu a fost o poveste care s\u0103 izbucneasc\u0103 brusc, ci ceva ce a crescut \u00eencet, natural, cu r\u0103bdare \u0219i \u00eencredere.<\/p>\n\n\n\n<p>\u00centr-o diminea\u021b\u0103, m-am trezit l\u00e2ng\u0103 el \u0219i mi-am dat seama c\u0103, \u00een sf\u00e2r\u0219it, nu m\u0103 mai temeam de pa\u0219i pe hol. M\u0103 bucuram s\u0103 aud sunete de via\u021b\u0103 \u00een casa mea.<\/p>\n\n\n\n<p>Pentru prima oar\u0103 dup\u0103 mult timp, eram cu adev\u0103rat fericit\u0103.<\/p>\n\n\n\n<p>Dac\u0103 \u021bi-a pl\u0103cut povestea, nu uita s\u0103 o distribui cu prietenii t\u0103i! \u00cempreun\u0103 putem duce mai departe emo\u021bia \u0219i inspira\u021bia.<\/p>\n\n\n\n<p>\u201dAceast\u0103 poveste este inspirat\u0103 din evenimente \u0219i persoane reale, \u00eens\u0103 a fost fic\u021bionalizat\u0103 \u00een scopuri creative. Numele, personajele \u0219i detaliile au fost schimbate pentru a proteja intimitatea \u0219i pentru a \u00eembun\u0103t\u0103\u021bi nara\u021biunea. Orice asem\u0103nare cu persoane reale, sau cu evenimente reale este pur \u00eent\u00e2mpl\u0103toare \u0219i nu este inten\u021bionat\u0103 de c\u0103tre autor.<\/p>\n\n\n\n<p>Autorul \u0219i editorul nu \u00ee\u0219i asum\u0103 responsabilitatea pentru exactitatea evenimentelor sau pentru modul \u00een care sunt portretizate personajele \u0219i nu sunt r\u0103spunz\u0103tori pentru eventuale interpret\u0103ri gre\u0219ite. Aceast\u0103 poveste este oferit\u0103 \u201eca atare\u201d, iar orice opinii exprimate apar\u021bin personajelor \u0219i nu reflect\u0103 punctele de vedere ale autorului sau ale editorului.\u201d<\/p>\n","protected":false},"excerpt":{"rendered":"<p>Timp de \u0219apte zile la r\u00e2nd, so\u021bul meu nu a \u00eencetat s\u0103 m\u0103 umileasc\u0103, \u00eens\u0103 \u00eentr-o zi n-am mai suportat. I-am invitat pe to\u021bi membrii<\/p>\n","protected":false},"author":1,"featured_media":40939,"comment_status":"closed","ping_status":"closed","sticky":false,"template":"","format":"standard","meta":[],"categories":[1],"tags":[],"_links":{"self":[{"href":"https:\/\/calatorinromania.com\/index.php?rest_route=\/wp\/v2\/posts\/41087"}],"collection":[{"href":"https:\/\/calatorinromania.com\/index.php?rest_route=\/wp\/v2\/posts"}],"about":[{"href":"https:\/\/calatorinromania.com\/index.php?rest_route=\/wp\/v2\/types\/post"}],"author":[{"embeddable":true,"href":"https:\/\/calatorinromania.com\/index.php?rest_route=\/wp\/v2\/users\/1"}],"replies":[{"embeddable":true,"href":"https:\/\/calatorinromania.com\/index.php?rest_route=%2Fwp%2Fv2%2Fcomments&post=41087"}],"version-history":[{"count":1,"href":"https:\/\/calatorinromania.com\/index.php?rest_route=\/wp\/v2\/posts\/41087\/revisions"}],"predecessor-version":[{"id":41088,"href":"https:\/\/calatorinromania.com\/index.php?rest_route=\/wp\/v2\/posts\/41087\/revisions\/41088"}],"wp:featuredmedia":[{"embeddable":true,"href":"https:\/\/calatorinromania.com\/index.php?rest_route=\/wp\/v2\/media\/40939"}],"wp:attachment":[{"href":"https:\/\/calatorinromania.com\/index.php?rest_route=%2Fwp%2Fv2%2Fmedia&parent=41087"}],"wp:term":[{"taxonomy":"category","embeddable":true,"href":"https:\/\/calatorinromania.com\/index.php?rest_route=%2Fwp%2Fv2%2Fcategories&post=41087"},{"taxonomy":"post_tag","embeddable":true,"href":"https:\/\/calatorinromania.com\/index.php?rest_route=%2Fwp%2Fv2%2Ftags&post=41087"}],"curies":[{"name":"wp","href":"https:\/\/api.w.org\/{rel}","templated":true}]}}