{"id":41079,"date":"2025-08-06T05:47:25","date_gmt":"2025-08-06T05:47:25","guid":{"rendered":"https:\/\/calatorinromania.com\/?p=41079"},"modified":"2025-08-06T05:47:25","modified_gmt":"2025-08-06T05:47:25","slug":"%f0%9f%a7%b4-crema-minune-cu-bicarbonat-pentru-pete-acnee-si-riduri-fine","status":"publish","type":"post","link":"https:\/\/calatorinromania.com\/?p=41079","title":{"rendered":"\ud83e\uddf4 <strong>Crema-minune cu bicarbonat<\/strong> \u2013 pentru pete, acnee \u0219i riduri fine!"},"content":{"rendered":"\n<p><\/p>\n\n\n\n<p>\ud83d\udca5 Natural\u0103, u\u0219or de preparat \u0219i extrem de eficient\u0103!<\/p>\n\n\n\n<p><br>Aceast\u0103 masc\u0103 este perfect\u0103 pentru un ten mai curat, mai luminos \u0219i mai neted! \ud83c\udf1f<\/p>\n\n\n\n<p><\/p>\n\n\n\n<p>\ud83d\udd3d <strong>Vezi mai jos re\u021beta pas cu pas \u0219i beneficiile fiec\u0103rui ingredient!<\/strong> \ud83d\udd3d<\/p>\n\n\n\n<p><\/p>\n\n\n\n<h3>\ud83e\udd44 Ingrediente:<\/h3>\n\n\n\n<p><\/p>\n\n\n\n<ul>\n<li><strong>2 linguri bicarbonat de sodiu<\/strong><\/li>\n\n\n\n<li><strong>Ap\u0103 mineral\u0103 natural\u0103<\/strong> (c\u00e2teva pic\u0103turi)<\/li>\n\n\n\n<li><strong>\u00bd linguri\u021b\u0103 suc de l\u0103m\u00e2ie<\/strong> (doar dac\u0103 ai tenul gras)<\/li>\n\n\n\n<li><strong>\u00bd linguri\u021b\u0103 miere<\/strong> (pentru ten uscat)<\/li>\n\n\n\n<li>\ud83d\udfe2 <em>Op\u021bional<\/em>: <strong>gel de aloe vera<\/strong>, <strong>ulei de cocos<\/strong> sau <strong>ulei de m\u0103sline<\/strong> pentru extra hidratare<\/li>\n<\/ul>\n\n\n\n<p><\/p>\n\n\n\n<h3>\ud83e\uddea <strong>Cum se prepar\u0103 crema:<\/strong><\/h3>\n\n\n\n<p><\/p>\n\n\n\n<ol>\n<li>Amestec\u0103 <strong>bicarbonatul<\/strong> cu <strong>c\u00e2teva pic\u0103turi de ap\u0103 mineral\u0103<\/strong> p\u00e2n\u0103 se formeaz\u0103 o past\u0103.<\/li>\n\n\n\n<li>Adaug\u0103 <strong>mierea<\/strong> (pentru piele uscat\u0103) sau <strong>sucul de l\u0103m\u00e2ie<\/strong> (pentru ten gras).<\/li>\n\n\n\n<li>Po\u021bi ad\u0103uga \u0219i pu\u021bin <strong>gel de aloe vera<\/strong> pentru un efect calmant \ud83c\udf3f<\/li>\n\n\n\n<li>Amestec\u0103 bine p\u00e2n\u0103 ob\u021bii o compozi\u021bie omogen\u0103.<\/li>\n\n\n\n<li>Aplic\u0103 pasta <strong>pe fa\u021b\u0103<\/strong>, evit\u00e2nd zona ochilor.<\/li>\n\n\n\n<li>Las\u0103 s\u0103 ac\u021bioneze <strong>15-20 minute<\/strong>.<\/li>\n\n\n\n<li>Cl\u0103te\u0219te cu <strong>ap\u0103 cald\u0103<\/strong> \u0219i aplic\u0103 o crem\u0103 hidratant\u0103 sau un ulei vegetal (dac\u0103 sim\u021bi usc\u0103ciune).<\/li>\n<\/ol>\n\n\n\n<p><\/p>\n\n\n\n<p>\ud83d\udccc <em>Folose\u0219te masca o dat\u0103 pe s\u0103pt\u0103m\u00e2n\u0103.<\/em><\/p>\n\n\n\n<p><\/p>\n\n\n\n<p><\/p>\n\n\n\n<h3>\u2705 <strong>Beneficiile ingredientelor principale:<\/strong><\/h3>\n\n\n\n<p><\/p>\n\n\n\n<p>\ud83d\udd38 <strong>Bicarbonatul de sodiu<\/strong><br>\u2013 Exfoliaz\u0103 bl\u00e2nd pielea<br>\u2013 Are efect antibacterian \u0219i antiinflamator<br>\u2013 Cur\u0103\u021b\u0103 \u00een profunzime \u0219i elimin\u0103 celulele moarte<br>\u26a0\ufe0f <em>Aten\u021bie!<\/em> Testeaz\u0103 mai \u00eent\u00e2i pe o zon\u0103 mic\u0103 a pielii \u2013 poate usca tenul sensibil!<\/p>\n\n\n\n<p><\/p>\n\n\n\n<p><\/p>\n\n\n\n<p>\ud83d\udd38 <strong>Sucul de l\u0103m\u00e2ie<\/strong><br>\u2013 Regleaz\u0103 excesul de sebum<br>\u2013 Estompeaz\u0103 petele pigmentare<br>\u2013 Con\u021bine <strong>vitamina C \u0219i acid citric<\/strong><br>\u26a0\ufe0f <em>Nu te expune la soare dup\u0103 aplicare!<\/em><\/p>\n\n\n\n<p><\/p>\n\n\n\n<p><\/p>\n\n\n\n<p>\ud83d\udd38 <strong>Mierea<\/strong> \ud83c\udf6f<br>\u2013 Hidrateaz\u0103 profund<br>\u2013 Are efect antibacterian \u0219i calmant<br>\u2013 Liniile fine par estompate, iar pielea devine mai ferm\u0103<\/p>\n\n\n\n<p><\/p>\n\n\n\n<p><\/p>\n\n\n\n<p>\ud83d\udd38 <strong>Aloe Vera<\/strong> \ud83c\udf31 <em>(op\u021bional)<\/em><br>\u2013 Regenerant natural<br>\u2013 Lini\u0219te\u0219te pielea iritat\u0103<br>\u2013 Lupt\u0103 \u00eempotriva acneei \u0219i a inflama\u021biilor<\/p>\n\n\n\n<p><\/p>\n\n\n\n<p><\/p>\n\n\n\n<h3>\u26a0\ufe0f Aten\u021bionare:<\/h3>\n\n\n\n<p><\/p>\n\n\n\n<p>F\u0103 \u00eentotdeauna un <strong>test de sensibilitate<\/strong> \u00eenainte de aplicare!<\/p>\n\n\n\n<p><br>Evit\u0103 folosirea zilnic\u0103 \u2013 <strong>o aplicare pe s\u0103pt\u0103m\u00e2n\u0103 este suficient\u0103.<\/strong><\/p>\n\n\n\n<p><br>Nu aplica pe pielea r\u0103nit\u0103 sau iritat\u0103!<\/p>\n\n\n\n<p><\/p>\n","protected":false},"excerpt":{"rendered":"<p>\ud83d\udca5 Natural\u0103, u\u0219or de preparat \u0219i extrem de eficient\u0103! Aceast\u0103 masc\u0103 este perfect\u0103 pentru un ten mai curat, mai luminos \u0219i mai neted! \ud83c\udf1f \ud83d\udd3d<\/p>\n","protected":false},"author":1,"featured_media":40939,"comment_status":"closed","ping_status":"closed","sticky":false,"template":"","format":"standard","meta":[],"categories":[1],"tags":[],"_links":{"self":[{"href":"https:\/\/calatorinromania.com\/index.php?rest_route=\/wp\/v2\/posts\/41079"}],"collection":[{"href":"https:\/\/calatorinromania.com\/index.php?rest_route=\/wp\/v2\/posts"}],"about":[{"href":"https:\/\/calatorinromania.com\/index.php?rest_route=\/wp\/v2\/types\/post"}],"author":[{"embeddable":true,"href":"https:\/\/calatorinromania.com\/index.php?rest_route=\/wp\/v2\/users\/1"}],"replies":[{"embeddable":true,"href":"https:\/\/calatorinromania.com\/index.php?rest_route=%2Fwp%2Fv2%2Fcomments&post=41079"}],"version-history":[{"count":1,"href":"https:\/\/calatorinromania.com\/index.php?rest_route=\/wp\/v2\/posts\/41079\/revisions"}],"predecessor-version":[{"id":41080,"href":"https:\/\/calatorinromania.com\/index.php?rest_route=\/wp\/v2\/posts\/41079\/revisions\/41080"}],"wp:featuredmedia":[{"embeddable":true,"href":"https:\/\/calatorinromania.com\/index.php?rest_route=\/wp\/v2\/media\/40939"}],"wp:attachment":[{"href":"https:\/\/calatorinromania.com\/index.php?rest_route=%2Fwp%2Fv2%2Fmedia&parent=41079"}],"wp:term":[{"taxonomy":"category","embeddable":true,"href":"https:\/\/calatorinromania.com\/index.php?rest_route=%2Fwp%2Fv2%2Fcategories&post=41079"},{"taxonomy":"post_tag","embeddable":true,"href":"https:\/\/calatorinromania.com\/index.php?rest_route=%2Fwp%2Fv2%2Ftags&post=41079"}],"curies":[{"name":"wp","href":"https:\/\/api.w.org\/{rel}","templated":true}]}}