{"id":41077,"date":"2025-08-06T05:34:12","date_gmt":"2025-08-06T05:34:12","guid":{"rendered":"https:\/\/calatorinromania.com\/?p=41077"},"modified":"2025-08-06T05:34:13","modified_gmt":"2025-08-06T05:34:13","slug":"ce-presupune-ziua-de-doliu-national-in-romania-si-ce-reguli-trebuie-respectate","status":"publish","type":"post","link":"https:\/\/calatorinromania.com\/?p=41077","title":{"rendered":"Ce presupune ziua de doliu na\u021bional \u00een Rom\u00e2nia \u0219i ce reguli trebuie respectate"},"content":{"rendered":"\n<p><\/p>\n\n\n\n<h2><\/h2>\n\n\n\n<p>\u00cen Rom\u00e2nia,\u00a0<strong>ziua de doliu na\u021bional<\/strong>\u00a0reprezint\u0103 un moment oficial de reculegere colectiv\u0103, instituit de Guvern \u00een memoria unor personalit\u0103\u021bi marcante sau ca urmare a unor tragedii de amploare. Aceast\u0103 zi vine cu\u00a0<strong>obliga\u021bii clare pentru autorit\u0103\u021bi, institu\u021bii \u0219i cet\u0103\u021beni<\/strong>, fiind marcat\u0103 printr-o serie de gesturi simbolice, dar cu o semnifica\u021bie profund\u0103.<\/p>\n\n\n\n<p><\/p>\n\n\n\n<p><\/p>\n\n\n\n<h3>Ce este ziua de doliu na\u021bional \u0219i c\u00e2nd se instituie<\/h3>\n\n\n\n<p><\/p>\n\n\n\n<p>Ziua de doliu na\u021bional este stabilit\u0103\u00a0<strong>prin hot\u0103r\u00e2re a Guvernului Rom\u00e2niei<\/strong>, la ini\u021biativa premierului sau a pre\u0219edintelui. Este declarat\u0103 \u00een contextul unor\u00a0<strong>evenimente tragice<\/strong>, precum catastrofe naturale, accidente colective, atentate, sau \u00een cazul\u00a0<strong>decesului unor personalit\u0103\u021bi na\u021bionale<\/strong>, precum fo\u0219ti pre\u0219edin\u021bi, membri marcan\u021bi ai Guvernului sau figuri istorice.<\/p>\n\n\n\n<p><\/p>\n\n\n\n<h3>Obliga\u021biile institu\u021biilor publice \u00een zi de doliu<\/h3>\n\n\n\n<p><\/p>\n\n\n\n<p>Conform legisla\u021biei \u00een vigoare, toate institu\u021biile publice au urm\u0103toarele obliga\u021bii:<\/p>\n\n\n\n<p><\/p>\n\n\n\n<ul>\n<li><strong>Arborarea drapelului Rom\u00e2niei \u00een bern\u0103<\/strong>:\n<ul>\n<li>Pe cl\u0103dirile oficiale, administra\u021biile locale, ambasade \u0219i institu\u021bii de \u00eenv\u0103\u021b\u0103m\u00e2nt;<\/li>\n\n\n\n<li>Dac\u0103 steagul este pe catarg, se coboar\u0103 la jum\u0103tate;<\/li>\n\n\n\n<li>Dac\u0103 este amplasat pe fa\u021bad\u0103, se adaug\u0103 o&nbsp;<strong>band\u0103 neagr\u0103<\/strong>.<\/li>\n<\/ul>\n<\/li>\n\n\n\n<li>Suspendarea sau adaptarea activit\u0103\u021bilor culturale \u0219i festive organizate sub egida institu\u021biilor statului.<\/li>\n<\/ul>\n\n\n\n<p><\/p>\n\n\n\n<h3>Cum trebuie s\u0103 procedeze cet\u0103\u021benii<\/h3>\n\n\n\n<p><\/p>\n\n\n\n<p>Rom\u00e2nii care arboreaz\u0103 drapelul na\u021bional acas\u0103 trebuie s\u0103 respecte acelea\u0219i reguli \u2013 steagul trebuie s\u0103 fie\u00a0<strong>cobor\u00e2t \u00een bern\u0103<\/strong>\u00a0sau s\u0103 aib\u0103 band\u0103 neagr\u0103. \u00cen plus:<\/p>\n\n\n\n<p><\/p>\n\n\n\n<ul>\n<li>Este&nbsp;<strong>recomandat\u0103 o atitudine sobr\u0103<\/strong>, f\u0103r\u0103 festivit\u0103\u021bi sau activit\u0103\u021bi zgomotoase;<\/li>\n\n\n\n<li>Se recomand\u0103\u00a0<strong>evitarea petrecerilor<\/strong>, muzicii la volum ridicat sau a altor comportamente inadecvate spiritului zilei.<\/li>\n<\/ul>\n\n\n\n<p><\/p>\n\n\n\n<h3>Reguli pentru mass-media \u0219i evenimente publice<\/h3>\n\n\n\n<p><\/p>\n\n\n\n<p>Mass-media are \u0219i ea obliga\u021bii \u00een ziua de doliu na\u021bional:<\/p>\n\n\n\n<p><\/p>\n\n\n\n<ul>\n<li><strong>Posturile TV \u0219i radio trebuie s\u0103 \u00ee\u0219i modifice grila de programe<\/strong>, renun\u021b\u00e2nd la con\u021binut de divertisment, muzic\u0103 vesel\u0103 sau comedii;<\/li>\n\n\n\n<li><strong>Evenimentele sportive, concertele \u0219i spectacolele sunt \u00een general anulate<\/strong>&nbsp;sau reprogramate;<\/li>\n\n\n\n<li>Organizatorii de evenimente private sunt \u00eendemna\u021bi s\u0103 urmeze acelea\u0219i reguli, \u00een semn de solidaritate.<\/li>\n<\/ul>\n\n\n\n<p><\/p>\n\n\n\n<h3>Ce simbolizeaz\u0103 aceast\u0103 zi<\/h3>\n\n\n\n<p><\/p>\n\n\n\n<p>Ziua de doliu na\u021bional nu este doar un gest administrativ, ci\u00a0<strong>un semn de unitate na\u021bional\u0103 \u0219i respect colectiv<\/strong>. Este un moment \u00een care societatea rom\u00e2neasc\u0103 este chemat\u0103 s\u0103-\u0219i demonstreze maturitatea, s\u0103 \u00ee\u0219i onoreze valorile \u0219i memoria comun\u0103.<\/p>\n\n\n\n<p><\/p>\n\n\n\n<h3>Context: Zi de doliu na\u021bional dup\u0103 moartea lui Ion Iliescu<\/h3>\n\n\n\n<p><\/p>\n\n\n\n<p>Dup\u0103 moartea fostului pre\u0219edinte&nbsp;<strong>Ion Iliescu<\/strong>, survenit\u0103 pe&nbsp;<strong>5 august 2025<\/strong>, Guvernul Rom\u00e2niei a transmis un mesaj oficial:<\/p>\n\n\n\n<blockquote class=\"wp-block-quote\">\n<p>\u201eCu profund regret, Guvernul anun\u021b\u0103 \u00eencetarea din via\u021b\u0103 a fostului pre\u0219edinte al Rom\u00e2niei, domnul Ion Iliescu. Fostul pre\u0219edinte al statului rom\u00e2n a decedat ast\u0103zi, 5 august 2025, la Spitalul Clinic de Urgen\u021b\u0103 \u201eProf. Dr. Agrippa Ionescu\u201d.\u201d<\/p>\n<\/blockquote>\n\n\n\n<p>Guvernul a anun\u021bat c\u0103\u00a0<strong>detaliile privind funeraliile de stat<\/strong>\u00a0vor fi comunicate ulterior. \u00cen mod tradi\u021bional, \u00een astfel de cazuri, este declarat\u0103 cel pu\u021bin\u00a0<strong>o zi de doliu na\u021bional<\/strong>, cu respectarea tuturor prevederilor legale.<\/p>\n\n\n\n<p><a href=\"https:\/\/femina.ro\/\">SURSA: https:\/\/femina.ro\/<\/a><\/p>\n","protected":false},"excerpt":{"rendered":"<p>\u00cen Rom\u00e2nia,\u00a0ziua de doliu na\u021bional\u00a0reprezint\u0103 un moment oficial de reculegere colectiv\u0103, instituit de Guvern \u00een memoria unor personalit\u0103\u021bi marcante sau ca urmare a unor tragedii<\/p>\n","protected":false},"author":1,"featured_media":40932,"comment_status":"closed","ping_status":"closed","sticky":false,"template":"","format":"standard","meta":[],"categories":[1],"tags":[],"_links":{"self":[{"href":"https:\/\/calatorinromania.com\/index.php?rest_route=\/wp\/v2\/posts\/41077"}],"collection":[{"href":"https:\/\/calatorinromania.com\/index.php?rest_route=\/wp\/v2\/posts"}],"about":[{"href":"https:\/\/calatorinromania.com\/index.php?rest_route=\/wp\/v2\/types\/post"}],"author":[{"embeddable":true,"href":"https:\/\/calatorinromania.com\/index.php?rest_route=\/wp\/v2\/users\/1"}],"replies":[{"embeddable":true,"href":"https:\/\/calatorinromania.com\/index.php?rest_route=%2Fwp%2Fv2%2Fcomments&post=41077"}],"version-history":[{"count":1,"href":"https:\/\/calatorinromania.com\/index.php?rest_route=\/wp\/v2\/posts\/41077\/revisions"}],"predecessor-version":[{"id":41078,"href":"https:\/\/calatorinromania.com\/index.php?rest_route=\/wp\/v2\/posts\/41077\/revisions\/41078"}],"wp:featuredmedia":[{"embeddable":true,"href":"https:\/\/calatorinromania.com\/index.php?rest_route=\/wp\/v2\/media\/40932"}],"wp:attachment":[{"href":"https:\/\/calatorinromania.com\/index.php?rest_route=%2Fwp%2Fv2%2Fmedia&parent=41077"}],"wp:term":[{"taxonomy":"category","embeddable":true,"href":"https:\/\/calatorinromania.com\/index.php?rest_route=%2Fwp%2Fv2%2Fcategories&post=41077"},{"taxonomy":"post_tag","embeddable":true,"href":"https:\/\/calatorinromania.com\/index.php?rest_route=%2Fwp%2Fv2%2Ftags&post=41077"}],"curies":[{"name":"wp","href":"https:\/\/api.w.org\/{rel}","templated":true}]}}