{"id":41074,"date":"2025-08-06T05:30:12","date_gmt":"2025-08-06T05:30:12","guid":{"rendered":"https:\/\/calatorinromania.com\/?p=41074"},"modified":"2025-08-06T05:30:13","modified_gmt":"2025-08-06T05:30:13","slug":"%f0%9f%8c%9f-apa-de-cuisoare-un-elixir-simplu-dar-puternic","status":"publish","type":"post","link":"https:\/\/calatorinromania.com\/?p=41074","title":{"rendered":"\ud83c\udf1f Apa de cui\u0219oare \u2013 un elixir simplu, dar puternic!"},"content":{"rendered":"\n<p><\/p>\n\n\n\n<p><strong>Cui\u0219oarele<\/strong> nu sunt doar un condiment aromat \u2013 ele sunt o <strong>comoar\u0103 natural\u0103 pentru s\u0103n\u0103tate<\/strong>! Din ele po\u021bi face foarte u\u0219or \u201e<strong>apa de cui\u0219oare<\/strong>\u201d \u2013 un remediu simplu, dar extrem de eficient pentru multiple afec\u021biuni. \ud83d\udca7\u2728<\/p>\n\n\n\n<p><\/p>\n\n\n\n<h2>\u2705 Beneficiile apei de cui\u0219oare<\/h2>\n\n\n\n<p><\/p>\n\n\n\n<p>\ud83c\udf7d\ufe0f <strong>Ajut\u0103 digestia<\/strong> \u0219i reduce balonarea<br>\ud83e\uddb7 <strong>Calmeaz\u0103 durerile de din\u021bi \u0219i g\u00e2tul iritat<\/strong><br>\ud83d\ude2e\u200d\ud83d\udca8 <strong>\u00cemprosp\u0103teaz\u0103 respira\u021bia<\/strong> \u0219i elimin\u0103 bacteriile din gur\u0103<br>\ud83d\udcaa <strong>Este antiinflamatoare \u0219i calmant\u0103<\/strong> pentru articula\u021bii<br>\ud83d\udee1\ufe0f <strong>Stimuleaz\u0103 imunitatea<\/strong> \u2013 datorit\u0103 antioxidan\u021bilor puternici<br>\ud83e\uddfd <strong>Detoxific\u0103 ficatul<\/strong> \u0219i sus\u021bine s\u0103n\u0103tatea general\u0103<br>\ud83c\udf6c <strong>Regleaz\u0103 glicemia<\/strong> \u0219i accelereaz\u0103 metabolismul<br>\u2696\ufe0f <strong>Ajut\u0103 la sl\u0103bit<\/strong> \u2013 reduce pofta de m\u00e2ncare<\/p>\n\n\n\n<p><\/p>\n\n\n\n<p><\/p>\n\n\n\n<h2>\ud83e\uddea Cum se prepar\u0103 apa de cui\u0219oare<\/h2>\n\n\n\n<p><\/p>\n\n\n\n<h3>Ingrediente:<\/h3>\n\n\n\n<ul>\n<li><strong>10-15 cui\u0219oare \u00eentregi<\/strong><\/li>\n\n\n\n<li><strong>250 ml de ap\u0103<\/strong><\/li>\n<\/ul>\n\n\n\n<p><\/p>\n\n\n\n<h3>Mod de preparare:<\/h3>\n\n\n\n<ol>\n<li>\ud83d\udd25 <strong>Fierbe apa<\/strong>, apoi adaug\u0103 cui\u0219oarele.<\/li>\n\n\n\n<li>\u23f1\ufe0f Las\u0103 s\u0103 fiarb\u0103 <strong>5-7 minute<\/strong>.<\/li>\n\n\n\n<li>\ud83e\uddf4 Acoper\u0103 \u0219i las\u0103 la infuzat \u00eenc\u0103 <strong>10 minute<\/strong>.<\/li>\n\n\n\n<li>\u2615 <strong>Strecoar\u0103<\/strong> \u0219i consum\u0103 <strong>cald\u0103 sau rece<\/strong>, dup\u0103 preferin\u021b\u0103.<\/li>\n<\/ol>\n\n\n\n<p><\/p>\n\n\n\n<h2>\ud83d\udca1 Cum se folose\u0219te<\/h2>\n\n\n\n<p><\/p>\n\n\n\n<p>\ud83c\udf05 <strong>Diminea\u021ba, pe stomacul gol<\/strong> \u2013 ca tonic energizant<br>\ud83d\udde3\ufe0f <strong>Pentru gargar\u0103<\/strong> \u2013 \u00een caz de dureri de g\u00e2t<br>\ud83d\udc81\u200d\u2640\ufe0f <strong>Aplicat\u0103 pe piele<\/strong> \u2013 ajut\u0103 la reducerea acneei<br>\ud83d\udc87\u200d\u2640\ufe0f <strong>Cl\u0103tire pentru p\u0103r<\/strong> \u2013 \u00eent\u0103re\u0219te firele \u0219i previne c\u0103derea<\/p>\n\n\n\n<p><\/p>\n\n\n\n<p><\/p>\n\n\n\n<h2>\u26a0\ufe0f Aten\u021bie!<\/h2>\n\n\n\n<p>\u2757 <em>Nu consuma \u00een exces!<\/em><br>\ud83d\udc69\u200d\u2695\ufe0f Femeile <strong>\u00eens\u0103rcinate<\/strong>, persoanele cu <strong>ulcer gastric<\/strong> sau cele care iau <strong>anticoagulante<\/strong> trebuie s\u0103 consulte medicul \u00eenainte de utilizare.<\/p>\n\n\n\n<h3><\/h3>\n","protected":false},"excerpt":{"rendered":"<p>Cui\u0219oarele nu sunt doar un condiment aromat \u2013 ele sunt o comoar\u0103 natural\u0103 pentru s\u0103n\u0103tate! Din ele po\u021bi face foarte u\u0219or \u201eapa de cui\u0219oare\u201d \u2013<\/p>\n","protected":false},"author":1,"featured_media":41075,"comment_status":"closed","ping_status":"closed","sticky":false,"template":"","format":"standard","meta":[],"categories":[1],"tags":[],"_links":{"self":[{"href":"https:\/\/calatorinromania.com\/index.php?rest_route=\/wp\/v2\/posts\/41074"}],"collection":[{"href":"https:\/\/calatorinromania.com\/index.php?rest_route=\/wp\/v2\/posts"}],"about":[{"href":"https:\/\/calatorinromania.com\/index.php?rest_route=\/wp\/v2\/types\/post"}],"author":[{"embeddable":true,"href":"https:\/\/calatorinromania.com\/index.php?rest_route=\/wp\/v2\/users\/1"}],"replies":[{"embeddable":true,"href":"https:\/\/calatorinromania.com\/index.php?rest_route=%2Fwp%2Fv2%2Fcomments&post=41074"}],"version-history":[{"count":1,"href":"https:\/\/calatorinromania.com\/index.php?rest_route=\/wp\/v2\/posts\/41074\/revisions"}],"predecessor-version":[{"id":41076,"href":"https:\/\/calatorinromania.com\/index.php?rest_route=\/wp\/v2\/posts\/41074\/revisions\/41076"}],"wp:featuredmedia":[{"embeddable":true,"href":"https:\/\/calatorinromania.com\/index.php?rest_route=\/wp\/v2\/media\/41075"}],"wp:attachment":[{"href":"https:\/\/calatorinromania.com\/index.php?rest_route=%2Fwp%2Fv2%2Fmedia&parent=41074"}],"wp:term":[{"taxonomy":"category","embeddable":true,"href":"https:\/\/calatorinromania.com\/index.php?rest_route=%2Fwp%2Fv2%2Fcategories&post=41074"},{"taxonomy":"post_tag","embeddable":true,"href":"https:\/\/calatorinromania.com\/index.php?rest_route=%2Fwp%2Fv2%2Ftags&post=41074"}],"curies":[{"name":"wp","href":"https:\/\/api.w.org\/{rel}","templated":true}]}}