{"id":41070,"date":"2025-08-05T09:41:30","date_gmt":"2025-08-05T09:41:30","guid":{"rendered":"https:\/\/calatorinromania.com\/?p=41070"},"modified":"2025-08-05T09:41:30","modified_gmt":"2025-08-05T09:41:30","slug":"un-barbat-si-a-lasat-cainele-inchis-intr-o-masina-pe-o-caldura-sufocanta-ca-sa-salvez-animalul-am-spart-geamul","status":"publish","type":"post","link":"https:\/\/calatorinromania.com\/?p=41070","title":{"rendered":"\u201dUn b\u0103rbat \u0219i-a l\u0103sat c\u00e2inele \u00eenchis \u00eentr-o ma\u0219in\u0103 pe o c\u0103ldur\u0103 sufocant\u0103: ca s\u0103 salvez animalul, am spart geamul\u201d"},"content":{"rendered":"\n<p>Un b\u0103rbat \u0219i-a l\u0103sat c\u00e2inele \u00eenchis \u00eentr-o ma\u0219in\u0103 pe o c\u0103ldur\u0103 sufocant\u0103: ca s\u0103 salvez animalul, am spart geamul, iar dup\u0103 aceea s-a \u00eent\u00e2mplat ceva nea\u0219teptat<\/p>\n\n\n\n<p><\/p>\n\n\n\n<p>Ieri a fost o zi cu adev\u0103rat torid\u0103. Aerul era \u00eencremenit, asfaltul se topea sub t\u0103lpi, iar singura mea dorin\u021b\u0103 era s\u0103 ajung c\u00e2t mai repede acas\u0103 \u0219i s\u0103 pornesc aerul condi\u021bionat. Dar, \u00eenainte de asta, am decis s\u0103 trec rapid pe la supermarket, s\u0103 iau ceva pentru cin\u0103.<\/p>\n\n\n\n<p><\/p>\n\n\n\n<p>\u00cen parcarea magazinului, mergeam printre ma\u0219ini, cu ochii miji\u021bi din cauza soarelui orbitor, c\u00e2nd deodat\u0103 am sim\u021bit ceva\u2026 nelini\u0219titor. M-am \u00eentors \u0219i am v\u0103zut-o.<\/p>\n\n\n\n<p><\/p>\n\n\n\n<p>O ciob\u0103neasc\u0103 st\u0103tea \u00eenchis\u0103 \u00eentr-o ma\u0219in\u0103, chinuit\u0103 de ar\u0219i\u021b\u0103. Am sim\u021bit imediat un nod \u00een stomac: geamurile erau aburite de la c\u0103ldur\u0103, c\u00e2inele respira cu dificultate, cu limba scoas\u0103, iar privirea \u00eei era sticloas\u0103. Se vedea clar \u2013 era la limit\u0103. Dac\u0103 afar\u0103 erau peste 30 de grade, \u00een ma\u0219in\u0103 era cu siguran\u021b\u0103 cu mult mai cald.<\/p>\n\n\n\n<p><\/p>\n\n\n\n<p>Pe parbriz am observat un bilet cu un num\u0103r de telefon. Am sunat. A r\u0103spuns un b\u0103rbat. Am \u00eencercat s\u0103-i explic calm:<\/p>\n\n\n\n<p>\u2014 C\u00e2inelui dumneavoastr\u0103 \u00eei este r\u0103u din cauza c\u0103ldurii, v\u0103 rog s\u0103 reveni\u021bi urgent, m\u0103car deschide\u021bi un geam!<\/p>\n\n\n\n<p>Dar r\u0103spunsul lui a fost glacial: \u2014 I-am l\u0103sat ap\u0103. Nu e treaba ta.<\/p>\n\n\n\n<p>Apa chiar era acolo \u2013 dar \u00eentr-o sticl\u0103 \u00eenchis\u0103. M-a cuprins furia. Cum, \u00een numele ra\u021biunii, s\u0103 bea un c\u00e2ine ap\u0103 dintr-o sticl\u0103 \u00eenchis\u0103?! Nu mai puteam a\u0219tepta.<\/p>\n\n\n\n<p>Am ridicat o piatr\u0103 de pe jos \u0219i am lovit cu toat\u0103 for\u021ba \u00een geam. S-a spart cu un zgomot puternic. Alarma s-a declan\u0219at \u00een toat\u0103 parcarea, dar nu-mi p\u0103sa.<\/p>\n\n\n\n<p>Am scos c\u00e2inele afar\u0103. A c\u0103zut l\u00e2ng\u0103 mine, respira greu, dar deja p\u0103rea c\u0103 \u00ee\u0219i revine. L-am stropit cu ap\u0103 \u0219i am strigat dup\u0103 ajutor.<\/p>\n\n\n\n<p>C\u00e2teva minute mai t\u00e2rziu a ap\u0103rut acel \u201est\u0103p\u00e2n\u201d. Fa\u021ba lui era desfigurat\u0103 de furie: \u2014 Ce faci?! Chem poli\u021bia!<\/p>\n\n\n\n<p>C\u00e2nd au ajuns poli\u021bi\u0219tii, s-a \u00eent\u00e2mplat ceva ce niciunul dintre noi nu anticipase.<\/p>\n\n\n\n<p>Unul dintre agen\u021bi, dup\u0103 ce a evaluat rapid situa\u021bia, s-a aplecat \u0219i a examinat c\u00e2inele. Apoi \u0219i-a ridicat privirea spre b\u0103rbat, cu o privire t\u0103ioas\u0103:<\/p>\n\n\n\n<p>\u2014 \u0218ti\u021bi c\u0103 l\u0103sarea unui animal \u00eenchis \u00eentr-o ma\u0219in\u0103 pe temperaturi extreme e considerat\u0103 cruzime? A\u021bi pus via\u021ba acestui c\u00e2ine \u00een pericol real.<\/p>\n\n\n\n<p>B\u0103rbatul a \u00eenceput s\u0103 protesteze, dar agentul i-a t\u0103iat scurt elanul:<\/p>\n\n\n\n<p>\u2014 T\u0103ce\u021bi. Vom verifica camerele de supraveghere. Dac\u0103 se confirm\u0103 c\u0103 animalul a fost l\u0103sat \u00een asemenea condi\u021bii, ve\u021bi r\u0103spunde penal. \u0218i \u00eenc\u0103 ceva: domni\u0219oara a ac\u021bionat \u00een baza unei urgen\u021be \u0219i a legii privind protec\u021bia animalelor. Nu a \u00eenc\u0103lcat nicio lege. Dumneavoastr\u0103 da.<\/p>\n\n\n\n<p>\u00cen jurul nostru se str\u00e2nseser\u0103 c\u00e2\u021biva oameni. Mul\u021bi filmau, iar cineva a aplaudat discret.<\/p>\n\n\n\n<p>C\u00e2inele, acum stropit \u0219i \u00eentins la umbr\u0103, s-a ridicat \u00eencet \u0219i a venit la mine. M-a lins u\u0219or pe m\u00e2n\u0103. Era o atingere cald\u0103, recunosc\u0103toare.<\/p>\n\n\n\n<p>P\u00e2n\u0103 la urm\u0103, poli\u021bi\u0219tii au chemat un veterinar de urgen\u021b\u0103 \u0219i au anun\u021bat Protec\u021bia Animalelor. B\u0103rbatul a fost sanc\u021bionat, iar c\u00e2inele i-a fost luat temporar, pentru evaluare.<\/p>\n\n\n\n<p>Peste c\u00e2teva zile, am fost sunat\u0103. Fusese deschis un dosar, iar c\u00e2inele urma s\u0103 fie dat spre adop\u021bie. Am \u0219tiut imediat ce am de f\u0103cut.<\/p>\n\n\n\n<p>Ast\u0103zi, ciob\u0103neasca st\u0103 la mine, culcat\u0103 la umbr\u0103, cu o p\u0103tur\u0103 moale sub ea \u0219i un bol de ap\u0103 proasp\u0103t\u0103 l\u00e2ng\u0103. Am numit-o Lada. \u0218i, da\u2026 Lada \u00eemi z\u00e2mbe\u0219te.<\/p>\n\n\n\n<p>Dac\u0103 \u021bi-a pl\u0103cut povestea, nu uita s\u0103 o distribui cu prietenii t\u0103i! \u00cempreun\u0103 putem duce mai departe emo\u021bia \u0219i inspira\u021bia.<\/p>\n\n\n\n<p>\u201dAceast\u0103 poveste este inspirat\u0103 din evenimente \u0219i persoane reale, \u00eens\u0103 a fost fic\u021bionalizat\u0103 \u00een scopuri creative. Numele, personajele \u0219i detaliile au fost schimbate pentru a proteja intimitatea \u0219i pentru a \u00eembun\u0103t\u0103\u021bi nara\u021biunea. Orice asem\u0103nare cu persoane reale, sau cu evenimente reale este pur \u00eent\u00e2mpl\u0103toare \u0219i nu este inten\u021bionat\u0103 de c\u0103tre autor.<\/p>\n\n\n\n<p>Autorul \u0219i editorul nu \u00ee\u0219i asum\u0103 responsabilitatea pentru exactitatea evenimentelor sau pentru modul \u00een care sunt portretizate personajele \u0219i nu sunt r\u0103spunz\u0103tori pentru eventuale interpret\u0103ri gre\u0219ite. Aceast\u0103 poveste este oferit\u0103 \u201eca atare\u201d, iar orice opinii exprimate apar\u021bin personajelor \u0219i nu reflect\u0103 punctele de vedere ale autorului sau ale editorului.\u201d<\/p>\n","protected":false},"excerpt":{"rendered":"<p>Un b\u0103rbat \u0219i-a l\u0103sat c\u00e2inele \u00eenchis \u00eentr-o ma\u0219in\u0103 pe o c\u0103ldur\u0103 sufocant\u0103: ca s\u0103 salvez animalul, am spart geamul, iar dup\u0103 aceea s-a \u00eent\u00e2mplat ceva<\/p>\n","protected":false},"author":1,"featured_media":40932,"comment_status":"closed","ping_status":"closed","sticky":false,"template":"","format":"standard","meta":[],"categories":[1],"tags":[],"_links":{"self":[{"href":"https:\/\/calatorinromania.com\/index.php?rest_route=\/wp\/v2\/posts\/41070"}],"collection":[{"href":"https:\/\/calatorinromania.com\/index.php?rest_route=\/wp\/v2\/posts"}],"about":[{"href":"https:\/\/calatorinromania.com\/index.php?rest_route=\/wp\/v2\/types\/post"}],"author":[{"embeddable":true,"href":"https:\/\/calatorinromania.com\/index.php?rest_route=\/wp\/v2\/users\/1"}],"replies":[{"embeddable":true,"href":"https:\/\/calatorinromania.com\/index.php?rest_route=%2Fwp%2Fv2%2Fcomments&post=41070"}],"version-history":[{"count":1,"href":"https:\/\/calatorinromania.com\/index.php?rest_route=\/wp\/v2\/posts\/41070\/revisions"}],"predecessor-version":[{"id":41071,"href":"https:\/\/calatorinromania.com\/index.php?rest_route=\/wp\/v2\/posts\/41070\/revisions\/41071"}],"wp:featuredmedia":[{"embeddable":true,"href":"https:\/\/calatorinromania.com\/index.php?rest_route=\/wp\/v2\/media\/40932"}],"wp:attachment":[{"href":"https:\/\/calatorinromania.com\/index.php?rest_route=%2Fwp%2Fv2%2Fmedia&parent=41070"}],"wp:term":[{"taxonomy":"category","embeddable":true,"href":"https:\/\/calatorinromania.com\/index.php?rest_route=%2Fwp%2Fv2%2Fcategories&post=41070"},{"taxonomy":"post_tag","embeddable":true,"href":"https:\/\/calatorinromania.com\/index.php?rest_route=%2Fwp%2Fv2%2Ftags&post=41070"}],"curies":[{"name":"wp","href":"https:\/\/api.w.org\/{rel}","templated":true}]}}