{"id":41068,"date":"2025-08-05T09:38:17","date_gmt":"2025-08-05T09:38:17","guid":{"rendered":"https:\/\/calatorinromania.com\/?p=41068"},"modified":"2025-08-05T09:38:18","modified_gmt":"2025-08-05T09:38:18","slug":"ma-plimbam-linistit-prin-padure","status":"publish","type":"post","link":"https:\/\/calatorinromania.com\/?p=41068","title":{"rendered":"M\u0103 plimbam lini\u0219tit prin p\u0103dure"},"content":{"rendered":"\n<p>Avem tendin\u021ba s\u0103 credem c\u0103 momentele care ne transform\u0103 vin cu zgomot: o decizie crucial\u0103, o revela\u021bie, o lovitur\u0103 a destinului. Dar uneori, ceea ce ne schimb\u0103 via\u021ba \u00eencepe cu ceva la fel de simplu ca o plimbare.<\/p>\n\n\n\n<p><\/p>\n\n\n\n<p>\u00cen acea diminea\u021b\u0103, ca \u00een at\u00e2tea altele, am ie\u0219it la o plimbare prin p\u0103dure, \u00een c\u0103utarea unui strop de lini\u0219te \u0219i t\u0103cere. Aerul era proasp\u0103t, lumina \u2014 cenu\u0219ie \u0219i bl\u00e2nd\u0103. Mergeam pe o potec\u0103 cunoscut\u0103, una pe care obi\u0219nuiesc s\u0103 o urmez c\u00e2nd simt nevoia s\u0103 revin la mine \u00eens\u0103mi. Nu \u0219tiam c\u0103, printre frunzele umede \u0219i umbrele ferigilor, ceva nea\u0219teptat m\u0103 a\u0219tepta.<\/p>\n\n\n\n<p><\/p>\n\n\n\n<p><strong>Misterioasele bilu\u021be galbene<\/strong><br>Am \u00eentors pe o curb\u0103 \u0219i atunci le-am v\u0103zut. Pe marginea c\u0103r\u0103rii, erau ni\u0219te mici sfere galbene, perfect rotunde \u0219i str\u00e2nse laolalt\u0103. La \u00eenceput am crezut c\u0103 sunt un fel de ciuperci ciudate. Aveau o culoare vie \u0219i o textur\u0103 at\u00e2t de fin\u0103 \u00eenc\u00e2t p\u0103reau din plastic. M-am apropiat, curioas\u0103.<\/p>\n\n\n\n<p><\/p>\n\n\n\n<p>\u0218i atunci, s-au mi\u0219cat.<\/p>\n\n\n\n<p>Un fior mi-a trecut pe \u0219ira spin\u0103rii. M-am oprit brusc, mi-am \u00eencordat auzul\u2026 \u0219i am auzit un piuit slab. Abia perceptibil, aproape ca o \u0219oapt\u0103. Aceste bilu\u021be nu erau ciuperci. Erau pui\u0219ori minusculi.<\/p>\n\n\n\n<p><strong>Pui singuri \u0219i tremur\u0103tori pe p\u0103m\u00e2nt<\/strong><br>Unii erau \u00eenc\u0103 acoperi\u021bi pe jum\u0103tate de resturi de coaj\u0103. Al\u021bii tremurau gr\u0103m\u0103joar\u0103, cu ochii \u00eenchi\u0219i \u0219i cu puful moale mi\u0219cat de v\u00e2ntul dimine\u021bii. Nu era niciun cuib, nicio mam\u0103 \u00een apropiere, nici urm\u0103 de cote\u021b. Doar ei. Fragili. Expusi. Vii.<\/p>\n\n\n\n<p>Pentru o clip\u0103, am crezut c\u0103 visez. Dar adev\u0103rul a fost mai crud: cineva \u00eei l\u0103sase acolo inten\u021bionat.<\/p>\n\n\n\n<p><strong>Apelul care a f\u0103cut diferen\u021ba<\/strong><br>F\u0103r\u0103 s\u0103 stau pe g\u00e2nduri, am sunat la un ad\u0103post pentru animale. Mi-au r\u0103spuns cu urgen\u021b\u0103:<br>\u2014 \u201eNu pleca. R\u0103m\u00e2i cu ei.\u201d<\/p>\n\n\n\n<p>A\u0219a am f\u0103cut. M-am a\u0219ezat l\u00e2ng\u0103 ei \u00een genunchi, f\u0103r\u0103 s\u0103-i ating, tem\u00e2ndu-m\u0103 s\u0103 nu-i r\u0103nesc. Am r\u0103mas pur \u0219i simplu acolo, \u00eencerc\u00e2nd s\u0103-i protejez de v\u00e2nt, de singur\u0103tate, de abandon.<\/p>\n\n\n\n<p>La scurt timp, a sosit echipa de salvare. \u00cempreun\u0103 i-am adunat, unul c\u00e2te unul, a\u0219ez\u00e2ndu-i cu grij\u0103 \u00een cutii cu p\u0103turi moi. Unii piuiau, al\u021bii abia respirau, dar erau \u00een via\u021b\u0103.<\/p>\n\n\n\n<p><strong>Un final dulce-amar, plin de \u00eentreb\u0103ri<\/strong><br>C\u00e2teva zile mai t\u00e2rziu, ad\u0103postul m-a sunat: majoritatea pui\u0219orilor supravie\u021buiser\u0103. Se aflau la c\u0103ldur\u0103, sub supraveghere, \u0219i urmau s\u0103 fie du\u0219i \u00een case specializate. A fost o u\u0219urare\u2026 dar nu complet\u0103.<\/p>\n\n\n\n<p>N-am aflat niciodat\u0103 cine i-a abandonat, nici de ce. \u0218i poate c\u0103 nu voi \u0219ti niciodat\u0103. Dar am \u00een\u021beles un lucru: \u00een ziua aceea, orice mic\u0103 abatere din pa\u0219ii mei ar fi \u00eensemnat un alt destin pentru ei. E de ajuns s\u0103 prive\u0219ti \u00een alt\u0103 parte pentru ca o tragedie s\u0103 treac\u0103 neobservat\u0103.<\/p>\n\n\n\n<p><strong>Prezen\u021ba care schimb\u0103 lumea<\/strong><br>Uneori credem c\u0103 doar marile fapte schimb\u0103 lumea. Dar, de cele mai multe ori, o privire atent\u0103, un telefon dat, o prezen\u021b\u0103 t\u0103cut\u0103 \u2014 acestea fac toat\u0103 diferen\u021ba.<\/p>\n\n\n\n<p>\u00cen acea zi, am fost \u00een locul potrivit, la momentul potrivit. Nu pentru mine, ci pentru ei.<\/p>\n\n\n\n<p><strong>Ce \u00eenv\u0103\u021b\u0103m din aceast\u0103 poveste?<\/strong><br>C\u0103 nu trebuie s\u0103 fim eroi ca s\u0103 schimb\u0103m ceva. E suficient s\u0103 fim prezen\u021bi, s\u0103 fim aten\u021bi, s\u0103 ascult\u0103m micile chem\u0103ri pe care via\u021ba ni le arunc\u0103. Uneori, o simpl\u0103 plimbare se transform\u0103 \u00eentr-un act de compasiune care schimb\u0103 destinul altor fiin\u021be.<\/p>\n\n\n\n<p>Data viitoare c\u00e2nd ie\u0219i la plimbare, ridic\u0103 privirea, ascu\u021b-\u021bi auzul\u2026 pentru c\u0103 s-ar putea ca lumea s\u0103-\u021bi vorbeasc\u0103.<\/p>\n\n\n\n<p><em>Aceast\u0103 lucrare este inspirat\u0103 din evenimente \u0219i persoane reale, \u00eens\u0103 a fost fic\u021bionalizat\u0103 \u00een scopuri creative. Numele, personajele \u0219i detaliile au fost schimbate pentru a proteja intimitatea \u0219i pentru a \u00eembun\u0103t\u0103\u021bi nara\u021biunea. Orice asem\u0103nare cu persoane reale, \u00een via\u021b\u0103 sau decedate, sau cu evenimente reale este pur \u00eent\u00e2mpl\u0103toare \u0219i nu este inten\u021bionat\u0103 de c\u0103tre autor.<\/em><\/p>\n\n\n\n<p><em>Autorul \u0219i editorul nu \u00ee\u0219i asum\u0103 responsabilitatea pentru exactitatea evenimentelor sau pentru modul \u00een care sunt portretizate personajele \u0219i nu sunt r\u0103spunz\u0103tori pentru eventuale interpret\u0103ri gre\u0219ite. Aceast\u0103 poveste este oferit\u0103 \u201eca atare\u201d, iar orice opinii exprimate apar\u021bin personajelor \u0219i nu reflect\u0103 punctele de vedere ale autorului sau ale editorului.<\/em><\/p>\n","protected":false},"excerpt":{"rendered":"<p>Avem tendin\u021ba s\u0103 credem c\u0103 momentele care ne transform\u0103 vin cu zgomot: o decizie crucial\u0103, o revela\u021bie, o lovitur\u0103 a destinului. Dar uneori, ceea ce<\/p>\n","protected":false},"author":1,"featured_media":40932,"comment_status":"closed","ping_status":"closed","sticky":false,"template":"","format":"standard","meta":[],"categories":[1],"tags":[],"_links":{"self":[{"href":"https:\/\/calatorinromania.com\/index.php?rest_route=\/wp\/v2\/posts\/41068"}],"collection":[{"href":"https:\/\/calatorinromania.com\/index.php?rest_route=\/wp\/v2\/posts"}],"about":[{"href":"https:\/\/calatorinromania.com\/index.php?rest_route=\/wp\/v2\/types\/post"}],"author":[{"embeddable":true,"href":"https:\/\/calatorinromania.com\/index.php?rest_route=\/wp\/v2\/users\/1"}],"replies":[{"embeddable":true,"href":"https:\/\/calatorinromania.com\/index.php?rest_route=%2Fwp%2Fv2%2Fcomments&post=41068"}],"version-history":[{"count":1,"href":"https:\/\/calatorinromania.com\/index.php?rest_route=\/wp\/v2\/posts\/41068\/revisions"}],"predecessor-version":[{"id":41069,"href":"https:\/\/calatorinromania.com\/index.php?rest_route=\/wp\/v2\/posts\/41068\/revisions\/41069"}],"wp:featuredmedia":[{"embeddable":true,"href":"https:\/\/calatorinromania.com\/index.php?rest_route=\/wp\/v2\/media\/40932"}],"wp:attachment":[{"href":"https:\/\/calatorinromania.com\/index.php?rest_route=%2Fwp%2Fv2%2Fmedia&parent=41068"}],"wp:term":[{"taxonomy":"category","embeddable":true,"href":"https:\/\/calatorinromania.com\/index.php?rest_route=%2Fwp%2Fv2%2Fcategories&post=41068"},{"taxonomy":"post_tag","embeddable":true,"href":"https:\/\/calatorinromania.com\/index.php?rest_route=%2Fwp%2Fv2%2Ftags&post=41068"}],"curies":[{"name":"wp","href":"https:\/\/api.w.org\/{rel}","templated":true}]}}