{"id":41062,"date":"2025-08-05T09:16:54","date_gmt":"2025-08-05T09:16:54","guid":{"rendered":"https:\/\/calatorinromania.com\/?p=41062"},"modified":"2025-08-05T09:16:55","modified_gmt":"2025-08-05T09:16:55","slug":"fiul-meu-m-a-lasat-singura-pe-un-drum-pustiu","status":"publish","type":"post","link":"https:\/\/calatorinromania.com\/?p=41062","title":{"rendered":"Fiul meu m-a l\u0103sat singur\u0103 pe un drum pustiu"},"content":{"rendered":"\n<p>Fiul meu m-a l\u0103sat singur\u0103 pe un drum pustiu din cauza so\u021biei lui, dar nimeni nu \u0219i-ar fi putut imagina ce avea s\u0103 se \u00eent\u00e2mple o lun\u0103 mai t\u00e2rziu\u00a0<\/p>\n\n\n\n<p><\/p>\n\n\n\n<p>Mi-am crescut fiul singur\u0103. Din primele zile ale vie\u021bii lui, el a devenit totul pentru mine. Tr\u0103iam pentru el. Nu-mi cump\u0103ram rochii, nu-mi permiteam zile libere, nici nu-mi amintesc c\u00e2nd am dormit ultima dat\u0103 lini\u0219tit\u0103 \u2014 totul era pentru el.<\/p>\n\n\n\n<p><\/p>\n\n\n\n<p>Munceam zi \u0219i noapte: la po\u0219t\u0103, ca femeie de serviciu \u0219i sp\u0103lam vase \u00eentr-o cafenea. C\u00e2nd oamenii m\u0103 \u00eentrebau de ce m\u0103 epuizez at\u00e2t, r\u0103spundeam mereu: \u201eVreau ca fiul meu s\u0103 aib\u0103 tot ce mie mi-a lipsit.\u201d<\/p>\n\n\n\n<p><\/p>\n\n\n\n<p>Credeam c\u0103, atunci c\u00e2nd voi \u00eemb\u0103tr\u00e2ni, va fi al\u0103turi de mine. C\u0103 nu m\u0103 va p\u0103r\u0103si, nu m\u0103 va tr\u0103da. \u00cemi spunea mereu: \u201eM\u0103mico, c\u00e2nd o s\u0103 cresc, o s\u0103-\u021bi cump\u0103r o cas\u0103 \u0219i o ma\u0219in\u0103!\u201d \u0218i eu \u00eel credeam. Pentru c\u0103 era b\u0103iatul meu.<\/p>\n\n\n\n<p><\/p>\n\n\n\n<p>Dar totul s-a schimbat c\u00e2nd \u00een via\u021ba lui a ap\u0103rut o fat\u0103. Din prima clip\u0103 am sim\u021bit c\u0103 nu va aduce nimic bun.<\/p>\n\n\n\n<p><\/p>\n\n\n\n<p>Se uita la mine cu un z\u00e2mbet rece. Nu m-a numit niciodat\u0103 pe nume. Nici \u201edoamn\u0103\u201d, nici \u201emam\u0103\u201d \u2014 doar \u201etu\u201d.<\/p>\n\n\n\n<p>Imediat a \u00eenceput s\u0103-i bage \u00een cap c\u0103 \u00eel \u201e\u021bin pe loc\u201d. \u00cel f\u0103cea de ru\u0219ine pentru c\u0103 m\u0103 ajuta, \u00eei spunea:<\/p>\n\n\n\n<p>\u2014 De ce-i dai bani mamei tale? S\u0103 munceasc\u0103, dac\u0103 vrea s\u0103 m\u0103n\u00e2nce.<\/p>\n\n\n\n<p>\u2014 Nu mai trage de ea dup\u0103 tine. Acum ai propria familie.<\/p>\n\n\n\n<p>\u021aesea intrigi, \u00eel convingea s\u0103 nu m\u0103 mai viziteze. Le spunea cunoscu\u021bilor c\u0103 \u201e\u00eel manipulez\u201d, de\u0219i eu doar \u00eel sunam uneori s\u0103 v\u0103d dac\u0103 e bine.<\/p>\n\n\n\n<p>C\u00e2nd i-am adus \u00eentr-o zi o pl\u0103cint\u0103, ea l-a dat afar\u0103 spun\u00e2nd:<\/p>\n\n\n\n<p>\u2014 S\u0103-\u0219i spele \u00eent\u00e2i m\u00e2inile de mirosul altor buc\u0103t\u0103rii \u00eenainte s\u0103 mai aduc\u0103 m\u00e2ncare.<\/p>\n\n\n\n<p>El devenea tot mai rece. \u00cen fiecare zi sim\u021beam c\u0103-l pierd. Apoi, \u00eentr-o diminea\u021b\u0103, mi-a spus:<\/p>\n\n\n\n<p>\u2014 Mam\u0103, vreau s\u0103 te duc undeva. O s\u0103 stai acolo o perioad\u0103. O s\u0103 te odihne\u0219ti.<\/p>\n\n\n\n<p>\u00cen vocea lui nu era nici c\u0103ldur\u0103, nici grij\u0103. Am sim\u021bit unde m\u0103 duce. Dar m-am dus. Pentru c\u0103 era copilul meu.<\/p>\n\n\n\n<p>Am mers mult. Tot mai departe de ora\u0219. La un moment dat, s-a oprit. Un drum pustiu. Nicio cas\u0103, niciun om. Doar nisip \u0219i v\u00e2nt.<\/p>\n\n\n\n<p>\u2014 Coboar\u0103, mi-a spus.<\/p>\n\n\n\n<p>Am cobor\u00e2t. Nu m-a privit \u00een ochi. A \u00eenchis u\u0219a \u0219i a plecat, l\u0103s\u00e2ndu-m\u0103 \u00een mijlocul pustiet\u0103\u021bii.<\/p>\n\n\n\n<p>Atunci nici nu-mi imaginam c\u0103, peste doar o lun\u0103, fiul meu avea s\u0103 vin\u0103 s\u0103-mi cear\u0103 iertare\u00a0<br>Dar cui \u00eei mai pas\u0103? \u00cemi spun povestea \u00een primul comentariu \u0219i sper la sus\u021binerea voastr\u0103.\u00a0<\/p>\n\n\n\n<p>St\u0103team \u00een picioare, nevenindu-mi s\u0103 cred. Parc\u0103 cineva \u00eemi smulsese inima din piept. Nu am \u021bipat. Nici m\u0103car lacrimile nu mai veneau. Era doar lini\u0219te \u0219i durere. Nu \u0219tiam \u00eencotro s-o iau. Nu \u0219tiam cum s\u0103 mai tr\u0103iesc.<\/p>\n\n\n\n<p>Doar st\u0103team \u0219i m\u0103 rugam s\u0103 m\u0103 trezesc din co\u0219marul \u0103sta.<\/p>\n\n\n\n<p>M-a g\u0103sit un veri\u0219or \u00eendep\u0103rtat. Locuia singur \u00eentr-un sat \u0219i m-a primit la el. Nu l-am sunat pe fiul meu. Nu voiam s\u0103-i aud vocea.<\/p>\n\n\n\n<p>A trecut o lun\u0103. \u0218i iat\u0103 \u2014 a venit.<\/p>\n\n\n\n<p>St\u0103tea \u00een fa\u021ba mea, \u00een genunchi, pl\u00e2ng\u00e2nd ca un copil.<\/p>\n\n\n\n<p>Se pare c\u0103 fata aceea l-a tr\u0103dat. L-a \u00een\u0219elat cu un prieten de-al lui. I-a luat aproape to\u021bi banii din contul comun \u0219i a fugit. L-a l\u0103sat \u00een datorii \u0219i \u00een ru\u0219ine.<\/p>\n\n\n\n<p>Mi-a spus c\u0103 atunci, c\u00e2nd m-a alungat, credea c\u0103 face ce trebuie. C\u0103-\u0219i construie\u0219te o \u201enou\u0103 via\u021b\u0103\u201d. Dar, de fapt, d\u0103r\u00e2ma totul.<\/p>\n\n\n\n<p>M\u0103 implora s\u0103-l iert. Lacrimile \u00eei curgeau pe obraji. \u00cemi s\u0103ruta m\u00e2inile.<\/p>\n\n\n\n<p>\u2014 M\u0103mico, iart\u0103-m\u0103\u2026 Am uitat cine m\u0103 iube\u0219te cu adev\u0103rat.<\/p>\n\n\n\n<p>Iar eu doar \u00eel priveam \u0219i m\u0103 g\u00e2ndeam:<\/p>\n\n\n\n<p>Oare am eu nevoie de iertarea asta?<\/p>\n\n\n\n<p><em>Aceast\u0103 lucrare este inspirat\u0103 din evenimente \u0219i persoane reale, \u00eens\u0103 a fost fic\u021bionalizat\u0103 \u00een scopuri creative. Numele, personajele \u0219i detaliile au fost schimbate pentru a proteja intimitatea \u0219i pentru a \u00eembun\u0103t\u0103\u021bi nara\u021biunea. Orice asem\u0103nare cu persoane reale, \u00een via\u021b\u0103 sau decedate, sau cu evenimente reale este pur \u00eent\u00e2mpl\u0103toare \u0219i nu este inten\u021bionat\u0103 de c\u0103tre autor.<\/em><\/p>\n\n\n\n<p><em>Autorul \u0219i editorul nu \u00ee\u0219i asum\u0103 responsabilitatea pentru exactitatea evenimentelor sau pentru modul \u00een care sunt portretizate personajele \u0219i nu sunt r\u0103spunz\u0103tori pentru eventuale interpret\u0103ri gre\u0219ite. Aceast\u0103 poveste este oferit\u0103 \u201eca atare\u201d, iar orice opinii exprimate apar\u021bin personajelor \u0219i nu reflect\u0103 punctele de vedere ale autorului sau ale editorului.<\/em><\/p>\n","protected":false},"excerpt":{"rendered":"<p>Fiul meu m-a l\u0103sat singur\u0103 pe un drum pustiu din cauza so\u021biei lui, dar nimeni nu \u0219i-ar fi putut imagina ce avea s\u0103 se \u00eent\u00e2mple<\/p>\n","protected":false},"author":1,"featured_media":40654,"comment_status":"closed","ping_status":"closed","sticky":false,"template":"","format":"standard","meta":[],"categories":[1],"tags":[],"_links":{"self":[{"href":"https:\/\/calatorinromania.com\/index.php?rest_route=\/wp\/v2\/posts\/41062"}],"collection":[{"href":"https:\/\/calatorinromania.com\/index.php?rest_route=\/wp\/v2\/posts"}],"about":[{"href":"https:\/\/calatorinromania.com\/index.php?rest_route=\/wp\/v2\/types\/post"}],"author":[{"embeddable":true,"href":"https:\/\/calatorinromania.com\/index.php?rest_route=\/wp\/v2\/users\/1"}],"replies":[{"embeddable":true,"href":"https:\/\/calatorinromania.com\/index.php?rest_route=%2Fwp%2Fv2%2Fcomments&post=41062"}],"version-history":[{"count":1,"href":"https:\/\/calatorinromania.com\/index.php?rest_route=\/wp\/v2\/posts\/41062\/revisions"}],"predecessor-version":[{"id":41063,"href":"https:\/\/calatorinromania.com\/index.php?rest_route=\/wp\/v2\/posts\/41062\/revisions\/41063"}],"wp:featuredmedia":[{"embeddable":true,"href":"https:\/\/calatorinromania.com\/index.php?rest_route=\/wp\/v2\/media\/40654"}],"wp:attachment":[{"href":"https:\/\/calatorinromania.com\/index.php?rest_route=%2Fwp%2Fv2%2Fmedia&parent=41062"}],"wp:term":[{"taxonomy":"category","embeddable":true,"href":"https:\/\/calatorinromania.com\/index.php?rest_route=%2Fwp%2Fv2%2Fcategories&post=41062"},{"taxonomy":"post_tag","embeddable":true,"href":"https:\/\/calatorinromania.com\/index.php?rest_route=%2Fwp%2Fv2%2Ftags&post=41062"}],"curies":[{"name":"wp","href":"https:\/\/api.w.org\/{rel}","templated":true}]}}