{"id":41058,"date":"2025-08-05T08:46:49","date_gmt":"2025-08-05T08:46:49","guid":{"rendered":"https:\/\/calatorinromania.com\/?p=41058"},"modified":"2025-08-05T08:46:50","modified_gmt":"2025-08-05T08:46:50","slug":"a-fost-un-cosmar-adevarat-sotia-mea-s-a-stins-acum-patru-zile-in-timpul-nasterii-continuarea","status":"publish","type":"post","link":"https:\/\/calatorinromania.com\/?p=41058","title":{"rendered":"\u201dA fost un co\u0219mar adev\u0103rat. So\u021bia mea s-a stins acum patru zile, \u00een timpul na\u0219terii\u201d \u2013 continuarea"},"content":{"rendered":"\n<p>A fost un co\u0219mar adev\u0103rat. So\u021bia mea s-a stins acum patru zile, \u00een timpul na\u0219terii. \u021aineam \u00een bra\u021be fiica noastr\u0103 nou-n\u0103scut\u0103, \u00eencerc\u00e2nd \u00eenc\u0103 s\u0103 accept faptul c\u0103 Maria nu mai era, c\u0103 nu apucase s\u0103 o \u00eent\u00e2lneasc\u0103 pe micu\u021ba noastr\u0103. Tot ce voiam era s\u0103 m\u0103 \u00eentorc acas\u0103\u2026<\/p>\n\n\n\n<p><\/p>\n\n\n\n<p>\u2014 Este copilul dumneavoastr\u0103, domnule? m-a \u00eentrebat femeia de la poarta de \u00eembarcare.<\/p>\n\n\n\n<p><\/p>\n\n\n\n<p>\u2014 Desigur c\u0103 este. Are patru zile. Acum pot trece? am spus eu, iritat.<\/p>\n\n\n\n<p><\/p>\n\n\n\n<p>\u2014 \u00cemi pare r\u0103u, domnule, dar nu pute\u021bi trece, este prea mic\u0103, a spus femeia pe un ton ferm.<\/p>\n\n\n\n<p><\/p>\n\n\n\n<p>\u2014 Ce \u00eenseamn\u0103 asta?! am \u00eentrebat, furios. Spune\u021bi c\u0103 trebuie s\u0103 r\u0103m\u00e2n aici?! Nu am familie aici cu care s\u0103 stau. Tocmai mi-am pierdut so\u021bia! Trebuie s\u0103 ajung acas\u0103 ast\u0103zi!<\/p>\n\n\n\n<p><\/p>\n\n\n\n<p>\u2014 Este politica noastr\u0103, domnule, a spus femeia, \u00eentorc\u00e2ndu-se spre urm\u0103toarea persoan\u0103 din coad\u0103.<\/p>\n\n\n\n<p>Nu aveam cuvinte. Ar fi durat destul de mult s\u0103 ob\u021bin documentul necesar. \u0218i\u2026 nu aveam unde s\u0103 m\u0103 duc \u00een acest jude\u021b \u0219i nu aveam pe cine s\u0103 rog pentru ajutor. Eram complet singur.<\/p>\n\n\n\n<p>Eram preg\u0103tit s\u0103 petrec noaptea \u00een aeroport, cu micu\u021ba mea \u00een bra\u021be, dar atunci mi-am adus aminte de singura persoan\u0103 din lume care m\u0103 putea ajuta. A\u0219a c\u0103 am sunat la num\u0103rul ei\u2026<\/p>\n\n\n\n<p>\u2014 Alo? a r\u0103spuns o voce cald\u0103, u\u0219or surprins\u0103.<\/p>\n\n\n\n<p>\u2014 Mam\u0103\u2026 am izbucnit eu, cu vocea spart\u0103. Maria\u2026 a murit \u00een timpul na\u0219terii. Sunt blocat \u00een aeroport, cu cea mic\u0103. Nu m\u0103 las\u0103 s\u0103 urc \u00een avion. Te rog, ajut\u0103-m\u0103!<\/p>\n\n\n\n<p>Mama a t\u0103cut c\u00e2teva secunde, apoi am auzit o hot\u0103r\u00e2re \u00een glasul ei pe care o recuno\u0219team din copil\u0103rie.<\/p>\n\n\n\n<p>\u2014 Ascult\u0103-m\u0103 bine, Andrei. Spune-mi exact unde e\u0219ti. M\u0103 urc \u00een ma\u0219in\u0103 \u0219i pornesc acum. O s\u0103 ajung la tine \u00een c\u00e2teva ore.<\/p>\n\n\n\n<p>\u2014 Dar\u2026 e un drum lung, mam\u0103. \u0218i deja e noapte.<\/p>\n\n\n\n<p>\u2014 Nici nu conteaz\u0103. E\u0219ti fiul meu \u0219i e\u0219ti \u00een nevoie. Vin imediat.<\/p>\n\n\n\n<p>C\u00e2teva ore mai t\u00e2rziu, c\u00e2nd credeam c\u0103 nu mai pot de oboseal\u0103, am v\u0103zut-o pe mama alerg\u00e2nd spre noi prin sala de a\u0219teptare. M-a \u00eembr\u0103\u021bi\u0219at str\u00e2ns, apoi a luat-o pe micu\u021b\u0103 \u00een bra\u021be, lacrimile \u0219iroindu-i pe obraji.<\/p>\n\n\n\n<p>\u2014 E at\u00e2t de frumoas\u0103\u2026 \u0219i at\u00e2t de mic\u0103, a \u0219optit ea.<\/p>\n\n\n\n<p>\u2014 M\u0103 bucur c\u0103 ai venit, mam\u0103. Nu cred c\u0103 a\u0219 fi rezistat singur.<\/p>\n\n\n\n<p>\u2014 Nu mai e\u0219ti singur, Andrei. Suntem aici \u00eempreun\u0103, iar acum o s\u0103 o ducem pe nepo\u021bica mea acas\u0103, unde o a\u0219teapt\u0103 dragoste \u0219i lini\u0219te.<\/p>\n\n\n\n<p>Am pornit to\u021bi trei spre cas\u0103, iar pe drum, \u00een timp ce mama \u00eei c\u00e2nta u\u0219or feti\u021bei mele, mi-am dat seama c\u0103, de\u0219i pierdusem mult, mai aveam tot ce conta cu adev\u0103rat: o familie care nu va pleca nic\u0103ieri \u0219i un viitor pe care \u00eel vom construi \u00eempreun\u0103.<\/p>\n\n\n\n<p>Dac\u0103 \u021bi-a pl\u0103cut povestea, nu uita s\u0103 o distribui cu prietenii t\u0103i! \u00cempreun\u0103 putem duce mai departe emo\u021bia \u0219i inspira\u021bia.<\/p>\n\n\n\n<p>\u201dAceast\u0103 poveste este inspirat\u0103 din evenimente \u0219i persoane reale, \u00eens\u0103 a fost fic\u021bionalizat\u0103 \u00een scopuri creative. Numele, personajele \u0219i detaliile au fost schimbate pentru a proteja intimitatea \u0219i pentru a \u00eembun\u0103t\u0103\u021bi nara\u021biunea. Orice asem\u0103nare cu persoane reale, sau cu evenimente reale este pur \u00eent\u00e2mpl\u0103toare \u0219i nu este inten\u021bionat\u0103 de c\u0103tre autor.<\/p>\n\n\n\n<p>Autorul \u0219i editorul nu \u00ee\u0219i asum\u0103 responsabilitatea pentru exactitatea evenimentelor sau pentru modul \u00een care sunt portretizate personajele \u0219i nu sunt r\u0103spunz\u0103tori pentru eventuale interpret\u0103ri gre\u0219ite. Aceast\u0103 poveste este oferit\u0103 \u201eca atare\u201d, iar orice opinii exprimate apar\u021bin personajelor \u0219i nu reflect\u0103 punctele de vedere ale autorului sau ale editorului.\u201d<\/p>\n","protected":false},"excerpt":{"rendered":"<p>A fost un co\u0219mar adev\u0103rat. So\u021bia mea s-a stins acum patru zile, \u00een timpul na\u0219terii. \u021aineam \u00een bra\u021be fiica noastr\u0103 nou-n\u0103scut\u0103, \u00eencerc\u00e2nd \u00eenc\u0103 s\u0103 accept<\/p>\n","protected":false},"author":1,"featured_media":40932,"comment_status":"closed","ping_status":"closed","sticky":false,"template":"","format":"standard","meta":[],"categories":[1],"tags":[],"_links":{"self":[{"href":"https:\/\/calatorinromania.com\/index.php?rest_route=\/wp\/v2\/posts\/41058"}],"collection":[{"href":"https:\/\/calatorinromania.com\/index.php?rest_route=\/wp\/v2\/posts"}],"about":[{"href":"https:\/\/calatorinromania.com\/index.php?rest_route=\/wp\/v2\/types\/post"}],"author":[{"embeddable":true,"href":"https:\/\/calatorinromania.com\/index.php?rest_route=\/wp\/v2\/users\/1"}],"replies":[{"embeddable":true,"href":"https:\/\/calatorinromania.com\/index.php?rest_route=%2Fwp%2Fv2%2Fcomments&post=41058"}],"version-history":[{"count":1,"href":"https:\/\/calatorinromania.com\/index.php?rest_route=\/wp\/v2\/posts\/41058\/revisions"}],"predecessor-version":[{"id":41059,"href":"https:\/\/calatorinromania.com\/index.php?rest_route=\/wp\/v2\/posts\/41058\/revisions\/41059"}],"wp:featuredmedia":[{"embeddable":true,"href":"https:\/\/calatorinromania.com\/index.php?rest_route=\/wp\/v2\/media\/40932"}],"wp:attachment":[{"href":"https:\/\/calatorinromania.com\/index.php?rest_route=%2Fwp%2Fv2%2Fmedia&parent=41058"}],"wp:term":[{"taxonomy":"category","embeddable":true,"href":"https:\/\/calatorinromania.com\/index.php?rest_route=%2Fwp%2Fv2%2Fcategories&post=41058"},{"taxonomy":"post_tag","embeddable":true,"href":"https:\/\/calatorinromania.com\/index.php?rest_route=%2Fwp%2Fv2%2Ftags&post=41058"}],"curies":[{"name":"wp","href":"https:\/\/api.w.org\/{rel}","templated":true}]}}