{"id":41056,"date":"2025-08-05T07:31:11","date_gmt":"2025-08-05T07:31:11","guid":{"rendered":"https:\/\/calatorinromania.com\/?p=41056"},"modified":"2025-08-05T07:31:12","modified_gmt":"2025-08-05T07:31:12","slug":"ma-numesc-diana-am-60-de-ani-si-sunt-doar-o-femeie-de-serviciu-continuarea","status":"publish","type":"post","link":"https:\/\/calatorinromania.com\/?p=41056","title":{"rendered":"\u201dM\u0103 numesc Diana, am 60 de ani \u0219i sunt doar o femeie de serviciu\u201d \u2013 continuarea"},"content":{"rendered":"\n<p>M\u0103 numesc Diana, am 60 de ani \u0219i sunt doar o femeie de serviciu. Tot ce am f\u0103cut vreodat\u0103 a fost pentru fiul meu, Adrian\u2026<\/p>\n\n\n\n<p><\/p>\n\n\n\n<p>A fi mam\u0103 singur\u0103 nu a fost u\u0219or, dar iubirea mea pentru el m-a \u021binut mereu \u00een mi\u0219care \u2014 m\u0103 trezeam \u00een fiecare zi \u0219i munceam din greu, indiferent de greut\u0103\u021bi. A crescut \u0219i a devenit un om de succes, \u0219i am fost at\u00e2t de m\u00e2ndr\u0103 de el, mai ales c\u00e2nd mi-a spus c\u0103 se c\u0103s\u0103tore\u0219te. Eram \u00een al nou\u0103lea cer! Am economisit luni de zile ca s\u0103-i cump\u0103r un costum frumos, ca dar.<\/p>\n\n\n\n<p><\/p>\n\n\n\n<p>Dar c\u00e2nd i l-am ar\u0103tat, m-a dobor\u00e2t.<\/p>\n\n\n\n<p><\/p>\n\n\n\n<p>\u2014 Crezi c\u0103 a\u0219 purta mizeria asta la nunta mea?! a spus el. M\u0103 \u00eensor cu o fat\u0103 bogat\u0103, mam\u0103! \u0218i\u2026 nu te vreau acolo. Mama mea de femeie de serviciu doar m-ar face de r\u00e2s!<\/p>\n\n\n\n<p><\/p>\n\n\n\n<p>Am fost devastat\u0103. Am pl\u00e2ns toat\u0103 noaptea \u00een camera mea, sim\u021bind c\u0103 inima mi-a fost smuls\u0103. Dar diminea\u021ba, am luat o decizie: m\u0103 voi duce la acea nunt\u0103, indiferent ce va fi. Aveam ceva special de oferit.<\/p>\n\n\n\n<p><\/p>\n\n\n\n<p>Nunta a fost uimitoare. Dar c\u00e2nd Adrian m-a v\u0103zut, a \u00eennebunit. Voia s\u0103 plec. Totu\u0219i, nu plecam f\u0103r\u0103 s\u0103-i spun ce trebuia.<\/p>\n\n\n\n<p>A\u0219a c\u0103 m-am dus la microfon\u2026<\/p>\n\n\n\n<p>Am luat o gur\u0103 ad\u00e2nc\u0103 de aer \u0219i am privit mul\u021bimea elegant\u0103 care se oprise din murmurat. To\u021bi ochii erau a\u021binti\u021bi asupra mea \u2014 o femeie simpl\u0103, cu m\u00e2inile cr\u0103pate de munc\u0103, \u00eentr-o rochie veche.<\/p>\n\n\n\n<p>\u2014 Bun\u0103 ziua tuturor. V\u0103 rog s\u0103 m\u0103 ierta\u021bi c\u0103 \u00eentrerup. Nu voi sta mult. Sunt Diana, mama mirelui. \u0218tiu c\u0103 nu par genul de persoan\u0103 care s\u0103 apar\u021bin\u0103 aici, dar vreau s\u0103 spun doar at\u00e2t: fiul meu este cel mai mare dar al vie\u021bii mele. M-am trezit \u00een fiecare zi \u0219i am muncit oric\u00e2t de greu a fost, doar pentru ca el s\u0103 aib\u0103 o \u0219ans\u0103 la un viitor mai bun dec\u00e2t am avut eu.<\/p>\n\n\n\n<p>Mi-au tremurat buzele, dar am continuat.<\/p>\n\n\n\n<p>\u2014 Adrian, nu conteaz\u0103 c\u00e2t de ru\u0219ine \u00ee\u021bi este acum cu mine. Eu voi fi \u00eentotdeauna mama care te-a iubit mai mult dec\u00e2t orice pe lume. \u0218i s\u0103 \u0219tii ceva \u2014 sunt m\u00e2ndr\u0103 de cine e\u0219ti tu, chiar dac\u0103 tu nu po\u021bi fi m\u00e2ndru de mine.<\/p>\n\n\n\n<p>Am l\u0103sat microfonul jos \u0219i m-am \u00eentors s\u0103 plec. Dar \u00eenainte s\u0103 fac un pas, am sim\u021bit o m\u00e2n\u0103 cald\u0103 pe um\u0103rul meu. M-am \u00eentors \u0219i am v\u0103zut-o pe mireas\u0103, cu ochii plini de lacrimi.<\/p>\n\n\n\n<p>\u2014 Diana, a spus ea, cu voce tremurat\u0103, nu pleca. Eu sunt m\u00e2ndr\u0103 s\u0103 te am ca soacr\u0103. Tu ai crescut b\u0103rbatul pe care \u00eel iubesc. Iar asta\u2026 \u00eenseamn\u0103 mai mult dec\u00e2t toate averile din lume.<\/p>\n\n\n\n<p>S-a \u00eentors spre Adrian, care p\u0103rea cople\u0219it de emo\u021bii. A \u00eencercat s\u0103 spun\u0103 ceva, dar lacrimile l-au oprit. Apoi a venit \u0219i m-a \u00eembr\u0103\u021bi\u0219at, str\u00e2ng\u00e2ndu-m\u0103 mai tare dec\u00e2t o f\u0103cuse vreodat\u0103.<\/p>\n\n\n\n<p>\u2014 Iart\u0103-m\u0103, mam\u0103\u2026 \u00eemi pare at\u00e2t de r\u0103u. Mi-ai dat totul \u0219i eu\u2026 eu am fost un prost.<\/p>\n\n\n\n<p>Am pl\u00e2ns am\u00e2ndoi, acolo, \u00een fa\u021ba tuturor, \u0219i aplauzele invita\u021bilor au izbucnit din senin. \u00cen ziua aceea, am c\u00e2\u0219tigat ceva mult mai pre\u021bios dec\u00e2t acceptarea unei mul\u021bimi. Mi-am rec\u00e2\u0219tigat fiul. Iar asta era tot ce conta.<\/p>\n\n\n\n<p>Dac\u0103 \u021bi-a pl\u0103cut povestea, nu uita s\u0103 o distribui cu prietenii t\u0103i! \u00cempreun\u0103 putem duce mai departe emo\u021bia \u0219i inspira\u021bia.<\/p>\n\n\n\n<p>\u201dAceast\u0103 poveste este inspirat\u0103 din evenimente \u0219i persoane reale, \u00eens\u0103 a fost fic\u021bionalizat\u0103 \u00een scopuri creative. Numele, personajele \u0219i detaliile au fost schimbate pentru a proteja intimitatea \u0219i pentru a \u00eembun\u0103t\u0103\u021bi nara\u021biunea. Orice asem\u0103nare cu persoane reale, sau cu evenimente reale este pur \u00eent\u00e2mpl\u0103toare \u0219i nu este inten\u021bionat\u0103 de c\u0103tre autor.<\/p>\n\n\n\n<p>Autorul \u0219i editorul nu \u00ee\u0219i asum\u0103 responsabilitatea pentru exactitatea evenimentelor sau pentru modul \u00een care sunt portretizate personajele \u0219i nu sunt r\u0103spunz\u0103tori pentru eventuale interpret\u0103ri gre\u0219ite. Aceast\u0103 poveste este oferit\u0103 \u201eca atare\u201d, iar orice opinii exprimate apar\u021bin personajelor \u0219i nu reflect\u0103 punctele de vedere ale autorului sau ale editorului.\u201d<\/p>\n","protected":false},"excerpt":{"rendered":"<p>M\u0103 numesc Diana, am 60 de ani \u0219i sunt doar o femeie de serviciu. Tot ce am f\u0103cut vreodat\u0103 a fost pentru fiul meu, Adrian\u2026<\/p>\n","protected":false},"author":1,"featured_media":40932,"comment_status":"closed","ping_status":"closed","sticky":false,"template":"","format":"standard","meta":[],"categories":[1],"tags":[],"_links":{"self":[{"href":"https:\/\/calatorinromania.com\/index.php?rest_route=\/wp\/v2\/posts\/41056"}],"collection":[{"href":"https:\/\/calatorinromania.com\/index.php?rest_route=\/wp\/v2\/posts"}],"about":[{"href":"https:\/\/calatorinromania.com\/index.php?rest_route=\/wp\/v2\/types\/post"}],"author":[{"embeddable":true,"href":"https:\/\/calatorinromania.com\/index.php?rest_route=\/wp\/v2\/users\/1"}],"replies":[{"embeddable":true,"href":"https:\/\/calatorinromania.com\/index.php?rest_route=%2Fwp%2Fv2%2Fcomments&post=41056"}],"version-history":[{"count":1,"href":"https:\/\/calatorinromania.com\/index.php?rest_route=\/wp\/v2\/posts\/41056\/revisions"}],"predecessor-version":[{"id":41057,"href":"https:\/\/calatorinromania.com\/index.php?rest_route=\/wp\/v2\/posts\/41056\/revisions\/41057"}],"wp:featuredmedia":[{"embeddable":true,"href":"https:\/\/calatorinromania.com\/index.php?rest_route=\/wp\/v2\/media\/40932"}],"wp:attachment":[{"href":"https:\/\/calatorinromania.com\/index.php?rest_route=%2Fwp%2Fv2%2Fmedia&parent=41056"}],"wp:term":[{"taxonomy":"category","embeddable":true,"href":"https:\/\/calatorinromania.com\/index.php?rest_route=%2Fwp%2Fv2%2Fcategories&post=41056"},{"taxonomy":"post_tag","embeddable":true,"href":"https:\/\/calatorinromania.com\/index.php?rest_route=%2Fwp%2Fv2%2Ftags&post=41056"}],"curies":[{"name":"wp","href":"https:\/\/api.w.org\/{rel}","templated":true}]}}