{"id":41049,"date":"2025-08-04T06:49:32","date_gmt":"2025-08-04T06:49:32","guid":{"rendered":"https:\/\/calatorinromania.com\/?p=41049"},"modified":"2025-08-04T06:49:32","modified_gmt":"2025-08-04T06:49:32","slug":"timp-de-6-ani-o-tanara-brutara-a-lasat-mancare-calda-pentru-un-barbat-fara-adapost-2","status":"publish","type":"post","link":"https:\/\/calatorinromania.com\/?p=41049","title":{"rendered":"Timp de 6 ani, o t\u00e2n\u0103r\u0103 brutar\u0103 a l\u0103sat m\u00e2ncare cald\u0103 pentru un b\u0103rbat f\u0103r\u0103 ad\u0103post"},"content":{"rendered":"\n<p><\/p>\n\n\n\n<p>Emily p\u0103\u0219i \u00een pragul bisericii, \u00eenc\u0103 \u021bin\u00e2nd voalul \u00eentr-o m\u00e2n\u0103, iar \u00een cealalt\u0103, tradi\u021bionala pr\u0103jitur\u0103 cu umplutur\u0103 de mere, pe care o cocea \u00een fiecare zi cu semnifica\u021bie. Nu \u0219tia de ce o f\u0103cuse \u0219i \u00een diminea\u021ba aceea. Poate din instinct. Poate pentru c\u0103 amintirea acelui om, mereu a\u0219ezat pe banca de l\u00e2ng\u0103 brut\u0103rie, t\u0103cut, dar recunosc\u0103tor, nu-i d\u0103duse pace.<\/p>\n\n\n\n<p><\/p>\n\n\n\n<p>\u00cel hr\u0103nise ani \u00eentregi f\u0103r\u0103 s\u0103-i cear\u0103 vreodat\u0103 ceva. F\u0103r\u0103 nume. F\u0103r\u0103 pove\u0219ti. Doar un schimb de priviri \u0219i un z\u00e2mbet slab. \u0218i acum\u2026 era acolo. \u00cen biseric\u0103. La nunta ei.<\/p>\n\n\n\n<p><\/p>\n\n\n\n<p>B\u0103tr\u00e2nul \u00eenaint\u0103 cu pa\u0219i mici spre altar. Cei doisprezece pu\u0219ca\u0219i marini \u00eel flancau solemn, dar cu o demnitate t\u0103cut\u0103. C\u00e2nd ajunser\u0103 \u00een fa\u021ba altarului, b\u0103rbatul \u00eengenunche \u0219i ridic\u0103 m\u00e2na tremur\u00e2nd\u0103.<\/p>\n\n\n\n<p><\/p>\n\n\n\n<p>\u201e\u00cemi pare r\u0103u c\u0103 vin a\u0219a, neanun\u021bat\u2026 dar\u2026 azi trebuie s\u0103 afli ceva.\u201d<\/p>\n\n\n\n<p><\/p>\n\n\n\n<p>T\u0103cerea se l\u0103s\u0103 din nou peste \u00eenc\u0103pere. Preotul \u00ee\u0219i oprise rug\u0103ciunile. Mirele, confuz, privi spre Emily. Ea d\u0103du doar din cap, un gest mic, dar plin de \u00eencredere.<\/p>\n\n\n\n<p><\/p>\n\n\n\n<p>B\u0103tr\u00e2nul deschise cartonul \u00eemp\u0103turit. Era o fotografie. Un chip t\u00e2n\u0103r, z\u00e2mbitor, \u00een uniform\u0103 militar\u0103. Pe spate, cu litere \u0219terse, scria: \u201eSergent Major Victor Toma, 1983. Timi\u0219oara.\u201d<\/p>\n\n\n\n<p>\u201eSunt tat\u0103l t\u0103u, Emily,\u201d spuse el, cu lacrimi \u00een ochi. \u201eN-am \u0219tiut c\u0103 mai tr\u0103ie\u0219ti. Mama ta nu mi-a spus\u2026 am fost declarat mort \u00een r\u0103zboi. C\u00e2nd am sc\u0103pat, nu mai aveam nimic. Doar fotografia ta de bebelu\u0219.\u201d<\/p>\n\n\n\n<p>Zgomote u\u0219oare de uimire se auzir\u0103 printre invita\u021bi. Unii \u00ee\u0219i duceau m\u00e2na la gur\u0103, al\u021bii l\u0103crimau.<\/p>\n\n\n\n<p>\u201e\u0218i ace\u0219ti oameni?\u201d \u00eentreb\u0103 Emily, cu vocea g\u00e2tuit\u0103.<\/p>\n\n\n\n<p>Ofi\u021berul din frunte p\u0103\u0219i \u00eenainte. \u201eDomni\u0219oara Toma, domnul Victor ne-a salvat via\u021ba cu ani \u00een urm\u0103. A fost mentorul nostru, eroul nostru. Nici nu \u0219tiam c\u0103 tr\u0103ie\u0219te\u2014p\u00e2n\u0103 c\u00e2nd a ap\u0103rut la baza noastr\u0103, cu fotografia dumneavoastr\u0103 \u00een m\u00e2n\u0103, spun\u00e2nd c\u0103 vrea doar s\u0103 \u0219tie dac\u0103 fata lui e bine. C\u00e2nd am aflat c\u0103 v\u0103 c\u0103s\u0103tori\u021bi, am decis c\u0103 nu poate lipsi.\u201d<\/p>\n\n\n\n<p>Emily \u00ee\u0219i duse m\u00e2na la gur\u0103. Lacrimile curgeau liber. Se apropie, \u00ee\u0219i arunc\u0103 buchetul deoparte \u0219i c\u0103zu \u00een bra\u021bele tat\u0103lui ei. Mirosul acela vag de scor\u021bi\u0219oar\u0103 \u0219i fum i se p\u0103ru, brusc, familiar.<\/p>\n\n\n\n<p>Oaspe\u021bii izbucnir\u0103 \u00een aplauze, unii pl\u00e2ng\u00e2nd, al\u021bii b\u0103t\u00e2nd din palme ca la o poveste ce nu p\u0103rea real\u0103. \u00cen acel moment, \u00een acea biseric\u0103, nimeni nu mai era str\u0103in. Erau to\u021bi martori la un miracol simplu, dar profund: recuno\u0219tin\u021ba, r\u0103bdarea, \u0219i iubirea\u2014uneori, vin \u00eenapoi, chiar \u0219i dup\u0103 decenii.<\/p>\n\n\n\n<p>Iar pr\u0103jitura cu mere, l\u0103sat\u0103 de fiecare dat\u0103 \u00een zori, se dovedise a fi nu doar un gest de bun\u0103tate. Ci un fir nev\u0103zut, care unise dou\u0103 suflete desp\u0103r\u021bite de istorie.<\/p>\n\n\n\n<p>\u0218i da\u2014acum to\u021bi \u0219tiau cine \u00eel invitase. Soarta.<\/p>\n\n\n\n<p><em>Aceast\u0103 lucrare este inspirat\u0103 din evenimente \u0219i persoane reale, \u00eens\u0103 a fost fic\u021bionalizat\u0103 \u00een scopuri creative. Numele, personajele \u0219i detaliile au fost schimbate pentru a proteja intimitatea \u0219i pentru a \u00eembun\u0103t\u0103\u021bi nara\u021biunea. Orice asem\u0103nare cu persoane reale, \u00een via\u021b\u0103 sau decedate, sau cu evenimente reale este pur \u00eent\u00e2mpl\u0103toare \u0219i nu este inten\u021bionat\u0103 de c\u0103tre autor.<\/em><\/p>\n\n\n\n<p><em>Autorul \u0219i editorul nu \u00ee\u0219i asum\u0103 responsabilitatea pentru exactitatea evenimentelor sau pentru modul \u00een care sunt portretizate personajele \u0219i nu sunt r\u0103spunz\u0103tori pentru eventuale interpret\u0103ri gre\u0219ite. Aceast\u0103 poveste este oferit\u0103 \u201eca atare\u201d, iar orice opinii exprimate apar\u021bin personajelor \u0219i nu reflect\u0103 punctele de vedere ale autorului sau ale editorului.<\/em><\/p>\n","protected":false},"excerpt":{"rendered":"<p>Emily p\u0103\u0219i \u00een pragul bisericii, \u00eenc\u0103 \u021bin\u00e2nd voalul \u00eentr-o m\u00e2n\u0103, iar \u00een cealalt\u0103, tradi\u021bionala pr\u0103jitur\u0103 cu umplutur\u0103 de mere, pe care o cocea \u00een fiecare<\/p>\n","protected":false},"author":1,"featured_media":40932,"comment_status":"closed","ping_status":"closed","sticky":false,"template":"","format":"standard","meta":[],"categories":[1],"tags":[],"_links":{"self":[{"href":"https:\/\/calatorinromania.com\/index.php?rest_route=\/wp\/v2\/posts\/41049"}],"collection":[{"href":"https:\/\/calatorinromania.com\/index.php?rest_route=\/wp\/v2\/posts"}],"about":[{"href":"https:\/\/calatorinromania.com\/index.php?rest_route=\/wp\/v2\/types\/post"}],"author":[{"embeddable":true,"href":"https:\/\/calatorinromania.com\/index.php?rest_route=\/wp\/v2\/users\/1"}],"replies":[{"embeddable":true,"href":"https:\/\/calatorinromania.com\/index.php?rest_route=%2Fwp%2Fv2%2Fcomments&post=41049"}],"version-history":[{"count":1,"href":"https:\/\/calatorinromania.com\/index.php?rest_route=\/wp\/v2\/posts\/41049\/revisions"}],"predecessor-version":[{"id":41050,"href":"https:\/\/calatorinromania.com\/index.php?rest_route=\/wp\/v2\/posts\/41049\/revisions\/41050"}],"wp:featuredmedia":[{"embeddable":true,"href":"https:\/\/calatorinromania.com\/index.php?rest_route=\/wp\/v2\/media\/40932"}],"wp:attachment":[{"href":"https:\/\/calatorinromania.com\/index.php?rest_route=%2Fwp%2Fv2%2Fmedia&parent=41049"}],"wp:term":[{"taxonomy":"category","embeddable":true,"href":"https:\/\/calatorinromania.com\/index.php?rest_route=%2Fwp%2Fv2%2Fcategories&post=41049"},{"taxonomy":"post_tag","embeddable":true,"href":"https:\/\/calatorinromania.com\/index.php?rest_route=%2Fwp%2Fv2%2Ftags&post=41049"}],"curies":[{"name":"wp","href":"https:\/\/api.w.org\/{rel}","templated":true}]}}