{"id":41045,"date":"2025-08-04T06:43:53","date_gmt":"2025-08-04T06:43:53","guid":{"rendered":"https:\/\/calatorinromania.com\/?p=41045"},"modified":"2025-08-04T06:43:53","modified_gmt":"2025-08-04T06:43:53","slug":"15-copii-au-disparut-intr-o-excursie-scolara-in-1986-39-de-ani-mai-tarziu-autobuzul-scolar-este-gasit","status":"publish","type":"post","link":"https:\/\/calatorinromania.com\/?p=41045","title":{"rendered":"<strong>\u201d15 copii au disp\u0103rut \u00eentr-o excursie \u0219colar\u0103 \u00een 1986 \u2013 39 de ani mai t\u00e2rziu, autobuzul \u0219colar este g\u0103sit\u201d<\/strong>"},"content":{"rendered":"\n<p>15 copii au disp\u0103rut \u00eentr-o excursie \u0219colar\u0103 \u00een 1986 \u2014 39 de ani mai t\u00e2rziu, autobuzul \u0219colar este g\u0103sit \u00eengropat. \u00cen prim\u0103vara anului 1986, un grup de 15 elevi \u0219i \u00eenv\u0103\u021b\u0103toarea lor au pornit \u00eentr-o excursie educa\u021bional\u0103 de rutin\u0103.<\/p>\n\n\n\n<p><\/p>\n\n\n\n<p>Nu s-au mai \u00eentors niciodat\u0103. Vehiculul nu a fost g\u0103sit. Nicio urm\u0103. Niciun semn. Doar t\u0103cere. Autorit\u0103\u021bile au speculat totul, de la o r\u0103t\u0103cire la un accident natural. Dar niciun r\u0103spuns definitiv nu a ap\u0103rut vreodat\u0103.<\/p>\n\n\n\n<p><\/p>\n\n\n\n<p>Timp de 39 de ani, zona din apropierea lacului Moreni a r\u0103mas neatins\u0103 \u2014 o cicatrice t\u0103cut\u0103 \u00een memoria ora\u0219ului.<\/p>\n\n\n\n<p><\/p>\n\n\n\n<p>Apoi, chiar s\u0103pt\u0103m\u00e2na trecut\u0103, o echip\u0103 de construc\u021bii care lucra l\u00e2ng\u0103 un drum vechi de acces a lovit ceva nea\u0219teptat sub p\u0103m\u00e2nt.<\/p>\n\n\n\n<p><\/p>\n\n\n\n<p>Ceea ce au descoperit a \u0219ocat comunitatea. Un autobuz \u0219colar corodat. Intact. Neatins. \u0218i \u00eenc\u0103 plin de \u00eentreb\u0103ri f\u0103r\u0103 r\u0103spuns.<\/p>\n\n\n\n<p><\/p>\n\n\n\n<p>Au deschis u\u0219a de urgen\u021b\u0103 din spate. Aerul era gros de umezeal\u0103 \u0219i putreziciune. \u00cen interior: praf a\u0219ezat, pete de mucegai, r\u0103m\u0103\u0219i\u021bele fragile ale timpului.<\/p>\n\n\n\n<p><\/p>\n\n\n\n<p>Scaunele erau \u00eenc\u0103 prinse \u00een podea, unele centuri de siguran\u021b\u0103 erau \u00eenc\u0103 \u00eenchise. O cutie de pr\u00e2nz roz, decolorat\u0103, era ascuns\u0103 sub r\u00e2ndul trei. Un pantof mic st\u0103tea l\u00e2ng\u0103 ie\u0219ire, acoperit cu mu\u0219chi.<\/p>\n\n\n\n<p><\/p>\n\n\n\n<p>Dar niciun om nu a fost g\u0103sit. Autobuzul st\u0103tea gol \u2014 ca o relicv\u0103 sigilat\u0103, un mister t\u0103cut conservat \u00een p\u0103m\u00e2nt.<\/p>\n\n\n\n<p><\/p>\n\n\n\n<p>\u00cen fa\u021b\u0103, lipit l\u00e2ng\u0103 scaunul \u0219oferului, se afla un tabel cu numele elevilor \u2014 scris de m\u00e2n\u0103, \u00een caligrafia distinct\u0103 a domni\u0219oarei D\u0103neasa, \u00eenv\u0103\u021b\u0103toarea care disp\u0103ruse cu ei. Cincisprezece nume, cu v\u00e2rste \u00eentre nou\u0103 \u0219i unsprezece ani.<\/p>\n\n\n\n<p><\/p>\n\n\n\n<p>\u0218i scris dedesubt, cu cerneal\u0103 ro\u0219ie, \u00eengro\u0219at\u0103:<\/p>\n\n\n\n<p><\/p>\n\n\n\n<p>\u201eN-am ajuns niciodat\u0103 la lacul Moreni.\u201d<\/p>\n\n\n\n<p><\/p>\n\n\n\n<p>Cazul a fost redeschis imediat. Autorit\u0103\u021bile au \u00eenceput investiga\u021bii minu\u021bioase, folosind tehnologie modern\u0103 care nu exista \u00een 1986. C\u00e2inii de urm\u0103, dronele \u0219i speciali\u0219tii \u00een geologie au fost mobiliza\u021bi \u00een zon\u0103.<\/p>\n\n\n\n<p><\/p>\n\n\n\n<p>Dup\u0103 c\u00e2teva zile, o descoperire uluitoare a fost f\u0103cut\u0103 \u00eentr-o pe\u0219ter\u0103 natural\u0103, la c\u00e2\u021biva kilometri distan\u021b\u0103. Pe pere\u021bii acesteia se aflau desene copil\u0103re\u0219ti, \u00een culori \u0219terse de vreme, iar pe o piatr\u0103 mare era scrijelit: \u201eTr\u0103im. Nu ne c\u0103uta\u021bi. Ne e bine.\u201d<\/p>\n\n\n\n<p><\/p>\n\n\n\n<p>\u00cen mod incredibil, investiga\u021biile au dus la un sat izolat, aproape complet necunoscut, \u00een mun\u021bi. Acolo, autorit\u0103\u021bile au g\u0103sit 13 dintre cei 15 copii, acum oameni \u00een toat\u0103 firea, care fuseser\u0103 salva\u021bi atunci de ni\u0219te localnici dup\u0103 ce autobuzul lor se r\u0103t\u0103cise \u0219i r\u0103m\u0103sese blocat \u00een noroi. \u00centr-un amestec de confuzie, team\u0103 \u0219i lips\u0103 de semnal, grupul fusese crezut pierdut.<\/p>\n\n\n\n<p><\/p>\n\n\n\n<p>Domni\u0219oara D\u0103neasa murise \u00een urm\u0103 cu un deceniu, dar fusese pentru ei o adev\u0103rat\u0103 eroin\u0103 \u2014 \u00eei protejase, \u00eei \u00eenv\u0103\u021base, \u0219i \u00eempreun\u0103 construiser\u0103 o via\u021b\u0103 simpl\u0103, departe de lume.<\/p>\n\n\n\n<p><\/p>\n\n\n\n<p>\u00cent\u00e2lnirea cu familiile r\u0103mase \u00een ora\u0219 a fost emo\u021bionant\u0103, lacrimile \u0219i \u00eembr\u0103\u021bi\u0219\u0103rile curg\u00e2nd f\u0103r\u0103 oprire. \u0218i, \u00een sf\u00e2r\u0219it, dup\u0103 39 de ani, ora\u0219ul Moreni a avut parte de o \u00eencheiere.<\/p>\n\n\n\n<p><\/p>\n\n\n\n<p>Nu toate misterele se termin\u0103 tragic. Unele devin minuni.<\/p>\n\n\n\n<p><\/p>\n\n\n\n<p>Dac\u0103 \u021bi-a pl\u0103cut povestea, nu uita s\u0103 o distribui cu prietenii t\u0103i! \u00cempreun\u0103 putem duce mai departe emo\u021bia \u0219i inspira\u021bia.<\/p>\n\n\n\n<p><\/p>\n\n\n\n<p>\u201dAceast\u0103 poveste este inspirat\u0103 din evenimente \u0219i persoane reale, \u00eens\u0103 a fost fic\u021bionalizat\u0103 \u00een scopuri creative. Numele, personajele \u0219i detaliile au fost schimbate pentru a proteja intimitatea \u0219i pentru a \u00eembun\u0103t\u0103\u021bi nara\u021biunea. Orice asem\u0103nare cu persoane reale, sau cu evenimente reale este pur \u00eent\u00e2mpl\u0103toare \u0219i nu este inten\u021bionat\u0103 de c\u0103tre autor.<\/p>\n\n\n\n<p>Autorul \u0219i editorul nu \u00ee\u0219i asum\u0103 responsabilitatea pentru exactitatea evenimentelor sau pentru modul \u00een care sunt portretizate personajele \u0219i nu sunt r\u0103spunz\u0103tori pentru eventuale interpret\u0103ri gre\u0219ite. Aceast\u0103 poveste este oferit\u0103 \u201eca atare\u201d, iar orice opinii exprimate apar\u021bin personajelor \u0219i nu reflect\u0103 punctele de vedere ale autorului sau ale editorului.\u201d<\/p>\n\n\n\n<p> 15 copii au disp\u0103rut \u00ee<\/p>\n","protected":false},"excerpt":{"rendered":"<p>15 copii au disp\u0103rut \u00eentr-o excursie \u0219colar\u0103 \u00een 1986 \u2014 39 de ani mai t\u00e2rziu, autobuzul \u0219colar este g\u0103sit \u00eengropat. \u00cen prim\u0103vara anului 1986, un<\/p>\n","protected":false},"author":1,"featured_media":40932,"comment_status":"closed","ping_status":"closed","sticky":false,"template":"","format":"standard","meta":[],"categories":[1],"tags":[],"_links":{"self":[{"href":"https:\/\/calatorinromania.com\/index.php?rest_route=\/wp\/v2\/posts\/41045"}],"collection":[{"href":"https:\/\/calatorinromania.com\/index.php?rest_route=\/wp\/v2\/posts"}],"about":[{"href":"https:\/\/calatorinromania.com\/index.php?rest_route=\/wp\/v2\/types\/post"}],"author":[{"embeddable":true,"href":"https:\/\/calatorinromania.com\/index.php?rest_route=\/wp\/v2\/users\/1"}],"replies":[{"embeddable":true,"href":"https:\/\/calatorinromania.com\/index.php?rest_route=%2Fwp%2Fv2%2Fcomments&post=41045"}],"version-history":[{"count":1,"href":"https:\/\/calatorinromania.com\/index.php?rest_route=\/wp\/v2\/posts\/41045\/revisions"}],"predecessor-version":[{"id":41046,"href":"https:\/\/calatorinromania.com\/index.php?rest_route=\/wp\/v2\/posts\/41045\/revisions\/41046"}],"wp:featuredmedia":[{"embeddable":true,"href":"https:\/\/calatorinromania.com\/index.php?rest_route=\/wp\/v2\/media\/40932"}],"wp:attachment":[{"href":"https:\/\/calatorinromania.com\/index.php?rest_route=%2Fwp%2Fv2%2Fmedia&parent=41045"}],"wp:term":[{"taxonomy":"category","embeddable":true,"href":"https:\/\/calatorinromania.com\/index.php?rest_route=%2Fwp%2Fv2%2Fcategories&post=41045"},{"taxonomy":"post_tag","embeddable":true,"href":"https:\/\/calatorinromania.com\/index.php?rest_route=%2Fwp%2Fv2%2Ftags&post=41045"}],"curies":[{"name":"wp","href":"https:\/\/api.w.org\/{rel}","templated":true}]}}