{"id":40912,"date":"2025-07-29T08:07:40","date_gmt":"2025-07-29T08:07:40","guid":{"rendered":"https:\/\/calatorinromania.com\/?p=40912"},"modified":"2025-07-29T08:07:40","modified_gmt":"2025-07-29T08:07:40","slug":"%f0%9f%a7%80-crochetele-care-cuceresc-din-prima-muscatura-%f0%9f%a5%94%f0%9f%94%a5","status":"publish","type":"post","link":"https:\/\/calatorinromania.com\/?p=40912","title":{"rendered":"\ud83e\uddc0 Crochetele care cuceresc din prima mu\u0219c\u0103tur\u0103! \ud83e\udd54\ud83d\udd25"},"content":{"rendered":"\n<p><strong>Crocante la exterior, moi \u0219i aromate la interior \u2013 o gustare perfect\u0103 pentru serialul t\u0103u preferat! \ud83c\udfac\ud83c\udf7f<\/strong><\/p>\n\n\n\n<p><\/p>\n\n\n\n<p><\/p>\n\n\n\n<p>Cu siguran\u021b\u0103 nu ai g\u0103tit \u00eenc\u0103 a\u0219a ceva! Aceste crochete delicioase din cartofi \u0219i ca\u0219caval sunt at\u00e2t de bune \u00eenc\u00e2t, dup\u0103 prima por\u021bie, <strong>nu vei mai cump\u0103ra niciodat\u0103 variantele congelate din comer\u021b<\/strong>. Iar vestea cea mai bun\u0103? Se fac super u\u0219or! \ud83d\udca1\ud83d\udcaf<\/p>\n\n\n\n<p><\/p>\n\n\n\n<p><\/p>\n\n\n\n<h2>\ud83d\udcdd Ingrediente:<\/h2>\n\n\n\n<ul>\n<li>\ud83e\udd54 3-4 <strong>cartofi<\/strong> (\u00een func\u021bie de m\u0103rime)<\/li>\n\n\n\n<li>\ud83e\uddc0 100 g <strong>ca\u0219caval \/ mozzarella \/ parmezan<\/strong> (ras)<\/li>\n\n\n\n<li>\ud83e\udd44 4,5 \u2013 5 linguri de <strong>amidon alimentar<\/strong> (sau f\u0103in\u0103, dar nu e la fel de eficient)<\/li>\n\n\n\n<li>\ud83c\udf3f <strong>Verdea\u021b\u0103 proasp\u0103t\u0103<\/strong> (p\u0103trunjel sau m\u0103rar)<\/li>\n\n\n\n<li>\ud83e\uddc2 Sare \u0219i piper \u2013 dup\u0103 gust<\/li>\n\n\n\n<li>\ud83d\udee2\ufe0f Ulei pentru pr\u0103jit<\/li>\n<\/ul>\n\n\n\n<p><\/p>\n\n\n\n<h2>\ud83d\udc68\u200d\ud83c\udf73 Mod de preparare:<\/h2>\n\n\n\n<p><\/p>\n\n\n\n<ol>\n<li><strong>Fierbe cartofii<\/strong> p\u00e2n\u0103 devin moi. Zdrobe\u0219te-i ca pentru piure. Dac\u0103 ai deja piure r\u0103mas de ieri, po\u021bi s\u0103-l folose\u0219ti \u2013 doar \u00eenc\u0103lze\u0219te-l pu\u021bin \u00eenainte.<\/li>\n\n\n\n<li><strong>Adaug\u0103 ca\u0219cavalul ras<\/strong> (merge \u0219i mozzarella sau alt\u0103 br\u00e2nz\u0103 topibil\u0103). Amestec\u0103 bine cu piureul.<\/li>\n\n\n\n<li>Pune <strong>verdea\u021ba tocat\u0103 m\u0103runt<\/strong>, sare, piper \u0219i <strong>amidonul<\/strong>. Fr\u0103m\u00e2nt\u0103 totul p\u00e2n\u0103 ob\u021bii un aluat omogen. \ud83d\udd3a <strong>IMPORTANT:<\/strong> Amidonul este esen\u021bial \u2013 f\u0103r\u0103 el, crochetele se pot desface la pr\u0103jit.<\/li>\n\n\n\n<li>\u00centinde aluatul \u00eentr-un strat gros de aproximativ <strong>1 cm<\/strong> pe o suprafa\u021b\u0103 pres\u0103rat\u0103 cu f\u0103in\u0103.<\/li>\n\n\n\n<li><strong>Taie aluatul \u00een be\u021bi\u0219oare<\/strong> sub\u021biri sau orice form\u0103 dore\u0219ti.<\/li>\n\n\n\n<li><strong>Pr\u0103je\u0219te-le<\/strong> \u00een ulei bine \u00eencins, p\u00e2n\u0103 devin aurii \u0219i crocante.<\/li>\n\n\n\n<li>Scoate-le pe <strong>prosoape de h\u00e2rtie<\/strong> pentru a absorbi excesul de ulei.<\/li>\n<\/ol>\n\n\n\n<p><\/p>\n\n\n\n<p><\/p>\n\n\n\n<h2>\ud83e\udde1 Sfat de servire:<\/h2>\n\n\n\n<p><\/p>\n\n\n\n<p>\ud83c\udf7d\ufe0f M\u0103n\u00e2nc\u0103-le <strong>imediat, c\u00e2t sunt calde \u0219i crocante<\/strong> \u2013 sunt irezistibile! Le po\u021bi servi al\u0103turi de un sos simplu de iaurt, ketchup, sos de usturoi sau sm\u00e2nt\u00e2n\u0103. \ud83e\udd29<\/p>\n\n\n\n<p><\/p>\n\n\n\n<h2>\ud83d\udca1 De ce merit\u0103 s\u0103 \u00eencerci aceast\u0103 re\u021bet\u0103:<\/h2>\n\n\n\n<p><\/p>\n\n\n\n<p>\u2714\ufe0f Ai nevoie de <strong>pu\u021bine ingrediente<\/strong><br>\u2714\ufe0f Este gata \u00een timp scurt<br>\u2714\ufe0f Gustarea perfect\u0103 de weekend sau de sear\u0103<br>\u2714\ufe0f <strong>F\u0103r\u0103 aditivi, conservan\u021bi sau congelare<\/strong><\/p>\n\n\n\n<p><\/p>\n\n\n\n<p><\/p>\n\n\n\n<p>\ud83d\udccc <strong>Distribuie re\u021beta<\/strong> \u0219i prietenilor t\u0103i pofticio\u0219i! Garant\u0103m c\u0103 va deveni una dintre preferatele lor! \ud83d\udd04\ud83c\udf7d\ufe0f<\/p>\n","protected":false},"excerpt":{"rendered":"<p>Crocante la exterior, moi \u0219i aromate la interior \u2013 o gustare perfect\u0103 pentru serialul t\u0103u preferat! \ud83c\udfac\ud83c\udf7f Cu siguran\u021b\u0103 nu ai g\u0103tit \u00eenc\u0103 a\u0219a ceva!<\/p>\n","protected":false},"author":1,"featured_media":40913,"comment_status":"closed","ping_status":"closed","sticky":false,"template":"","format":"standard","meta":[],"categories":[1],"tags":[],"_links":{"self":[{"href":"https:\/\/calatorinromania.com\/index.php?rest_route=\/wp\/v2\/posts\/40912"}],"collection":[{"href":"https:\/\/calatorinromania.com\/index.php?rest_route=\/wp\/v2\/posts"}],"about":[{"href":"https:\/\/calatorinromania.com\/index.php?rest_route=\/wp\/v2\/types\/post"}],"author":[{"embeddable":true,"href":"https:\/\/calatorinromania.com\/index.php?rest_route=\/wp\/v2\/users\/1"}],"replies":[{"embeddable":true,"href":"https:\/\/calatorinromania.com\/index.php?rest_route=%2Fwp%2Fv2%2Fcomments&post=40912"}],"version-history":[{"count":1,"href":"https:\/\/calatorinromania.com\/index.php?rest_route=\/wp\/v2\/posts\/40912\/revisions"}],"predecessor-version":[{"id":40914,"href":"https:\/\/calatorinromania.com\/index.php?rest_route=\/wp\/v2\/posts\/40912\/revisions\/40914"}],"wp:featuredmedia":[{"embeddable":true,"href":"https:\/\/calatorinromania.com\/index.php?rest_route=\/wp\/v2\/media\/40913"}],"wp:attachment":[{"href":"https:\/\/calatorinromania.com\/index.php?rest_route=%2Fwp%2Fv2%2Fmedia&parent=40912"}],"wp:term":[{"taxonomy":"category","embeddable":true,"href":"https:\/\/calatorinromania.com\/index.php?rest_route=%2Fwp%2Fv2%2Fcategories&post=40912"},{"taxonomy":"post_tag","embeddable":true,"href":"https:\/\/calatorinromania.com\/index.php?rest_route=%2Fwp%2Fv2%2Ftags&post=40912"}],"curies":[{"name":"wp","href":"https:\/\/api.w.org\/{rel}","templated":true}]}}