{"id":40891,"date":"2025-07-28T06:02:35","date_gmt":"2025-07-28T06:02:35","guid":{"rendered":"https:\/\/calatorinromania.com\/?p=40891"},"modified":"2025-07-28T06:02:36","modified_gmt":"2025-07-28T06:02:36","slug":"dupa-ce-sotia-s-a-stins-l-am-alungat-pe-fiul-ei-din-viata-mea-zece-ani-mai-tarziu-am-aflat-adevarul-continuarea","status":"publish","type":"post","link":"https:\/\/calatorinromania.com\/?p=40891","title":{"rendered":"<strong>\u201dDup\u0103 ce so\u021bia s-a stins, l-am alungat pe fiul ei din via\u021ba mea. Zece ani mai t\u00e2rziu, am aflat adev\u0103rul\u201d \u2013 continuarea<\/strong>"},"content":{"rendered":"\n<p>Dup\u0103 ce so\u021bia mea s-a stins, l-am alungat pe fiul ei din via\u021ba mea. Zece ani mai t\u00e2rziu, am aflat adev\u0103rul\u2026 \u0219i m-a zdrobit.<\/p>\n\n\n\n<p><\/p>\n\n\n\n<p>Am l\u0103sat jos ghiozdanul lui ponosit \u0219i l-am privit pe b\u0103iatul de 12 ani din fa\u021ba mea.<\/p>\n\n\n\n<p><\/p>\n\n\n\n<p>\u201ePleac\u0103,\u201d am spus sec, cu o voce lipsit\u0103 de emo\u021bie.<\/p>\n\n\n\n<p><\/p>\n\n\n\n<p>\u201eNu e\u0219ti copilul meu. Mama ta s-a dus. N-am niciun motiv s\u0103 te mai \u021bin aici.\u201d<\/p>\n\n\n\n<p><\/p>\n\n\n\n<p>Nu a pl\u00e2ns. Nu m-a rugat. Doar \u0219i-a plecat privirea, \u0219i-a pus ghiozdanul \u00een spate \u0219i a ie\u0219it din cas\u0103. Nu a spus niciun cuv\u00e2nt.<\/p>\n\n\n\n<p><\/p>\n\n\n\n<p>Momentul acela ar fi trebuit s\u0103-mi aduc\u0103 eliberare. \u00cen schimb, m-a urm\u0103rit ani la r\u00e2nd ca o umbr\u0103 grea.<\/p>\n\n\n\n<p><\/p>\n\n\n\n<p>C\u00e2nd so\u021bia mea a murit \u00een urma unui accident cerebral, a l\u0103sat \u00een urm\u0103 un adev\u0103r dureros \u2014 un adev\u0103r pe care \u00eel purtase singur\u0103, f\u0103r\u0103 s\u0103-l \u00eemp\u0103rt\u0103\u0219easc\u0103.<\/p>\n\n\n\n<p><\/p>\n\n\n\n<p>B\u0103iatul nu era fiul meu biologic.<\/p>\n\n\n\n<p><\/p>\n\n\n\n<p>Era parte dintr-o via\u021b\u0103 pe care o tr\u0103ise \u00eenainte de mine. Un copil pe care \u00eel crescuse singur\u0103\u2026 \u0219i un secret pe care nu mi-l dest\u0103inuise niciodat\u0103.<\/p>\n\n\n\n<p><\/p>\n\n\n\n<p>M-am c\u0103s\u0103torit cu ea \u0219tiind c\u0103 are un fiu. Mi-am spus c\u0103 voi putea s\u0103-l iubesc. C\u0103 voi fi tat\u0103 pentru el.<\/p>\n\n\n\n<p><\/p>\n\n\n\n<p>Dar n-a fost dragoste. A fost doar sim\u021bul datoriei.<\/p>\n\n\n\n<p><\/p>\n\n\n\n<p>Iar c\u00e2nd ea a plecat, sim\u021bul acela a murit odat\u0103 cu ea. O lun\u0103 mai t\u00e2rziu, i-am spus s\u0103 plece.<\/p>\n\n\n\n<p><\/p>\n\n\n\n<p>N-am \u00eentors capul. Am l\u0103sat totul \u00een urm\u0103 \u2014 ora\u0219ul, casa, trecutul.<\/p>\n\n\n\n<p><\/p>\n\n\n\n<p>Mi-am construit o via\u021b\u0103 nou\u0103. F\u0103r\u0103 copii. F\u0103r\u0103 ata\u0219amente. F\u0103r\u0103 urme.<\/p>\n\n\n\n<p><\/p>\n\n\n\n<p>Uneori, noaptea t\u00e2rziu, m\u0103 \u00eentrebam ce s-o fi ales de el. Un copil abandonat la 12 ani. Singur \u00eentr-o lume nep\u0103s\u0103toare.<\/p>\n\n\n\n<p><\/p>\n\n\n\n<p>\u0218i, \u00eentr-un col\u021b \u00eentunecat din sufletul meu, g\u00e2ndul ru\u0219inos r\u0103s\u0103rea: \u201ePoate c\u0103 n-a supravie\u021buit. Ar fi mai u\u0219or dec\u00e2t s\u0103 dau ochii cu ce-am f\u0103cut.\u201d<\/p>\n\n\n\n<p><\/p>\n\n\n\n<p>Apoi, zece ani mai t\u00e2rziu, telefonul a sunat.<\/p>\n\n\n\n<p><\/p>\n\n\n\n<p>\u201eDomnule, a\u021bi putea veni la o expozi\u021bie \u00een acest weekend? Cineva v-a a\u0219teptat mult timp.\u201d<\/p>\n\n\n\n<p><\/p>\n\n\n\n<p>Am fost gata s\u0103 \u00eenchid.<\/p>\n\n\n\n<p>Dar vocea a ad\u0103ugat:<\/p>\n\n\n\n<p>\u201eE vorba despre b\u0103iatul pe care l-a\u021bi p\u0103r\u0103sit.\u201d<\/p>\n\n\n\n<p>\u0218i, \u00een clipa aceea, tot ce construisem s-a pr\u0103bu\u0219it.<\/p>\n\n\n\n<p>Am stat nemi\u0219cat c\u00e2teva secunde, cu telefonul str\u00e2ns \u00een m\u00e2n\u0103. Respira\u021bia \u00eemi era grea, inima \u00eemi b\u0103tea neregulat. Apoi, f\u0103r\u0103 s\u0103 mai g\u00e2ndesc prea mult, am spus: \u201eVoi veni.\u201d<\/p>\n\n\n\n<p>S\u00e2mb\u0103t\u0103 diminea\u021b\u0103, m-am prezentat \u00een cl\u0103direa modest\u0103 care g\u0103zduia expozi\u021bia. Pe afi\u0219 scria simplu: \u201eReg\u0103sire \u2013 o expozi\u021bie despre t\u0103cere, durere \u0219i iertare.\u201d<\/p>\n\n\n\n<p>Trec\u00e2nd printre tablouri, am v\u0103zut desene care \u00eemi fr\u00e2ngeau inima: o siluet\u0103 singur\u0103 \u00een ploaie, un b\u0103iat dormind cu spatele la o u\u0219\u0103 \u00eenchis\u0103, o femeie z\u00e2mbind \u00een dep\u0103rtare\u2026<\/p>\n\n\n\n<p>Apoi l-am v\u0103zut.<\/p>\n\n\n\n<p>Nu mai era b\u0103iatul de 12 ani. Era un t\u00e2n\u0103r \u00eenalt, cu ochi calzi \u0219i privire matur\u0103. Se uita direct la mine. Nici urm\u0103 de ur\u0103. Nici repro\u0219.<\/p>\n\n\n\n<p>\u2014 Ai venit, a spus el.<\/p>\n\n\n\n<p>Am sim\u021bit cum \u00eemi tremur\u0103 genunchii. Tot ce-am putut rosti a fost: \u2014 \u00cemi pare r\u0103u. N-am \u0219tiut. N-am \u00een\u021beles. N-am fost ceea ce trebuia s\u0103 fiu.<\/p>\n\n\n\n<p>A z\u00e2mbit u\u0219or.<br>\u2014 \u0218tiu. Dar te-am iertat de mult.<\/p>\n\n\n\n<p>L-am privit cu lacrimi \u00een ochi.<br>\u2014 Ai reu\u0219it. Ai devenit\u2026 ceva extraordinar.<\/p>\n\n\n\n<p>A \u00eenclinat capul, aproape jenat.<br>\u2014 M-am \u021binut de pictur\u0103. M-a ajutat s\u0103 supravie\u021buiesc.<\/p>\n\n\n\n<p>Dup\u0103 acea \u00eent\u00e2lnire, ne-am rev\u0103zut din ce \u00een ce mai des. Nu l-am putut \u00eenlocui niciodat\u0103 pe tat\u0103l pe care n-a avut parte s\u0103-l cunoasc\u0103 la timp. Dar am fost acolo. L\u00e2ng\u0103 el. A\u0219a cum trebuia s\u0103 fiu de la \u00eenceput.<\/p>\n\n\n\n<p>\u0218i \u00eentr-o zi, c\u00e2nd a urcat pe scen\u0103 s\u0103-\u0219i primeasc\u0103 premiul pentru \u201eCel mai promi\u021b\u0103tor artist rom\u00e2n sub 30 de ani\u201d, l-am auzit spun\u00e2nd:<\/p>\n\n\n\n<p>\u2014 Dedic acest premiu mamei mele\u2026 \u0219i omului care, de\u0219i a gre\u0219it, a avut curajul s\u0103 se \u00eentoarc\u0103.<\/p>\n\n\n\n<p>M-a privit din sal\u0103, iar eu am \u0219tiut: poate nu am fost tat\u0103l lui atunci, dar acum\u2026 sunt.<\/p>\n\n\n\n<p>Dac\u0103 \u021bi-a pl\u0103cut povestea, nu uita s\u0103 o distribui cu prietenii t\u0103i! \u00cempreun\u0103 putem duce mai departe emo\u021bia \u0219i inspira\u021bia.<\/p>\n\n\n\n<p>\u201dAceast\u0103 poveste este inspirat\u0103 din evenimente \u0219i persoane reale, \u00eens\u0103 a fost fic\u021bionalizat\u0103 \u00een scopuri creative. Numele, personajele \u0219i detaliile au fost schimbate pentru a proteja intimitatea \u0219i pentru a \u00eembun\u0103t\u0103\u021bi nara\u021biunea. Orice asem\u0103nare cu persoane reale, sau cu evenimente reale este pur \u00eent\u00e2mpl\u0103toare \u0219i nu este inten\u021bionat\u0103 de c\u0103tre autor.<\/p>\n\n\n\n<p>Autorul \u0219i editorul nu \u00ee\u0219i asum\u0103 responsabilitatea pentru exactitatea evenimentelor sau pentru modul \u00een care sunt portretizate personajele \u0219i nu sunt r\u0103spunz\u0103tori pentru eventuale interpret\u0103ri gre\u0219ite. Aceast\u0103 poveste este oferit\u0103 \u201eca atare\u201d, iar orice opinii exprimate apar\u021bin personajelor \u0219i nu reflect\u0103 punctele de vedere ale autorului sau ale editorului.\u201d<\/p>\n","protected":false},"excerpt":{"rendered":"<p>Dup\u0103 ce so\u021bia mea s-a stins, l-am alungat pe fiul ei din via\u021ba mea. Zece ani mai t\u00e2rziu, am aflat adev\u0103rul\u2026 \u0219i m-a zdrobit. Am<\/p>\n","protected":false},"author":1,"featured_media":40636,"comment_status":"closed","ping_status":"closed","sticky":false,"template":"","format":"standard","meta":[],"categories":[1],"tags":[],"_links":{"self":[{"href":"https:\/\/calatorinromania.com\/index.php?rest_route=\/wp\/v2\/posts\/40891"}],"collection":[{"href":"https:\/\/calatorinromania.com\/index.php?rest_route=\/wp\/v2\/posts"}],"about":[{"href":"https:\/\/calatorinromania.com\/index.php?rest_route=\/wp\/v2\/types\/post"}],"author":[{"embeddable":true,"href":"https:\/\/calatorinromania.com\/index.php?rest_route=\/wp\/v2\/users\/1"}],"replies":[{"embeddable":true,"href":"https:\/\/calatorinromania.com\/index.php?rest_route=%2Fwp%2Fv2%2Fcomments&post=40891"}],"version-history":[{"count":1,"href":"https:\/\/calatorinromania.com\/index.php?rest_route=\/wp\/v2\/posts\/40891\/revisions"}],"predecessor-version":[{"id":40892,"href":"https:\/\/calatorinromania.com\/index.php?rest_route=\/wp\/v2\/posts\/40891\/revisions\/40892"}],"wp:featuredmedia":[{"embeddable":true,"href":"https:\/\/calatorinromania.com\/index.php?rest_route=\/wp\/v2\/media\/40636"}],"wp:attachment":[{"href":"https:\/\/calatorinromania.com\/index.php?rest_route=%2Fwp%2Fv2%2Fmedia&parent=40891"}],"wp:term":[{"taxonomy":"category","embeddable":true,"href":"https:\/\/calatorinromania.com\/index.php?rest_route=%2Fwp%2Fv2%2Fcategories&post=40891"},{"taxonomy":"post_tag","embeddable":true,"href":"https:\/\/calatorinromania.com\/index.php?rest_route=%2Fwp%2Fv2%2Ftags&post=40891"}],"curies":[{"name":"wp","href":"https:\/\/api.w.org\/{rel}","templated":true}]}}