{"id":40887,"date":"2025-07-28T05:47:27","date_gmt":"2025-07-28T05:47:27","guid":{"rendered":"https:\/\/calatorinromania.com\/?p=40887"},"modified":"2025-07-28T05:47:27","modified_gmt":"2025-07-28T05:47:27","slug":"un-barbat-a-observat-ceva-foarte-ciudat-iesind-din-tavanul-apartamentului-sau","status":"publish","type":"post","link":"https:\/\/calatorinromania.com\/?p=40887","title":{"rendered":"Un b\u0103rbat a observat ceva foarte ciudat ie\u0219ind din tavanul apartamentului s\u0103u"},"content":{"rendered":"\n<p><strong>Un b\u0103rbat a v\u0103zut ceva ie\u0219ind din tavan \u0219i a fost \u00eengrozit c\u00e2nd \u0219i-a dat seama ce este<\/strong><\/p>\n\n\n\n<p><\/p>\n\n\n\n<p>La mijlocul lunii aprilie, un utilizator de pe re\u021belele de socializare a postat o fotografie care a st\u00e2rnit imediat uimire printre internau\u021bi.<\/p>\n\n\n\n<p><\/p>\n\n\n\n<p>\u00cen imagine ap\u0103rea ceva ciudat, f\u0103r\u0103 p\u0103r, care sem\u0103na suspect de mult cu o coad\u0103, ie\u0219ind dintr-o cr\u0103p\u0103tur\u0103 a panoului din tavan. Autorul post\u0103rii a precizat c\u0103 obiectul\u2026 se mi\u0219ca. \u0218i de aici a \u00eenceput totul.<\/p>\n\n\n\n<p><\/p>\n\n\n\n<figure class=\"wp-block-image\"><img decoding=\"async\" src=\"https:\/\/bumzi.ro\/wp-content\/uploads\/2025\/07\/krisa-300x200.jpeg\" alt=\"\" class=\"wp-image-1828\"\/><\/figure>\n\n\n\n<p>Comentariile au \u00eenceput s\u0103 curg\u0103 \u00een lan\u021b.<\/p>\n\n\n\n<p>Unii au presupus c\u0103 este coada unui \u0219arpe, al\u021bii au imaginat o \u0219op\u00e2rl\u0103 uria\u0219\u0103, iar cei mai impresiona\u021bi au fost convin\u0219i c\u0103 este o creatur\u0103 dintr-un film de groaz\u0103 care s-a strecurat \u00een cas\u0103 prin ventila\u021bie.<\/p>\n\n\n\n<hr class=\"wp-block-separator has-alpha-channel-opacity\"\/>\n\n\n\n<p><strong>Creativitatea utilizatorilor de pe Reddit a fost la cote maxime.<\/strong><br>Printre sugestii s-au strecurat idei clasice:<\/p>\n\n\n\n<p>\u2013 \u201e\u00cen\u021bep\u0103-l cu un b\u0103\u021b, poate pleac\u0103.\u201d<br>\u0219i solu\u021bii extreme:<br>\u2013 \u201eArde casa \u0219i ia-o de la cap\u0103t.\u201d<\/p>\n\n\n\n<p>Unii au \u00eenceput s\u0103 \u00eemp\u0103rt\u0103\u0219easc\u0103 propriile experien\u021be cu animale g\u0103site \u00een cele mai nea\u0219teptate locuri \u2014 \u00een pere\u021bi, \u00een conducte de aer sau sub cad\u0103.<\/p>\n\n\n\n<p>Un comentator a povestit chiar cum, \u00eentr-o perioad\u0103, o \u0219arpe se aciuise \u00een casa lui \u0219i ie\u0219ea noaptea \u00een buc\u0103t\u0103rie.<\/p>\n\n\n\n<hr class=\"wp-block-separator has-alpha-channel-opacity\"\/>\n\n\n\n<p><strong>\u00cen cele din urm\u0103, misterul a fost elucidat:<\/strong><br>Autorul post\u0103rii a confirmat c\u0103 era, de fapt, coada unei\u2026 \u0219obolani obi\u0219nui\u021bi, dar extrem de nepl\u0103cut.<\/p>\n\n\n\n<p>A promis c\u0103 va chema imediat o firm\u0103 de deratizare, \u00eens\u0103 fotografia a continuat s\u0103 circule pe internet, st\u00e2rnind un amestec de r\u00e2sete \u0219i dezgust.<\/p>\n\n\n\n<hr class=\"wp-block-separator has-alpha-channel-opacity\"\/>\n\n\n\n<p><strong>Totu\u0219i, dincolo de amuzament, povestea ridic\u0103 un semnal de alarm\u0103:<\/strong><br>\u00cen spatele unui detaliu aparent inofensiv se poate ascunde un pericol real. Roz\u0103toarele \u00een locuin\u021b\u0103 nu sunt doar o nepl\u0103cere, ci pot deveni o amenin\u021bare pentru s\u0103n\u0103tate \u0219i siguran\u021ba casei.<\/p>\n\n\n\n<p>A\u0219adar, dac\u0103 observa\u021bi ceva ie\u0219ind din tavan \u2014 mai bine nu glumi\u021bi. Suna\u021bi imediat un specialist!<\/p>\n\n\n\n<p><em>Aceast\u0103 lucrare este inspirat\u0103 din evenimente \u0219i persoane reale, \u00eens\u0103 a fost fic\u021bionalizat\u0103 \u00een scopuri creative. Numele, personajele \u0219i detaliile au fost schimbate pentru a proteja intimitatea \u0219i pentru a \u00eembun\u0103t\u0103\u021bi nara\u021biunea. Orice asem\u0103nare cu persoane reale, \u00een via\u021b\u0103 sau decedate, sau cu evenimente reale este pur \u00eent\u00e2mpl\u0103toare \u0219i nu este inten\u021bionat\u0103 de c\u0103tre autor.<\/em><\/p>\n\n\n\n<p><em>Autorul \u0219i editorul nu \u00ee\u0219i asum\u0103 responsabilitatea pentru exactitatea evenimentelor sau pentru modul \u00een care sunt portretizate personajele \u0219i nu sunt r\u0103spunz\u0103tori pentru eventuale interpret\u0103ri gre\u0219ite. Aceast\u0103 poveste este oferit\u0103 \u201eca atare\u201d, iar orice opinii exprimate apar\u021bin personajelor \u0219i nu reflect\u0103 punctele de vedere ale autorului sau ale editorului.<\/em><\/p>\n","protected":false},"excerpt":{"rendered":"<p>Un b\u0103rbat a v\u0103zut ceva ie\u0219ind din tavan \u0219i a fost \u00eengrozit c\u00e2nd \u0219i-a dat seama ce este La mijlocul lunii aprilie, un utilizator de<\/p>\n","protected":false},"author":1,"featured_media":40636,"comment_status":"closed","ping_status":"closed","sticky":false,"template":"","format":"standard","meta":[],"categories":[1],"tags":[],"_links":{"self":[{"href":"https:\/\/calatorinromania.com\/index.php?rest_route=\/wp\/v2\/posts\/40887"}],"collection":[{"href":"https:\/\/calatorinromania.com\/index.php?rest_route=\/wp\/v2\/posts"}],"about":[{"href":"https:\/\/calatorinromania.com\/index.php?rest_route=\/wp\/v2\/types\/post"}],"author":[{"embeddable":true,"href":"https:\/\/calatorinromania.com\/index.php?rest_route=\/wp\/v2\/users\/1"}],"replies":[{"embeddable":true,"href":"https:\/\/calatorinromania.com\/index.php?rest_route=%2Fwp%2Fv2%2Fcomments&post=40887"}],"version-history":[{"count":1,"href":"https:\/\/calatorinromania.com\/index.php?rest_route=\/wp\/v2\/posts\/40887\/revisions"}],"predecessor-version":[{"id":40888,"href":"https:\/\/calatorinromania.com\/index.php?rest_route=\/wp\/v2\/posts\/40887\/revisions\/40888"}],"wp:featuredmedia":[{"embeddable":true,"href":"https:\/\/calatorinromania.com\/index.php?rest_route=\/wp\/v2\/media\/40636"}],"wp:attachment":[{"href":"https:\/\/calatorinromania.com\/index.php?rest_route=%2Fwp%2Fv2%2Fmedia&parent=40887"}],"wp:term":[{"taxonomy":"category","embeddable":true,"href":"https:\/\/calatorinromania.com\/index.php?rest_route=%2Fwp%2Fv2%2Fcategories&post=40887"},{"taxonomy":"post_tag","embeddable":true,"href":"https:\/\/calatorinromania.com\/index.php?rest_route=%2Fwp%2Fv2%2Ftags&post=40887"}],"curies":[{"name":"wp","href":"https:\/\/api.w.org\/{rel}","templated":true}]}}