{"id":40881,"date":"2025-07-28T04:25:39","date_gmt":"2025-07-28T04:25:39","guid":{"rendered":"https:\/\/calatorinromania.com\/?p=40881"},"modified":"2025-07-28T04:25:39","modified_gmt":"2025-07-28T04:25:39","slug":"am-stat-acolo-in-sala-de-judecata-incercand-sa-nu-plang","status":"publish","type":"post","link":"https:\/\/calatorinromania.com\/?p=40881","title":{"rendered":"Am stat acolo \u00een sala de judecat\u0103, \u00eencerc\u00e2nd s\u0103 nu pl\u00e2ng"},"content":{"rendered":"\n<p>Am sim\u021bit cum genunchii mi se \u00eenmoaie. Nu \u0219tiam dac\u0103 s\u0103 pl\u00e2ng sau s\u0103 r\u00e2d. M-am uitat la Luca \u2014 mic, sl\u0103bu\u021b, dar cu pieptul scos \u0219i o m\u00e2ndrie \u00een ochi cum rar vezi. \u00ce\u0219i ap\u0103ra mama, cum ar ap\u0103ra un cavaler o cetate.<\/p>\n\n\n\n<p><\/p>\n\n\n\n<p>Derek \u00eencerca s\u0103 spun\u0103 ceva, dar cuvintele i se pr\u0103bu\u0219eau \u00een g\u00e2t. To\u021bi \u00eel priveau ca pe un ho\u021b prins cu m\u00e2na \u00een buzunarul cuiva. Avocata lui \u00eencerca s\u0103 recupereze situa\u021bia, dar judec\u0103torul ridicase palma \u00eentr-un gest care nu permitea replic\u0103.<\/p>\n\n\n\n<p><\/p>\n\n\n\n<p>Dup\u0103 audiere, m-am aplecat \u0219i l-am \u00eembr\u0103\u021bi\u0219at pe Luca, iar el mi-a \u0219optit la ureche:<br>\u2014 Am \u0219tiut c\u0103 trebuie s\u0103 o ar\u0103t. Nu era corect ce f\u0103cea.<\/p>\n\n\n\n<p><\/p>\n\n\n\n<p>Mi-au dat lacrimile. Nu doar pentru c\u0103 ne salvasem, ci pentru c\u0103 b\u0103iatul meu devenise un om.<\/p>\n\n\n\n<p><\/p>\n\n\n\n<p>Peste c\u00e2teva s\u0103pt\u0103m\u00e2ni, tribunalul a decis: custodie comun\u0103, cu domiciliul la mam\u0103. \u00cen plus, o anchet\u0103 fiscal\u0103 a fost demarat\u0103 pe numele lui Derek. Totul a pornit de la acea h\u00e2rtie uitat\u0103 \u00eentr-un seif \u0219i de la un copil care a avut curajul s\u0103 spun\u0103 adev\u0103rul.<\/p>\n\n\n\n<p>Via\u021ba noastr\u0103 nu s-a schimbat peste noapte. Tot trebuia s\u0103 sp\u0103l haine \u00een cad\u0103 uneori, dar parc\u0103 o f\u0103ceam cu mai mult\u0103 demnitate. Luca \u0219i Arya au primit burse de la o asocia\u021bie care ajut\u0103 mame singure. Am primit internet la sf\u00e2r\u0219itul lunii, iar Arya a dansat prin camer\u0103 c\u00e2nd a reu\u0219it s\u0103 intre pe YouTube \u0219i s\u0103 vad\u0103 \u201eAmintiri din copil\u0103rie.\u201d<\/p>\n\n\n\n<p>Am \u00eenceput s\u0103 g\u0103tesc din nou sarmale, cum f\u0103cea mama duminica. Nu aveam bani de carne scump\u0103, dar le umpleam cu dragoste \u0219i orez \u0219i-un pic de ceap\u0103 c\u0103lit\u0103. Le m\u00e2ncam \u00eempreun\u0103 pe covora\u0219ul din sufragerie, iar copiii \u00eemi spuneau c\u0103 au gust de acas\u0103.<\/p>\n\n\n\n<p>\u00centr-o zi, Luca mi-a spus:<br>\u2014 Mami, c\u00e2nd o s\u0103 fiu mare, eu o s\u0103 te ap\u0103r mereu.<\/p>\n\n\n\n<p>L-am m\u00e2ng\u00e2iat pe frunte \u0219i i-am r\u0103spuns:<br>\u2014 Nu trebuie, puiule. Pentru c\u0103 de azi\u2026 eu nu m\u0103 mai las c\u0103lcat\u0103 \u00een picioare de nimeni.<\/p>\n\n\n\n<p>\u0218i nu m-am mai l\u0103sat.<\/p>\n\n\n\n<p>Niciodat\u0103.<\/p>\n\n\n\n<p><em>Aceast\u0103 lucrare este inspirat\u0103 din evenimente \u0219i persoane reale, \u00eens\u0103 a fost fic\u021bionalizat\u0103 \u00een scopuri creative. Numele, personajele \u0219i detaliile au fost schimbate pentru a proteja intimitatea \u0219i pentru a \u00eembun\u0103t\u0103\u021bi nara\u021biunea. Orice asem\u0103nare cu persoane reale, \u00een via\u021b\u0103 sau decedate, sau cu evenimente reale este pur \u00eent\u00e2mpl\u0103toare \u0219i nu este inten\u021bionat\u0103 de c\u0103tre autor.<\/em><\/p>\n\n\n\n<p><em>Autorul \u0219i editorul nu \u00ee\u0219i asum\u0103 responsabilitatea pentru exactitatea evenimentelor sau pentru modul \u00een care sunt portretizate personajele \u0219i nu sunt r\u0103spunz\u0103tori pentru eventuale interpret\u0103ri gre\u0219ite. Aceast\u0103 poveste este oferit\u0103 \u201eca atare\u201d, iar orice opinii exprimate apar\u021bin personajelor \u0219i nu reflect\u0103 punctele de vedere ale autorului sau ale editorului.<\/em><\/p>\n","protected":false},"excerpt":{"rendered":"<p>Am sim\u021bit cum genunchii mi se \u00eenmoaie. Nu \u0219tiam dac\u0103 s\u0103 pl\u00e2ng sau s\u0103 r\u00e2d. M-am uitat la Luca \u2014 mic, sl\u0103bu\u021b, dar cu pieptul<\/p>\n","protected":false},"author":1,"featured_media":40636,"comment_status":"closed","ping_status":"closed","sticky":false,"template":"","format":"standard","meta":[],"categories":[1],"tags":[],"_links":{"self":[{"href":"https:\/\/calatorinromania.com\/index.php?rest_route=\/wp\/v2\/posts\/40881"}],"collection":[{"href":"https:\/\/calatorinromania.com\/index.php?rest_route=\/wp\/v2\/posts"}],"about":[{"href":"https:\/\/calatorinromania.com\/index.php?rest_route=\/wp\/v2\/types\/post"}],"author":[{"embeddable":true,"href":"https:\/\/calatorinromania.com\/index.php?rest_route=\/wp\/v2\/users\/1"}],"replies":[{"embeddable":true,"href":"https:\/\/calatorinromania.com\/index.php?rest_route=%2Fwp%2Fv2%2Fcomments&post=40881"}],"version-history":[{"count":1,"href":"https:\/\/calatorinromania.com\/index.php?rest_route=\/wp\/v2\/posts\/40881\/revisions"}],"predecessor-version":[{"id":40882,"href":"https:\/\/calatorinromania.com\/index.php?rest_route=\/wp\/v2\/posts\/40881\/revisions\/40882"}],"wp:featuredmedia":[{"embeddable":true,"href":"https:\/\/calatorinromania.com\/index.php?rest_route=\/wp\/v2\/media\/40636"}],"wp:attachment":[{"href":"https:\/\/calatorinromania.com\/index.php?rest_route=%2Fwp%2Fv2%2Fmedia&parent=40881"}],"wp:term":[{"taxonomy":"category","embeddable":true,"href":"https:\/\/calatorinromania.com\/index.php?rest_route=%2Fwp%2Fv2%2Fcategories&post=40881"},{"taxonomy":"post_tag","embeddable":true,"href":"https:\/\/calatorinromania.com\/index.php?rest_route=%2Fwp%2Fv2%2Ftags&post=40881"}],"curies":[{"name":"wp","href":"https:\/\/api.w.org\/{rel}","templated":true}]}}