{"id":40875,"date":"2025-07-28T04:07:28","date_gmt":"2025-07-28T04:07:28","guid":{"rendered":"https:\/\/calatorinromania.com\/?p=40875"},"modified":"2025-08-08T16:46:14","modified_gmt":"2025-08-08T16:46:14","slug":"redefinirea-tatalui-intr-un-singur-moment","status":"publish","type":"post","link":"https:\/\/calatorinromania.com\/?p=40875","title":{"rendered":"Redefinirea tat\u0103lui, \u00eentr-un singur moment"},"content":{"rendered":"\n<p>C\u00e2nd am cunoscut-o pe actuala mea so\u021bie, avea deja o feti\u021b\u0103 de trei ani. Era timid\u0103 la \u00eenceput, se ascundea mereu \u00een spatele piciorului mamei, privindu-m\u0103 cu ochii aceia mari \u0219i curio\u0219i. Nu am \u00eencercat niciodat\u0103 s\u0103 iau locul cuiva \u2014 am vrut doar s\u0103 fiu bun, prezent \u0219i, poate, s\u0103-i c\u00e2\u0219tig \u00eencrederea.<\/p>\n\n\n\n<p><\/p>\n\n\n\n<p>Cu timpul, \u00eencetul cu \u00eencetul, s-a deschis. \u00centr-o sear\u0103, c\u00e2nd avea vreo patru ani, dup\u0103 ce i-am citit o poveste la culcare, \u0219i-a \u00eencol\u0103cit bra\u021bele \u00een jurul meu \u0219i mi-a \u0219optit: \u201eNoapte bun\u0103, tati.\u201d Nu voi uita niciodat\u0103 acel moment. Inima mi s-a topit pur \u0219i simplu. Din ziua aceea, mi-a spus \u201etati\u201d ca \u0219i cum asta fusese mereu realitatea noastr\u0103.<\/p>\n\n\n\n<p><\/p>\n\n\n\n<p>Acum are 13 ani. Devine o adolescent\u0103 inteligent\u0103, amuzant\u0103 \u0219i frumoas\u0103 \u2014 \u0219i am fost acolo la fiecare pas. Prima plimbare cu bicicleta. Prima serbare la \u0219coal\u0103. Nop\u021bile nedormite cu febr\u0103. Discu\u021biile grele. R\u00e2setele. Lacrimile. Toate.<\/p>\n\n\n\n<p><\/p>\n\n\n\n<p>Tat\u0103l ei biologic? Intr\u0103 \u0219i iese din via\u021ba ei ca o adiere printr-o fereastr\u0103 deschis\u0103 \u2014 niciodat\u0103 constant, niciodat\u0103 de \u00eencredere. Doar clipe. Promisiuni care nu se \u021bin. O vizit\u0103 din c\u00e2nd \u00een c\u00e2nd, un mesaj ici-colo. \u0218i de fiecare dat\u0103, ea sper\u0103. \u0218i apoi se dezam\u0103ge\u0219te.<\/p>\n\n\n\n<p><\/p>\n\n\n\n<p>Asear\u0103, era \u00een vizit\u0103 la el c\u00e2nd am primit un mesaj de la ea. Spunea simplu: \u201ePo\u021bi s\u0103 vii s\u0103 m\u0103 iei?\u201d<br>N-am pus \u00eentreb\u0103ri. Am r\u0103spuns doar: \u201eVin acum.\u201d<br>C\u00e2nd am ajuns, a venit direct spre ma\u0219in\u0103. Cu capul plecat, cu pa\u0219i grei. S-a urcat, a \u00eenchis u\u0219a, a stat c\u00e2teva secunde \u00een lini\u0219te, apoi s-a \u00eentors spre mine \u0219i a spus:<\/p>\n\n\n\n<p>\u201ePutem doar s\u0103 mergem acas\u0103, tati?\u201d<br>N-a spus-o din obi\u0219nuin\u021b\u0103. A spus-o din inim\u0103.<\/p>\n\n\n\n<p>\u0218i \u00een acel moment am \u00een\u021beles \u2014 nu ocupam doar un loc. Eu sunt tat\u0103l ei. Cel care apare. Cel care ascult\u0103. Cel care r\u0103m\u00e2ne.<\/p>\n\n\n\n<p>Nu s\u00e2ngele face un tat\u0103. Ci iubirea. Timpul. Prezen\u021ba.<\/p>\n\n\n\n<p>\u0218i dac\u0103 am avut vreodat\u0103 nevoie de o dovad\u0103 a ceea ce \u00eensemn pentru ea\u2026 am primit-o asear\u0103, \u00eentr-un singur cuv\u00e2nt: Tati.<\/p>\n\n\n\n<p><em>Aceast\u0103 lucrare este inspirat\u0103 din evenimente \u0219i persoane reale, \u00eens\u0103 a fost fic\u021bionalizat\u0103 \u00een scopuri creative. Numele, personajele \u0219i detaliile au fost schimbate pentru a proteja intimitatea \u0219i pentru a \u00eembun\u0103t\u0103\u021bi nara\u021biunea. Orice asem\u0103nare cu persoane reale, \u00een via\u021b\u0103 sau decedate, sau cu evenimente reale este pur \u00eent\u00e2mpl\u0103toare \u0219i nu este inten\u021bionat\u0103 de c\u0103tre autor.<\/em><\/p>\n\n\n\n<p><em>Autorul \u0219i editorul nu \u00ee\u0219i asum\u0103 responsabilitatea pentru exactitatea evenimentelor sau pentru modul \u00een care sunt portretizate personajele \u0219i nu sunt r\u0103spunz\u0103tori pentru eventuale interpret\u0103ri gre\u0219ite. Aceast\u0103 poveste este oferit\u0103 \u201eca atare\u201d, iar orice opinii exprimate apar\u021bin personajelor \u0219i nu reflect\u0103 punctele de vedere ale autorului sau ale editorului.<\/em><\/p>\n","protected":false},"excerpt":{"rendered":"<p>C\u00e2nd am cunoscut-o pe actuala mea so\u021bie, avea deja o feti\u021b\u0103 de trei ani. Era timid\u0103 la \u00eenceput, se ascundea mereu \u00een spatele piciorului mamei,<\/p>\n","protected":false},"author":1,"featured_media":40636,"comment_status":"closed","ping_status":"closed","sticky":false,"template":"","format":"standard","meta":[],"categories":[1],"tags":[],"_links":{"self":[{"href":"https:\/\/calatorinromania.com\/index.php?rest_route=\/wp\/v2\/posts\/40875"}],"collection":[{"href":"https:\/\/calatorinromania.com\/index.php?rest_route=\/wp\/v2\/posts"}],"about":[{"href":"https:\/\/calatorinromania.com\/index.php?rest_route=\/wp\/v2\/types\/post"}],"author":[{"embeddable":true,"href":"https:\/\/calatorinromania.com\/index.php?rest_route=\/wp\/v2\/users\/1"}],"replies":[{"embeddable":true,"href":"https:\/\/calatorinromania.com\/index.php?rest_route=%2Fwp%2Fv2%2Fcomments&post=40875"}],"version-history":[{"count":1,"href":"https:\/\/calatorinromania.com\/index.php?rest_route=\/wp\/v2\/posts\/40875\/revisions"}],"predecessor-version":[{"id":40876,"href":"https:\/\/calatorinromania.com\/index.php?rest_route=\/wp\/v2\/posts\/40875\/revisions\/40876"}],"wp:featuredmedia":[{"embeddable":true,"href":"https:\/\/calatorinromania.com\/index.php?rest_route=\/wp\/v2\/media\/40636"}],"wp:attachment":[{"href":"https:\/\/calatorinromania.com\/index.php?rest_route=%2Fwp%2Fv2%2Fmedia&parent=40875"}],"wp:term":[{"taxonomy":"category","embeddable":true,"href":"https:\/\/calatorinromania.com\/index.php?rest_route=%2Fwp%2Fv2%2Fcategories&post=40875"},{"taxonomy":"post_tag","embeddable":true,"href":"https:\/\/calatorinromania.com\/index.php?rest_route=%2Fwp%2Fv2%2Ftags&post=40875"}],"curies":[{"name":"wp","href":"https:\/\/api.w.org\/{rel}","templated":true}]}}