{"id":40869,"date":"2025-07-25T06:44:42","date_gmt":"2025-07-25T06:44:42","guid":{"rendered":"https:\/\/calatorinromania.com\/?p=40869"},"modified":"2025-07-25T06:44:43","modified_gmt":"2025-07-25T06:44:43","slug":"fiul-meu-s-a-uitat-in-ochii-mei-si-mi-a-spus","status":"publish","type":"post","link":"https:\/\/calatorinromania.com\/?p=40869","title":{"rendered":"Fiul meu s-a uitat \u00een ochii mei \u0219i mi-a spus"},"content":{"rendered":"\n<p>Nu m-a durut faptul c\u0103 m-a dat afar\u0103. Nu pe moment. M-a durut felul \u00een care o spusese. F\u0103r\u0103 ezitare, f\u0103r\u0103 o privire \u00een jos. Doar rece. De parc\u0103 eram o saco\u0219\u0103 \u00een plus \u00eentr-un apartament mic.<\/p>\n\n\n\n<p><\/p>\n\n\n\n<p>Mi-am luat geanta, bastonul, \u0219i am ie\u0219it pe u\u0219\u0103. F\u0103r\u0103 scandal, f\u0103r\u0103 repro\u0219uri. De fapt, nici nu eram sup\u0103rat\u0103. Eram golit\u0103. Cum e un ulcior cr\u0103pat: nu mai curge nimic din el, nici ap\u0103, nici speran\u021b\u0103.<\/p>\n\n\n\n<p><\/p>\n\n\n\n<p>Noaptea aceea am dormit la banca din fa\u021ba g\u0103rii. Un paznic mi-a dat un ceai cald, o doamn\u0103 mi-a \u00eentins o e\u0219arf\u0103. M-au recunoscut, cred \u2014 tot ora\u0219ul m-a cunoscut c\u00e2ndva. Am fost profesoar\u0103 de rom\u00e2n\u0103 la liceu, apoi bibliotecar\u0103.<\/p>\n\n\n\n<p><\/p>\n\n\n\n<p>A doua zi diminea\u021b\u0103, mi-am scos plicul ascuns \u00een buzunarul ascuns din geanta veche. Erau acolo economiile mele din pensie, de c\u00e2nd murise so\u021bul meu, Marin. Bani pu\u021bini, dar pu\u0219i deoparte \u201epentru zile negre\u201d. \u0218i iat\u0103-m\u0103 \u2014 mai negru ca acum, nici c\u0103 putea fi.<\/p>\n\n\n\n<p><\/p>\n\n\n\n<p>Am luat un taxi \u0219i am mers direct la o agen\u021bie imobiliar\u0103.<\/p>\n\n\n\n<p><\/p>\n\n\n\n<p>\u2014 Ce pot cump\u0103ra cu 16.000 de euro?<\/p>\n\n\n\n<p><\/p>\n\n\n\n<p>T\u00e2n\u0103ra din fa\u021ba mea m-a privit cu uimire. \u00cembr\u0103cat\u0103 simplu, cu p\u0103rul alb prins la spate, nu inspiram prea mult\u0103 \u00eencredere. Dar i-am ar\u0103tat banii. Apoi buletinul. Apoi privirea \u2014 \u0219i aceea spunea c\u0103 nu glumesc.<\/p>\n\n\n\n<p>\u2014 Poate o c\u0103su\u021b\u0103 d\u0103r\u0103p\u0103nat\u0103 la sat. La margine de lume. F\u0103r\u0103 gaze, poate f\u0103r\u0103 ap\u0103. Dar\u2026 da. Se poate.<\/p>\n\n\n\n<p>Am ales un sat pe care nu-l \u0219tiam. Tocmai acolo mi-am g\u0103sit lini\u0219tea. O c\u0103su\u021b\u0103 mic\u0103, cu acoperi\u0219 \u00eenclinat, sob\u0103 de teracot\u0103 \u0219i dou\u0103 camere goale. Am chemat un b\u0103tr\u00e2n t\u00e2mplar din vecini, i-am pl\u0103tit tot ce a cerut, \u0219i \u00een dou\u0103 s\u0103pt\u0103m\u00e2ni am avut o mas\u0103, un pat, o etajer\u0103 \u0219i o sob\u0103 care nu scotea fum.<\/p>\n\n\n\n<p>Am plantat flori \u00een fa\u021ba casei. Am dus c\u0103r\u021bile r\u0103mase din biblioteca veche \u00eentr-o camer\u0103, pe care am transformat-o \u00een col\u021b de lectur\u0103 pentru copiii din sat. La \u00eenceput, nu venea nimeni. Apoi, \u00eentr-o duminic\u0103, au venit doi fra\u021bi. Le-am citit \u201eAmintiri din copil\u0103rie\u201d. Au r\u00e2s. Au cerut s\u0103 revin\u0103.<\/p>\n\n\n\n<p>Peste o lun\u0103, aveam \u00een curte opt copii. Aduceau p\u00e2ine, lapte, ou\u0103. Eu le d\u0103deam pove\u0219ti. Cuvinte. \u00cenv\u0103\u021bau poezii \u0219i mi le recitau \u00een \u0219oapt\u0103, ca ni\u0219te desc\u00e2ntece.<\/p>\n\n\n\n<p>Vecinii au \u00eenceput s\u0103 m\u0103 strige \u201eDoamna Ana de la C\u0103su\u021ba cu C\u0103r\u021bi\u201d.<\/p>\n\n\n\n<p>\u00centr-o zi, la poart\u0103 a oprit o ma\u0219in\u0103 str\u0103in\u0103. Din ea a cobor\u00e2t fiul meu. Cu nevasta \u0219i fata lor, nepoata mea. O feti\u021b\u0103 care nu m\u0103 cunoscuse niciodat\u0103 cu adev\u0103rat.<\/p>\n\n\n\n<p>\u2014 Mam\u0103\u2026 am aflat ce ai f\u0103cut. E pe Facebook. Cineva din sat a postat un clip. A devenit viral.<\/p>\n\n\n\n<p>\u2014 Nu mi-a trebuit viralitate. Mi-a trebuit pace, i-am spus.<\/p>\n\n\n\n<p>\u2014 Vrem s\u0103 te lu\u0103m \u00eenapoi. \u021ai-am preg\u0103tit camera. \u0218i\u2026<\/p>\n\n\n\n<p>Am z\u00e2mbit. Un z\u00e2mbet mic, nu din buze, ci din suflet.<\/p>\n\n\n\n<p>\u2014 Fiule, eu nu m-am pierdut. M-am reg\u0103sit. Aici e casa mea acum. Aici m-a primit lumea, f\u0103r\u0103 s\u0103 m\u0103 \u00eentrebe c\u00e2t cost.<\/p>\n\n\n\n<p>El a l\u0103sat privirea \u00een jos. Nepoata s-a apropiat de mine \u0219i mi-a \u0219optit:<\/p>\n\n\n\n<p>\u2014 Tu e\u0219ti bunica cu pove\u0219tile?<\/p>\n\n\n\n<p>\u2014 Da, iubita mea. Sunt.<\/p>\n\n\n\n<p>A r\u0103mas la mine o s\u0103pt\u0103m\u00e2n\u0103. A plecat cu un caiet plin de versuri \u0219i cu promisiunea c\u0103 va reveni.<\/p>\n\n\n\n<p>C\u00e2t despre fiul meu, poate a \u00een\u021beles. Poate nu. Dar eu da. Uneori, o u\u0219\u0103 \u00eenchis\u0103 te oblig\u0103 s\u0103 deschizi o poart\u0103 pe care nici nu o \u0219tiai.<\/p>\n\n\n\n<p><em>Aceast\u0103 lucrare este inspirat\u0103 din evenimente \u0219i persoane reale, \u00eens\u0103 a fost fic\u021bionalizat\u0103 \u00een scopuri creative. Numele, personajele \u0219i detaliile au fost schimbate pentru a proteja intimitatea \u0219i pentru a \u00eembun\u0103t\u0103\u021bi nara\u021biunea. Orice asem\u0103nare cu persoane reale, \u00een via\u021b\u0103 sau decedate, sau cu evenimente reale este pur \u00eent\u00e2mpl\u0103toare \u0219i nu este inten\u021bionat\u0103 de c\u0103tre autor.<\/em><\/p>\n\n\n\n<p><em>Autorul \u0219i editorul nu \u00ee\u0219i asum\u0103 responsabilitatea pentru exactitatea evenimentelor sau pentru modul \u00een care sunt portretizate personajele \u0219i nu sunt r\u0103spunz\u0103tori pentru eventuale interpret\u0103ri gre\u0219ite. Aceast\u0103 poveste este oferit\u0103 \u201eca atare\u201d, iar orice opinii exprimate apar\u021bin personajelor \u0219i nu reflect\u0103 punctele de vedere ale autorului sau ale editorului.<\/em><\/p>\n","protected":false},"excerpt":{"rendered":"<p>Nu m-a durut faptul c\u0103 m-a dat afar\u0103. Nu pe moment. M-a durut felul \u00een care o spusese. F\u0103r\u0103 ezitare, f\u0103r\u0103 o privire \u00een jos.<\/p>\n","protected":false},"author":1,"featured_media":40654,"comment_status":"closed","ping_status":"closed","sticky":false,"template":"","format":"standard","meta":[],"categories":[1],"tags":[],"_links":{"self":[{"href":"https:\/\/calatorinromania.com\/index.php?rest_route=\/wp\/v2\/posts\/40869"}],"collection":[{"href":"https:\/\/calatorinromania.com\/index.php?rest_route=\/wp\/v2\/posts"}],"about":[{"href":"https:\/\/calatorinromania.com\/index.php?rest_route=\/wp\/v2\/types\/post"}],"author":[{"embeddable":true,"href":"https:\/\/calatorinromania.com\/index.php?rest_route=\/wp\/v2\/users\/1"}],"replies":[{"embeddable":true,"href":"https:\/\/calatorinromania.com\/index.php?rest_route=%2Fwp%2Fv2%2Fcomments&post=40869"}],"version-history":[{"count":1,"href":"https:\/\/calatorinromania.com\/index.php?rest_route=\/wp\/v2\/posts\/40869\/revisions"}],"predecessor-version":[{"id":40870,"href":"https:\/\/calatorinromania.com\/index.php?rest_route=\/wp\/v2\/posts\/40869\/revisions\/40870"}],"wp:featuredmedia":[{"embeddable":true,"href":"https:\/\/calatorinromania.com\/index.php?rest_route=\/wp\/v2\/media\/40654"}],"wp:attachment":[{"href":"https:\/\/calatorinromania.com\/index.php?rest_route=%2Fwp%2Fv2%2Fmedia&parent=40869"}],"wp:term":[{"taxonomy":"category","embeddable":true,"href":"https:\/\/calatorinromania.com\/index.php?rest_route=%2Fwp%2Fv2%2Fcategories&post=40869"},{"taxonomy":"post_tag","embeddable":true,"href":"https:\/\/calatorinromania.com\/index.php?rest_route=%2Fwp%2Fv2%2Ftags&post=40869"}],"curies":[{"name":"wp","href":"https:\/\/api.w.org\/{rel}","templated":true}]}}