{"id":40867,"date":"2025-07-25T06:42:58","date_gmt":"2025-07-25T06:42:58","guid":{"rendered":"https:\/\/calatorinromania.com\/?p=40867"},"modified":"2025-07-25T06:42:58","modified_gmt":"2025-07-25T06:42:58","slug":"sotul-meu-isi-ducea-colega-la-casa-mea-de-la-lac-pentru-calatorii-de-afaceri","status":"publish","type":"post","link":"https:\/\/calatorinromania.com\/?p=40867","title":{"rendered":"So\u021bul meu \u00ee\u0219i ducea colega la casa mea de la lac pentru \u201ec\u0103l\u0103torii de afaceri\u201d"},"content":{"rendered":"\n<p>Am ajuns vineri seara, cu portbagajul plin de m\u00e2ncare, vin \u0219i z\u00e2mbete false. El a s\u0103rutat u\u0219a casei, nostalgic. \u201eMi-era dor de locul \u0103sta\u201d, a spus. Aproape m-am sufocat de ironie.<\/p>\n\n\n\n<p><\/p>\n\n\n\n<p>\u201eAprinde o lum\u00e2nare, dragule\u201d, i-am \u0219optit. A ales exact aceea\u0219i \u2014 lavand\u0103 \u0219i miere. Preferata bunicii mele. \u0218i a amantei lui, se pare.<\/p>\n\n\n\n<p><\/p>\n\n\n\n<p>M-am uitat cum se plimb\u0103 prin camere ca un turist, de parc\u0103 n-ar fi fost acolo recent. A deschis dulapul cu pahare \u0219i a exclamat mirat: \u201eHuh, cine a mutat paharele?\u201d<\/p>\n\n\n\n<p><\/p>\n\n\n\n<p>Z\u00e2mbeam.<\/p>\n\n\n\n<p>Seara a fost lini\u0219tit\u0103. M\u00e2ncare bun\u0103, pove\u0219ti banale. A doua zi diminea\u021b\u0103, l-am rugat s\u0103 m\u0103 ajute s\u0103 cur\u0103\u021b\u0103m podul. \u201eAm g\u0103sit ni\u0219te cutii vechi, poate sunt amintiri de la bunica.\u201d<\/p>\n\n\n\n<p>A urcat primul. Eu dup\u0103. I-am ar\u0103tat cutia mare, veche, acoperit\u0103 cu o p\u0103tur\u0103. \u00cen\u0103untru, \u00eens\u0103, nu erau poze de familie.<\/p>\n\n\n\n<p>Erau capturi. Printuri clare de pe camerele video. Fiecare atingere. Fiecare s\u0103rut. Fiecare \u201eiubito\u201d spus unei str\u0103ine \u00een patul bunicii mele.<\/p>\n\n\n\n<p>Le-a luat \u00een m\u00e2n\u0103. A \u00eenceput s\u0103 le r\u0103sfoiasc\u0103, pierdut.<\/p>\n\n\n\n<p>\u201eCe-i asta?\u201d, a \u00eentrebat, deja \u0219tiind r\u0103spunsul.<\/p>\n\n\n\n<p>\u201eDovad\u0103\u201d, i-am spus. \u201eDovad\u0103 c\u0103 \u0219tiu. C\u0103 te-am v\u0103zut. C\u0103 \u021bi-am oferit timp s\u0103 recuno\u0219ti. Dar ai ales s\u0103 m\u0103 min\u021bi.\u201d<\/p>\n\n\n\n<p>A t\u0103cut. A clipit. A vrut s\u0103 spun\u0103 ceva, dar eu am continuat.<\/p>\n\n\n\n<p>\u201e\u0218i mai e ceva \u00een cutie.\u201d<\/p>\n\n\n\n<p>A dat la o parte restul h\u00e2rtiilor. Dosarul de divor\u021b. Complet. Semnat. Aveam deja avocatul, aveam deja totul preg\u0103tit. Nu mai era nevoie dec\u00e2t de o ultim\u0103 semn\u0103tur\u0103.<\/p>\n\n\n\n<p>\u201e\u00cel semnezi aici, sau \u00eel semnezi \u00een tribunal. Dar \u00eel semnezi\u201d, am spus. Calm. Cu o lini\u0219te rece, \u00eenv\u0103\u021bat\u0103 de la bunica.<\/p>\n\n\n\n<p>N-a protestat. A luat stiloul. A semnat. A vrut s\u0103 spun\u0103 \u201e\u00cemi pare r\u0103u.\u201d<\/p>\n\n\n\n<p>\u201eNu e\u0219ti\u201d, i-am t\u0103iat-o. \u201e\u00ce\u021bi pare r\u0103u c\u0103 ai fost prins. Dar nu-\u021bi face griji. Am trimis deja imaginile la HR-ul companiei tale. S\u0103 vedem dac\u0103 \u0219i compania accept\u0103 \u2018c\u0103l\u0103torii de afaceri\u2019 \u00een lenjerie.\u201d<\/p>\n\n\n\n<p>Am ie\u0219it din pod prima. L-am l\u0103sat acolo, \u00een \u00eentuneric, exact cum m\u0103 l\u0103sase \u0219i el pe mine ani de zile.<\/p>\n\n\n\n<p>Casa de la lac n-a fost niciodat\u0103 mai lini\u0219tit\u0103. Poate pentru c\u0103, \u00een sf\u00e2r\u0219it, era goal\u0103 de minciuni.<\/p>\n\n\n\n<p>\u0218i poate pentru c\u0103, \u00een sf\u00e2r\u0219it, \u00eei apar\u021binea din nou doar celor care au iubit-o cu adev\u0103rat.<\/p>\n\n\n\n<p><em>Aceast\u0103 lucrare este inspirat\u0103 din evenimente \u0219i persoane reale, \u00eens\u0103 a fost fic\u021bionalizat\u0103 \u00een scopuri creative. Numele, personajele \u0219i detaliile au fost schimbate pentru a proteja intimitatea \u0219i pentru a \u00eembun\u0103t\u0103\u021bi nara\u021biunea. Orice asem\u0103nare cu persoane reale, \u00een via\u021b\u0103 sau decedate, sau cu evenimente reale este pur \u00eent\u00e2mpl\u0103toare \u0219i nu este inten\u021bionat\u0103 de c\u0103tre autor.<\/em><\/p>\n\n\n\n<p><em>Autorul \u0219i editorul nu \u00ee\u0219i asum\u0103 responsabilitatea pentru exactitatea evenimentelor sau pentru modul \u00een care sunt portretizate personajele \u0219i nu sunt r\u0103spunz\u0103tori pentru eventuale interpret\u0103ri gre\u0219ite. Aceast\u0103 poveste este oferit\u0103 \u201eca atare\u201d, iar orice opinii exprimate apar\u021bin personajelor \u0219i nu reflect\u0103 punctele de vedere ale autorului sau ale editorului.<\/em><\/p>\n","protected":false},"excerpt":{"rendered":"<p>Am ajuns vineri seara, cu portbagajul plin de m\u00e2ncare, vin \u0219i z\u00e2mbete false. El a s\u0103rutat u\u0219a casei, nostalgic. \u201eMi-era dor de locul \u0103sta\u201d, a<\/p>\n","protected":false},"author":1,"featured_media":40654,"comment_status":"closed","ping_status":"closed","sticky":false,"template":"","format":"standard","meta":[],"categories":[1],"tags":[],"_links":{"self":[{"href":"https:\/\/calatorinromania.com\/index.php?rest_route=\/wp\/v2\/posts\/40867"}],"collection":[{"href":"https:\/\/calatorinromania.com\/index.php?rest_route=\/wp\/v2\/posts"}],"about":[{"href":"https:\/\/calatorinromania.com\/index.php?rest_route=\/wp\/v2\/types\/post"}],"author":[{"embeddable":true,"href":"https:\/\/calatorinromania.com\/index.php?rest_route=\/wp\/v2\/users\/1"}],"replies":[{"embeddable":true,"href":"https:\/\/calatorinromania.com\/index.php?rest_route=%2Fwp%2Fv2%2Fcomments&post=40867"}],"version-history":[{"count":1,"href":"https:\/\/calatorinromania.com\/index.php?rest_route=\/wp\/v2\/posts\/40867\/revisions"}],"predecessor-version":[{"id":40868,"href":"https:\/\/calatorinromania.com\/index.php?rest_route=\/wp\/v2\/posts\/40867\/revisions\/40868"}],"wp:featuredmedia":[{"embeddable":true,"href":"https:\/\/calatorinromania.com\/index.php?rest_route=\/wp\/v2\/media\/40654"}],"wp:attachment":[{"href":"https:\/\/calatorinromania.com\/index.php?rest_route=%2Fwp%2Fv2%2Fmedia&parent=40867"}],"wp:term":[{"taxonomy":"category","embeddable":true,"href":"https:\/\/calatorinromania.com\/index.php?rest_route=%2Fwp%2Fv2%2Fcategories&post=40867"},{"taxonomy":"post_tag","embeddable":true,"href":"https:\/\/calatorinromania.com\/index.php?rest_route=%2Fwp%2Fv2%2Ftags&post=40867"}],"curies":[{"name":"wp","href":"https:\/\/api.w.org\/{rel}","templated":true}]}}