{"id":40865,"date":"2025-07-25T06:40:13","date_gmt":"2025-07-25T06:40:13","guid":{"rendered":"https:\/\/calatorinromania.com\/?p=40865"},"modified":"2025-10-05T09:14:09","modified_gmt":"2025-10-05T09:14:09","slug":"printesa-diana-nu-a-fost-cunoscuta-drept-printesa-inimilor-doar-pentru-ca-suna-bine","status":"publish","type":"post","link":"https:\/\/calatorinromania.com\/?p=40865","title":{"rendered":"Prin\u021besa Diana nu a fost cunoscut\u0103 drept \u201ePrin\u021besa inimilor\u201d doar pentru c\u0103 suna bine."},"content":{"rendered":"\n<p>Prin\u021besa Diana nu a fost cunoscut\u0103 drept \u201ePrin\u021besa inimilor\u201d doar pentru c\u0103 suna bine.<\/p>\n\n\n\n<p><\/p>\n\n\n\n<p>Nu, ea a devenit o persoan\u0103 esen\u021bial\u0103 pentru britanici prin eforturile sale caritabile \u0219i compasiunea sa. A\u0219a cum a declarat celebru, nu inten\u021biona s\u0103 fie regina \u201epe h\u00e2rtie\u201d, ci regina \u00een inimile oamenilor.<\/p>\n\n\n\n<p><\/p>\n\n\n\n<p>Moartea ei a fost cauzat\u0103 de un accident catastrofal la Paris, unul dintre cele mai devastatoare evenimente din istoria contemporan\u0103 a Marii Britanii. Mo\u0219tenirea Prin\u021besei Diana d\u0103inuie \u0219i ast\u0103zi, nu doar prin fiii s\u0103i, William \u0219i Harry, ci mai ales \u00een inimile oamenilor.<\/p>\n\n\n\n<p><\/p>\n\n\n\n<p>De-a lungul anilor am v\u0103zut multe fotografii minunate cu Diana, dar unele nu au primit la fel de mult\u0103 aten\u021bie.<\/p>\n\n\n\n<p><\/p>\n\n\n\n<p>Diana a murit t\u00e2n\u0103r\u0103, iar via\u021ba ei a fost plin\u0103 de provoc\u0103ri \u0219i greut\u0103\u021bi. Din p\u0103cate, era urm\u0103rit\u0103 peste tot \u0219i a avut o via\u021b\u0103 privat\u0103 dificil\u0103 dup\u0103 ce a intrat \u00een familia regal\u0103.<\/p>\n\n\n\n<p>Ea a fost responsabil\u0103 pentru cre\u0219terea lui Harry \u0219i William.<\/p>\n\n\n\n<p>\u00cen ciuda tuturor lucrurilor, Diana a fost o mam\u0103 iubitoare. \u00centotdeauna i-a pus pe William \u0219i Harry pe primul loc, deoarece \u00ee\u0219i dorea ca ace\u0219tia s\u0103 aib\u0103 o copil\u0103rie c\u00e2t mai normal\u0103.<\/p>\n\n\n\n<p>\u00cei ducea frecvent pe b\u0103ie\u021bi \u00een parcuri de distrac\u021bii \u0219i \u00een alte locuri pl\u0103cute. Bine\u00een\u021beles, \u0219tia ce \u00eenseamn\u0103 via\u021ba regal\u0103 \u2014 s\u0103 le fie servit\u0103 m\u00e2ncarea oric\u00e2nd, s\u0103 se poarte ca ni\u0219te copii regali perfec\u021bi.<\/p>\n\n\n\n<p>Dar era con\u0219tient\u0103 \u0219i de nevoia de a le oferi ocazia s\u0103 fie ca orice al\u021bi copii. \u021ain\u00e2nd cont de asta, \u00eei scotea din palat pe furi\u0219 pentru a merge s\u0103 m\u0103n\u00e2nce fast food.<\/p>\n\n\n\n<p>\u201e\u00cemi amintesc c\u0103 prin\u021besa a intrat \u00eentr-o zi \u00een buc\u0103t\u0103rie \u0219i a spus: \u2018Anuleaz\u0103 pr\u00e2nzul pentru b\u0103ie\u021bi, \u00eei scot afar\u0103, mergem la McDonald\u2019s\u2019\u201d, a povestit fostul buc\u0103tar personal al Dianei, Darren McGrady, pentru Marie Claire.<\/p>\n\n\n\n<p>\u201e\u0218i i-am spus: \u2018Alte\u021b\u0103 Regal\u0103, pot s\u0103 le fac burgeri.\u2019 La care ea a r\u0103spuns: \u2018Nu e vorba de m\u00e2ncare. E pentru juc\u0103rie.\u2019\u201d<\/p>\n\n\n\n<p>William \u0219i Harry adorau timpul petrecut cu mama lor. Diana i-a crescut ca pe ni\u0219te copii normali \u2014 \u0219i, \u00een multe privin\u021be, chiar erau!<\/p>\n\n\n\n<p>Diana a \u00eencercat \u00eentotdeauna s\u0103 fie cea mai bun\u0103 mam\u0103 posibil\u0103, \u0219tiind c\u0103 fra\u021bii se mai \u0219i ceart\u0103.<\/p>\n\n\n\n<p>\u00ce\u0219i dorea ca fiii ei s\u0103 r\u0103m\u00e2n\u0103 mereu cei mai buni prieteni.<\/p>\n\n\n\n<p>Istoricul regal Robert Lacey a dezv\u0103luit detalii despre copil\u0103ria lui Harry \u0219i William, inclusiv cum Diana le-a cerut s\u0103 \u00eei promit\u0103 c\u0103 vor fi mereu cei mai buni prieteni.<\/p>\n\n\n\n<p>Lacey vorbe\u0219te \u00een cartea sa&nbsp;<em>Battle of Brothers<\/em>&nbsp;despre rela\u021bia celor doi fra\u021bi, men\u021bion\u00e2nd c\u0103 Diana era hot\u0103r\u00e2t\u0103 s\u0103 r\u0103m\u00e2n\u0103 uni\u021bi pe via\u021b\u0103. Ea voia ca b\u0103ie\u021bii s\u0103 \u00eei promit\u0103 c\u0103 nu vor l\u0103sa pe nimeni s\u0103-i despart\u0103.<\/p>\n\n\n\n<p>Lacey o citeaz\u0103 pe mediumul Simone Simmons, care obi\u0219nuia s\u0103 o consilieze pe Diana.<\/p>\n\n\n\n<p>\u201eTrebuie s\u0103-mi promite\u021bi c\u0103 ve\u021bi fi mereu cei mai buni prieteni,\u201d le-ar fi spus Diana fiilor ei, potrivit lui Simmons. \u201e\u0218i s\u0103 nu l\u0103sa\u021bi pe nimeni s\u0103 se bage \u00eentre voi.\u201d<\/p>\n\n\n\n<p>\u201eAm\u00e2ndoi au promis c\u0103 vor respecta asta. \u0218i-au dat un high-five \u0219i \u0219i-au \u00eembr\u0103\u021bi\u0219at mama str\u00e2ns.\u201d<\/p>\n\n\n\n<p>\u201eOricine s-ar fi topit v\u0103z\u00e2nd acea scen\u0103,\u201d a spus ea. \u201eApoi au ie\u0219it afar\u0103 s\u0103 joace fotbal.\u201d<\/p>\n\n\n\n<p>Era evident \u00eenc\u0103 de la \u00eenceput c\u0103 statutul de membr\u0103 a familiei regale nu era totul pentru Diana. Copiii erau prioritatea ei \u0219i \u00eencerca s\u0103-i protejeze de orice ar fi putut interveni \u00eentre ei.<\/p>\n\n\n\n<p>Inclusiv familia regal\u0103 \u2014 se spune c\u0103 Diana era \u00eengrijorat\u0103 c\u0103 Regina \u0219i Charles pl\u0103nuiau s\u0103 o \u00eendep\u0103rteze de copii.<\/p>\n\n\n\n<p>William \u0219i Harry au dezvelit o statuie \u00een memoria mamei lor.<\/p>\n\n\n\n<p>Chiar dac\u0103 au f\u0103cut acea promisiune, rela\u021bia dintre William \u0219i Harry s-a deteriorat \u00een ultimii ani, \u00eencep\u00e2nd cu decizia lui Harry de a p\u0103r\u0103si familia regal\u0103 \u00een 2020.<\/p>\n\n\n\n<p>Anul trecut, William \u0219i Harry s-au reunit pentru a dezveli o statuie a mamei lor, cu ocazia \u00eemplinirii a 60 de ani de la na\u0219terea ei. Statuia din bronz a Dianei, \u00eenconjurat\u0103 de trei copii, a fost instalat\u0103 \u00een Gr\u0103dina Scufundat\u0103 de la Palatul Kensington, fosta ei re\u0219edin\u021b\u0103 din Londra.<\/p>\n\n\n\n<p>\u201eAst\u0103zi, \u00een ziua \u00een care mama noastr\u0103 ar fi \u00eemplinit 60 de ani, ne amintim de dragostea, puterea \u0219i caracterul ei \u2014 calit\u0103\u021bi care au f\u0103cut din ea o for\u021b\u0103 a binelui \u00een \u00eentreaga lume,\u201d au spus cei doi \u00eentr-o declara\u021bie comun\u0103.<\/p>\n\n\n\n<p>\u201e\u00cen fiecare zi ne dorim s\u0103 fie \u00eenc\u0103 al\u0103turi de noi \u0219i sper\u0103m ca aceast\u0103 statuie s\u0103 fie mereu un simbol al vie\u021bii \u0219i mo\u0219tenirii ei.\u201d<\/p>\n\n\n\n<p>Anul acesta s-au \u00eemplinit 25 de ani de la moartea Prin\u021besei Diana. William \u0219i Harry i-au adus un omagiu, dar separat.<\/p>\n\n\n\n<p>O surs\u0103 regal\u0103 a declarat pentru People Magazine c\u0103 William a petrecut ziua \u00een lini\u0219te, al\u0103turi de so\u021bia lui, Kate Middleton, la Windsor.<\/p>\n\n\n\n<p>\u00cenaintea anivers\u0103rii de pe 31 august, Harry a vorbit despre mama sa, spun\u00e2nd c\u0103 sper\u0103 s\u0103 o fac\u0103 m\u00e2ndr\u0103.<\/p>\n\n\n\n<p>\u201eVreau ca aceasta s\u0103 fie o zi plin\u0103 de amintiri legate de munca ei extraordinar\u0103 \u0219i dragostea cu care o f\u0103cea,\u201d a spus Harry. \u201eVreau s\u0103 fie o zi \u00een care s\u0103 \u00eemp\u0103rt\u0103\u0219esc spiritul mamei mele cu familia mea, cu copiii mei, care mi-a\u0219 fi dorit s\u0103 o cunoasc\u0103. \u00cen fiecare zi sper c\u0103 o fac m\u00e2ndr\u0103.\u201d<\/p>\n\n\n\n<p>Pe l\u00e2ng\u0103 via\u021ba ei public\u0103 intens\u0103, Diana a avut \u0219i probleme personale, ca orice om. Una dintre cele mai mari a fost so\u021bul ei, pe atunci Prin\u021bul Charles.<\/p>\n\n\n\n<p>La doar c\u00e2\u021biva ani de la c\u0103s\u0103toria cu Diana, Charles a \u00eenceput o aventur\u0103 cu Camilla, care avea s\u0103 \u00eei devin\u0103 ulterior so\u021bie.<\/p>\n\n\n\n<p>Potrivit biografiei autorizate a lui Charles, citat\u0103 de&nbsp;<em>Town &amp; Country<\/em>, aventura a \u00eenceput \u00een 1986. Charles era \u00eenc\u0103 c\u0103s\u0103torit cu Diana, iar ea a aflat.<\/p>\n\n\n\n<p>\u00cen 1989, Diana a confruntat-o pe Camilla \u0219i i-a spus s\u0103 se retrag\u0103.<\/p>\n\n\n\n<p>\u201e\u0218tiu ce se \u00eent\u00e2mpl\u0103 \u00eentre tine \u0219i Charles \u0219i vreau doar s\u0103 \u0219tii c\u0103 \u0219tiu,\u201d i-ar fi spus Diana, conform relat\u0103rilor lui Camilla.<\/p>\n\n\n\n<p>\u201e[Diana] mi-a spus: \u2018Ai tot ce \u021bi-ai dorit vreodat\u0103. Ai to\u021bi b\u0103rba\u021bii din lume care se \u00eendr\u0103gostesc de tine \u0219i ai doi copii minuna\u021bi. Ce altceva mai vrei?\u2019\u201d<\/p>\n\n\n\n<p>\u201e\u0218i eu i-am spus: \u2018\u00cel vreau pe so\u021bul meu.\u2019 I-am zis c\u0103 \u00eemi pare r\u0103u c\u0103 sunt \u00een calea lor \u0219i c\u0103 trebuie s\u0103 fie un chin pentru am\u00e2ndoi. Dar \u0219tiu ce se \u00eent\u00e2mpl\u0103. Nu m\u0103 trata ca pe o proast\u0103,\u2019\u201d a spus Diana, potrivit Camillei.<\/p>\n\n\n\n<p>Regina a \u00eenc\u0103lcat protocolul regal la \u00eenmorm\u00e2ntarea Dianei.<\/p>\n\n\n\n<p>Din perspectiva publicului, totul p\u0103rea normal, dar \u00een scurt timp via\u021ba de basm a lui Charles \u0219i Diana s-a destr\u0103mat. \u00cen 1992, cuplul a anun\u021bat separarea, dar am\u00e2ndoi \u0219i-au continuat \u00eendatoririle oficiale. Patru ani mai t\u00e2rziu, \u00een august 1996, au finalizat divor\u021bul.<\/p>\n\n\n\n<p>Pe l\u00e2ng\u0103 o \u00een\u021belegere financiar\u0103 generoas\u0103, Diana a p\u0103strat apartamentul de la Palatul Kensington \u0219i titlul de \u201ePrin\u021bes\u0103 de Wales\u201d. Totu\u0219i, a renun\u021bat la titlul de \u201eAlte\u021b\u0103 Regal\u0103\u201d \u0219i la orice preten\u021bii viitoare la tron.<\/p>\n\n\n\n<p>Moartea Dianei a \u0219ocat \u00eentreaga na\u021biune \u0219i lumea. \u00cenmorm\u00e2ntarea ei a avut loc pe 6 septembrie 1997 la Westminster Abbey, \u00eenainte de a fi \u00eenmorm\u00e2ntat\u0103 la re\u0219edin\u021ba familiei sale, Althorp Park.<\/p>\n\n\n\n<p>Peste 2.000 de invita\u021bi au participat la funeraliile Prin\u021besei Diana. Sicriul ei a fost purtat prin Londra, permi\u021b\u00e2nd britanicilor s\u0103-\u0219i ia r\u0103mas-bun.<\/p>\n\n\n\n<p>Interesant este c\u0103 regina nu era obligat\u0103 s\u0103-\u0219i plece capul \u00een fa\u021ba nim\u0103nui. La funeraliile Dianei, \u00eens\u0103, a \u00eenc\u0103lcat protocolul regal \u0219i s-a \u00eenclinat \u00een fa\u021ba sicriului \u2014 singura dat\u0103 c\u00e2nd Regina Elisabeta a \u00eenc\u0103lcat aceast\u0103 regul\u0103.<\/p>\n\n\n\n<p><strong>Fotografii rare cu Prin\u021besa Diana<\/strong><\/p>\n\n\n\n<p>Diana a fost urm\u0103rit\u0103 de paparazzi mare parte din via\u021ba ei regal\u0103 \u2014 era probabil cea mai fotografiat\u0103 persoan\u0103 din lume la acea vreme.<\/p>\n\n\n\n<p>Toat\u0103 lumea voia o bucat\u0103 din ea. Potrivit&nbsp;<em>The Guardian<\/em>, tabloidele ofereau p\u00e2n\u0103 la 500.000 de dolari pentru fotografii neclare cu Diana.<\/p>\n\n\n\n<p>Fiii ei, William \u0219i Harry, au v\u0103zut cu ochii lor cum presa o trata. Harry a declarat c\u0103 voia s\u0103 p\u0103r\u0103seasc\u0103 familia regal\u0103 \u00eenc\u0103 din tinere\u021be, \u00een mare parte din cauza modului \u00een care fusese tratat\u0103 mama lui.<\/p>\n\n\n\n<p>\u201eUit\u0103-te ce i-au f\u0103cut mamei mele. Cum a\u0219 putea s\u0103 m\u0103 a\u0219ez vreodat\u0103 la casa mea, s\u0103 am o so\u021bie \u0219i o familie, \u0219tiind c\u0103 se va \u00eent\u00e2mpla din nou?\u201d a spus Harry. \u201eNu vreau s\u0103 fac parte din asta.\u201d<\/p>\n\n\n\n<p>De-a lungul anilor s-au realizat multe fotografii memorabile cu Diana. Desigur, unele au fost f\u0103cute de fotografi care \u00eencercau s\u0103 le v\u00e2nd\u0103. Dar multe surprind o c\u0103ldur\u0103 aparte \u0219i ofer\u0103 o privire spectaculoas\u0103 asupra vie\u021bii ei.<\/p>\n\n\n\n<p>O c\u0103utare \u00een arhive scoate la lumin\u0103 sute de imagini nev\u0103zute cu Prin\u021besa. Unele dintre acestea au fost adunate pentru a ar\u0103ta o latur\u0103 rar\u0103 a Dianei.<\/p>\n\n\n\n<p>Diana a devenit un adev\u0103rat simbol al stilului. Inclusiv pe p\u00e2rtie.<\/p>\n\n\n\n<p>\u00cen 1990, Diana a mers cu copiii \u2014 \u0219i cu nepo\u021bii surorii sale \u2014 pe insula Necker din Insulele Virgine Britanice. Proprietatea apar\u021binea lui Richard Branson, fondatorul Virgin.<\/p>\n\n\n\n<p>Diana \u0219tia s\u0103 se distreze. Uite o fotografie frumoas\u0103 cu ea \u0219i Harry la parcul de distrac\u021bii Thorpe Park \u00een 1992.<\/p>\n\n\n\n<p>Ea era deseori numit\u0103 \u201ePrin\u021besa inimilor\u201d. A participat la numeroase ac\u021biuni umanitare, oferind un exemplu despre cum ar trebui s\u0103 se poarte un om bun \u0219i plin de compasiune. \u00cen aceast\u0103 imagine, este surprins\u0103 vizit\u00e2nd un atelier ortopedic \u00een Luanda, Angola, st\u00e2nd al\u0103turi de victime ale minelor antipersonal.<\/p>\n\n\n\n<p>Putem vorbi la nesf\u00e2r\u0219it despre fotografiile frumoase cu Diana. Aceasta a fost f\u0103cut\u0103 \u00een 1971, \u00een vacan\u021ba de var\u0103 din Itchenor, West Sussex.<\/p>\n\n\n\n<p>Aceasta a fost f\u0103cut\u0103 \u00een fa\u021ba apartamentului Dianei din Coleherne Court, Londra, \u00eenainte de logodna cu Charles.<\/p>\n\n\n\n<p>Aici, Harry scoate limba c\u0103tre oamenii aduna\u021bi \u00een fa\u021ba Palatului Buckingham. Diana pare surprins\u0103.<\/p>\n\n\n\n<p>Brandul de haine Barbour e \u00eenc\u0103 preferat de membrii regali, dar probabil c\u0103 Diana l-a purtat cel mai bine.<\/p>\n\n\n\n<p>Ea adora acest brand \u0219i, \u00een timpul unei vizite \u00een Hebridele Exterioare \u00een 1985, a fost momentul perfect pentru a purta jacheta clasic\u0103 din bumbac ceruit.<\/p>\n\n\n\n<p>Jayne Fincher, o fotograf\u0103 regal\u0103 care a surprins unele dintre cele mai iconice cadre cu Diana, i-a urm\u0103rit peste tot pe Diana \u0219i Charles. A \u00eenchiriat un avion pentru a ajunge \u00een Hebride, unde cei doi se aflau \u00eentr-o vizit\u0103 oficial\u0103.<\/p>\n\n\n\n<p>\u201eC\u00e2nd am ajuns, Charles m-a \u00eentrebat: \u2018Unde-ai fost?\u2019\u201d<\/p>\n\n\n\n<p>Regiunea e expus\u0103 la v\u00e2nt \u0219i ploaie, iar Diana a sim\u021bit asta \u00een 1985.<\/p>\n\n\n\n<p>Dar ar\u0103ta grozav \u00een poze, iar fotografa Jayne a realizat ceva c\u00e2nd a verificat negativele.<\/p>\n\n\n\n<p>\u201eNu o vezi des pe Diana \u00eembr\u0103cat\u0103 a\u0219a. Era at\u00e2t de fericit\u0103. Ploua toren\u021bial, dar machiajul era perfect. Eu ar\u0103tam ca o epav\u0103, ca de obicei,\u201d a spus ea.<\/p>\n\n\n\n<p>Fotografia de mai jos a fost f\u0103cut\u0103 \u00een ultima ei var\u0103 din via\u021b\u0103. Este al\u0103turi de iubitul ei, Dodi Al Fayed, pe o barc\u0103 \u00een St. Tropez, Fran\u021ba, s\u0103rind \u00een ap\u0103.<\/p>\n\n\n\n<p>O vom p\u0103stra mereu \u00een amintire ca pe o fiin\u021b\u0103 cu adev\u0103rat bun\u0103 \u0219i minunat\u0103.<\/p>\n\n\n\n<p>A\u0219a c\u0103, te rog, distribuie acest articol pe Facebook pentru a o onora pe Diana!<\/p>\n\n\n\n<p><em>Aceast\u0103 lucrare este inspirat\u0103 din evenimente \u0219i persoane reale, \u00eens\u0103 a fost fic\u021bionalizat\u0103 \u00een scopuri creative. Numele, personajele \u0219i detaliile au fost schimbate pentru a proteja intimitatea \u0219i pentru a \u00eembun\u0103t\u0103\u021bi nara\u021biunea. Orice asem\u0103nare cu persoane reale, \u00een via\u021b\u0103 sau decedate, sau cu evenimente reale este pur \u00eent\u00e2mpl\u0103toare \u0219i nu este inten\u021bionat\u0103 de c\u0103tre autor.<\/em><\/p>\n\n\n\n<p><em>Autorul \u0219i editorul nu \u00ee\u0219i asum\u0103 responsabilitatea pentru exactitatea evenimentelor sau pentru modul \u00een care sunt portretizate personajele \u0219i nu sunt r\u0103spunz\u0103tori pentru eventuale interpret\u0103ri gre\u0219ite. Aceast\u0103 poveste este oferit\u0103 \u201eca atare\u201d, iar orice opinii exprimate apar\u021bin personajelor \u0219i nu reflect\u0103 punctele de vedere ale autorului sau ale editorului.<\/em><\/p>\n","protected":false},"excerpt":{"rendered":"<p>Prin\u021besa Diana nu a fost cunoscut\u0103 drept \u201ePrin\u021besa inimilor\u201d doar pentru c\u0103 suna bine. Nu, ea a devenit o persoan\u0103 esen\u021bial\u0103 pentru britanici prin eforturile<\/p>\n","protected":false},"author":1,"featured_media":40654,"comment_status":"closed","ping_status":"closed","sticky":false,"template":"","format":"standard","meta":[],"categories":[1],"tags":[],"_links":{"self":[{"href":"https:\/\/calatorinromania.com\/index.php?rest_route=\/wp\/v2\/posts\/40865"}],"collection":[{"href":"https:\/\/calatorinromania.com\/index.php?rest_route=\/wp\/v2\/posts"}],"about":[{"href":"https:\/\/calatorinromania.com\/index.php?rest_route=\/wp\/v2\/types\/post"}],"author":[{"embeddable":true,"href":"https:\/\/calatorinromania.com\/index.php?rest_route=\/wp\/v2\/users\/1"}],"replies":[{"embeddable":true,"href":"https:\/\/calatorinromania.com\/index.php?rest_route=%2Fwp%2Fv2%2Fcomments&post=40865"}],"version-history":[{"count":1,"href":"https:\/\/calatorinromania.com\/index.php?rest_route=\/wp\/v2\/posts\/40865\/revisions"}],"predecessor-version":[{"id":40866,"href":"https:\/\/calatorinromania.com\/index.php?rest_route=\/wp\/v2\/posts\/40865\/revisions\/40866"}],"wp:featuredmedia":[{"embeddable":true,"href":"https:\/\/calatorinromania.com\/index.php?rest_route=\/wp\/v2\/media\/40654"}],"wp:attachment":[{"href":"https:\/\/calatorinromania.com\/index.php?rest_route=%2Fwp%2Fv2%2Fmedia&parent=40865"}],"wp:term":[{"taxonomy":"category","embeddable":true,"href":"https:\/\/calatorinromania.com\/index.php?rest_route=%2Fwp%2Fv2%2Fcategories&post=40865"},{"taxonomy":"post_tag","embeddable":true,"href":"https:\/\/calatorinromania.com\/index.php?rest_route=%2Fwp%2Fv2%2Ftags&post=40865"}],"curies":[{"name":"wp","href":"https:\/\/api.w.org\/{rel}","templated":true}]}}