{"id":40853,"date":"2025-07-24T10:10:20","date_gmt":"2025-07-24T10:10:20","guid":{"rendered":"https:\/\/calatorinromania.com\/?p=40853"},"modified":"2025-07-24T10:10:22","modified_gmt":"2025-07-24T10:10:22","slug":"numele-meu-este-maria-in-varsta-de-44-de-ani-am-urmatoarea-problema-am-fost-casatorita-vreo-10-ani-casnicia-noastra-s-a-terminat-nu-din-cauza-vreunuia-dintre-noi-ci-din-cauza-mamei-lui-care-nici","status":"publish","type":"post","link":"https:\/\/calatorinromania.com\/?p=40853","title":{"rendered":"Numele meu este Maria, \u00een v\u00e2rst\u0103 de 44 de ani. Am urm\u0103toarea problem\u0103. Am fost c\u0103s\u0103torit\u0103 vreo 10 ani. C\u0103snicia noastr\u0103 s-a terminat nu din cauza vreunuia dintre noi, ci din cauza mamei lui, care niciodat\u0103 nu m-a acceptat \u00een via\u021ba lui \u0219i a ei"},"content":{"rendered":"\n<p>Numele meu este Maria, \u00een v\u00e2rst\u0103 de 44 de ani. Am urm\u0103toarea problem\u0103. Am fost c\u0103s\u0103torit\u0103 vreo 10 ani. C\u0103snicia noastr\u0103 s-a terminat nu din cauza vreunuia dintre noi, ci din cauza mamei lui, care niciodat\u0103 nu m-a acceptat \u00een via\u021ba lui \u0219i a ei.<\/p>\n\n\n\n<p><\/p>\n\n\n\n<p>C\u00e2t am fost c\u0103s\u0103tori\u021bi nu a ratat nicio ocazie s\u0103 bage str\u00e2mbe \u00eentre mine \u0219i so\u021bul meu. C\u0103 nu-s suficient de bun\u0103 pentru el, c\u0103 nu sunt \u00een stare s\u0103-i fac un copil (am \u00eencercat, dar nu am avut niciodat\u0103 noroc s\u0103 r\u0103m\u00e2n gravid\u0103), ba c\u0103 dup\u0103 ce c\u0103 nu pot s\u0103 devin mam\u0103, nici o gospodin\u0103 bun\u0103 nu sunt, c\u0103 \u00een cas\u0103 e mizerie \u0219i c\u0103 \u0219tiu s\u0103 am grij\u0103 de el. Chestii de genul.<\/p>\n\n\n\n<p><\/p>\n\n\n\n<p>P\u00e2n\u0103 c\u00e2nd, el a \u00eenceput s\u0103 \u021bin\u0103 cont de tot ceea ce-i b\u0103ga maic\u0103-sa \u00een cap, am \u00eenceput s\u0103 ne cert\u0103m, din ce \u00een ce mai mult, p\u00e2n\u0103 c\u00e2nd am decis c\u0103 nu mai e cazul s\u0103 continu\u0103m c\u0103snicia \u0219i am divor\u021bat.<\/p>\n\n\n\n<p><\/p>\n\n\n\n<p>Au trecut doi ani de la divor\u021b, timp \u00een care eu am mai o rela\u0163ie, care \u00eens\u0103 nu a durat mai mult de c\u00e2teva luni. Acum sunt singur\u0103. De fostul so\u021b nu am mai auzit de la divor\u021b, p\u00e2n\u0103 acum c\u00e2teva s\u0103pt\u0103m\u00e2ni, c\u00e2nd m-a sunat s\u0103-mi spun\u0103 c\u0103 mama lui a murit. M-a chemat la \u00eenmorm\u00e2ntare. Nu am vrut s\u0103 m\u0103 duc, dar totu\u015fi am f\u0103cut-o.<\/p>\n\n\n\n<p><\/p>\n\n\n\n<p>Nu \u015ftiu de ce, \u00eens\u0103\u2026 Ideea e c\u0103 de atunci \u00eencepe s\u0103 m\u0103 caute tot mai des. \u00cemi d\u0103 semne c\u0103 ar vrea s\u0103 relu\u0103m povestea, dar eu nu \u0219tiu dac\u0103 mai vreau.<\/p>\n\n\n\n<p><\/p>\n\n\n\n<p>Nu c\u0103 nu a\u0219 mai sim\u021bi ceva pentru el, dar nu \u0219tiu dac\u0103 mai pot avea \u00eencredere \u00eentr-un om care s-a l\u0103sat at\u00e2t de u\u0219or influen\u021bat de p\u0103rerea unei alte persoane.<\/p>\n\n\n\n<p><\/p>\n\n\n\n<p>Nu \u0219tiu ce s\u0103 fac. Poate tu m\u0103 po\u021bi ajuta s\u0103 iau o decizie.<\/p>\n","protected":false},"excerpt":{"rendered":"<p>Numele meu este Maria, \u00een v\u00e2rst\u0103 de 44 de ani. Am urm\u0103toarea problem\u0103. Am fost c\u0103s\u0103torit\u0103 vreo 10 ani. C\u0103snicia noastr\u0103 s-a terminat nu din<\/p>\n","protected":false},"author":1,"featured_media":40854,"comment_status":"closed","ping_status":"closed","sticky":false,"template":"","format":"standard","meta":[],"categories":[1],"tags":[],"_links":{"self":[{"href":"https:\/\/calatorinromania.com\/index.php?rest_route=\/wp\/v2\/posts\/40853"}],"collection":[{"href":"https:\/\/calatorinromania.com\/index.php?rest_route=\/wp\/v2\/posts"}],"about":[{"href":"https:\/\/calatorinromania.com\/index.php?rest_route=\/wp\/v2\/types\/post"}],"author":[{"embeddable":true,"href":"https:\/\/calatorinromania.com\/index.php?rest_route=\/wp\/v2\/users\/1"}],"replies":[{"embeddable":true,"href":"https:\/\/calatorinromania.com\/index.php?rest_route=%2Fwp%2Fv2%2Fcomments&post=40853"}],"version-history":[{"count":1,"href":"https:\/\/calatorinromania.com\/index.php?rest_route=\/wp\/v2\/posts\/40853\/revisions"}],"predecessor-version":[{"id":40855,"href":"https:\/\/calatorinromania.com\/index.php?rest_route=\/wp\/v2\/posts\/40853\/revisions\/40855"}],"wp:featuredmedia":[{"embeddable":true,"href":"https:\/\/calatorinromania.com\/index.php?rest_route=\/wp\/v2\/media\/40854"}],"wp:attachment":[{"href":"https:\/\/calatorinromania.com\/index.php?rest_route=%2Fwp%2Fv2%2Fmedia&parent=40853"}],"wp:term":[{"taxonomy":"category","embeddable":true,"href":"https:\/\/calatorinromania.com\/index.php?rest_route=%2Fwp%2Fv2%2Fcategories&post=40853"},{"taxonomy":"post_tag","embeddable":true,"href":"https:\/\/calatorinromania.com\/index.php?rest_route=%2Fwp%2Fv2%2Ftags&post=40853"}],"curies":[{"name":"wp","href":"https:\/\/api.w.org\/{rel}","templated":true}]}}