{"id":40849,"date":"2025-07-24T08:55:22","date_gmt":"2025-07-24T08:55:22","guid":{"rendered":"https:\/\/calatorinromania.com\/?p=40849"},"modified":"2025-07-24T08:55:22","modified_gmt":"2025-07-24T08:55:22","slug":"vara-2025-aduce-seceta-severa-in-europa-germania-impune-restrictii-dure-iar-franta-reglementeaza-colectarea-apei-de-ploaie","status":"publish","type":"post","link":"https:\/\/calatorinromania.com\/?p=40849","title":{"rendered":"Vara 2025 aduce secet\u0103 sever\u0103 \u00een Europa: Germania impune restric\u021bii dure, iar Fran\u021ba reglementeaz\u0103 colectarea apei de ploaie"},"content":{"rendered":"\n<p>Europa se confrunt\u0103 cu o var\u0103 deosebit de secetoas\u0103 \u00een 2025, iar consecin\u021bele nu \u00eent\u00e2rzie s\u0103 apar\u0103. \u00cen Germania, lipsa resurselor de ap\u0103 a determinat autorit\u0103\u021bile s\u0103 introduc\u0103 m\u0103suri stricte pentru conservarea apei, iar Fran\u021ba a decis s\u0103 reglementeze utilizarea rezervoarelor de ap\u0103 de ploaie, \u00eentr-un efort de adaptare la noile condi\u021bii climatice.<\/p>\n\n\n\n<p><\/p>\n\n\n\n<h3>Germania interzice udarea gr\u0103dinilor \u00een mai multe regiuni<\/h3>\n\n\n\n<p><\/p>\n\n\n\n<p>\u00cen contextul secetei persistente, Germania a \u00eenceput s\u0103 aplice restric\u021bii drastice \u00een privin\u021ba consumului de ap\u0103. \u00cen mai multe ora\u0219e \u0219i regiuni, autorit\u0103\u021bile au interzis complet udarea gr\u0103dinilor, at\u00e2t \u00een gospod\u0103riile private, c\u00e2t \u0219i pe spa\u021biile publice.<\/p>\n\n\n\n<p><\/p>\n\n\n\n<p>Ora\u0219ul Hanovra, de exemplu, a anun\u021bat o interdic\u021bie total\u0103 pentru perioada 1 iunie \u2013 30 septembrie. Cei care \u00eencalc\u0103 regulile risc\u0103 amenzi semnificative. M\u0103surile, introduse ini\u021bial local, se extind treptat \u0219i \u00een alte zone afectate de lipsa apei.<\/p>\n\n\n\n<p><\/p>\n\n\n\n<p>Oficialii subliniaz\u0103 c\u0103 astfel de decizii sunt necesare pentru a evita epuizarea resurselor de ap\u0103 \u00een sezonul de var\u0103, marcat de temperaturi ridicate \u0219i precipita\u021bii reduse.<\/p>\n\n\n\n<h3>Fran\u021ba reglementeaz\u0103 colectarea apei de ploaie: obligativitatea declar\u0103rii rezervoarelor mai mari de 500 litri<\/h3>\n\n\n\n<p>\u00centr-o alt\u0103 m\u0103sur\u0103 f\u0103r\u0103 precedent, Fran\u021ba va introduce, \u00eencep\u00e2nd cu 6 august 2025, o reglementare prin care to\u021bi proprietarii de rezervoare de ap\u0103 de ploaie cu o capacitate mai mare de 500 de litri vor fi obliga\u021bi s\u0103 le declare la autorit\u0103\u021bile locale.<\/p>\n\n\n\n<p>Aceast\u0103 decizie face parte dintr-un plan amplu de gestionare sustenabil\u0103 a resurselor de ap\u0103, \u00eentr-un climat tot mai instabil, marcat de alternan\u021ba secetelor extreme \u0219i a ploilor toren\u021biale care pot provoca inunda\u021bii urbane.<\/p>\n\n\n\n<p>Speciali\u0219tii atrag aten\u021bia c\u0103 rezervoarele mari pot afecta echilibrul natural al circuitului apei, dac\u0103 nu sunt corect utilizate \u0219i monitorizate. Astfel, autorit\u0103\u021bile vor introduce registre locale \u0219i poten\u021biale scheme de sprijin pentru gospod\u0103riile care doresc s\u0103 adapteze sistemele deja existente.<\/p>\n\n\n\n<h3>Colectarea responsabil\u0103, nu interzis\u0103<\/h3>\n\n\n\n<p>Oficialii francezi precizeaz\u0103 c\u0103 scopul nu este de a limita utilizarea apei de ploaie, ci de a promova un management eficient \u0219i responsabil al acestei resurse tot mai valoroase. Agricultorii \u0219i gr\u0103dinarii sunt \u00eencuraja\u021bi s\u0103 se informeze din timp cu privire la legisla\u021bia local\u0103, pentru a evita sanc\u021biuni sau modific\u0103ri costisitoare.<\/p>\n\n\n\n<p>Claude Martin, un pensionar din Dordogne care utilizeaz\u0103 un rezervor de 600 de litri pentru irigarea gr\u0103dinii, a declarat:<\/p>\n\n\n\n<blockquote class=\"wp-block-quote\">\n<p>\u201eIni\u021bial am crezut c\u0103 voi fi obligat s\u0103 renun\u021b la sistem. Dar acum \u00een\u021beleg c\u0103 inten\u021bia este bun\u0103 \u2013 vrem s\u0103 protej\u0103m apa \u0219i s\u0103 evit\u0103m abuzurile.\u201d<\/p>\n<\/blockquote>\n\n\n\n<h3>Europa se adapteaz\u0103 la criza climatic\u0103<\/h3>\n\n\n\n<p>Vara 2025 marcheaz\u0103 o nou\u0103 etap\u0103 \u00een con\u0219tientizarea impactului schimb\u0103rilor climatice asupra resurselor naturale. Restric\u021biile impuse \u00een Germania \u0219i reglement\u0103rile din Fran\u021ba reflect\u0103 eforturile tot mai urgente ale guvernelor europene de a proteja apa \u2013 o resurs\u0103 vital\u0103, aflat\u0103 deja sub presiune.<\/p>\n\n\n\n<p><\/p>\n","protected":false},"excerpt":{"rendered":"<p>Europa se confrunt\u0103 cu o var\u0103 deosebit de secetoas\u0103 \u00een 2025, iar consecin\u021bele nu \u00eent\u00e2rzie s\u0103 apar\u0103. \u00cen Germania, lipsa resurselor de ap\u0103 a determinat<\/p>\n","protected":false},"author":1,"featured_media":40654,"comment_status":"closed","ping_status":"closed","sticky":false,"template":"","format":"standard","meta":[],"categories":[1],"tags":[],"_links":{"self":[{"href":"https:\/\/calatorinromania.com\/index.php?rest_route=\/wp\/v2\/posts\/40849"}],"collection":[{"href":"https:\/\/calatorinromania.com\/index.php?rest_route=\/wp\/v2\/posts"}],"about":[{"href":"https:\/\/calatorinromania.com\/index.php?rest_route=\/wp\/v2\/types\/post"}],"author":[{"embeddable":true,"href":"https:\/\/calatorinromania.com\/index.php?rest_route=\/wp\/v2\/users\/1"}],"replies":[{"embeddable":true,"href":"https:\/\/calatorinromania.com\/index.php?rest_route=%2Fwp%2Fv2%2Fcomments&post=40849"}],"version-history":[{"count":1,"href":"https:\/\/calatorinromania.com\/index.php?rest_route=\/wp\/v2\/posts\/40849\/revisions"}],"predecessor-version":[{"id":40850,"href":"https:\/\/calatorinromania.com\/index.php?rest_route=\/wp\/v2\/posts\/40849\/revisions\/40850"}],"wp:featuredmedia":[{"embeddable":true,"href":"https:\/\/calatorinromania.com\/index.php?rest_route=\/wp\/v2\/media\/40654"}],"wp:attachment":[{"href":"https:\/\/calatorinromania.com\/index.php?rest_route=%2Fwp%2Fv2%2Fmedia&parent=40849"}],"wp:term":[{"taxonomy":"category","embeddable":true,"href":"https:\/\/calatorinromania.com\/index.php?rest_route=%2Fwp%2Fv2%2Fcategories&post=40849"},{"taxonomy":"post_tag","embeddable":true,"href":"https:\/\/calatorinromania.com\/index.php?rest_route=%2Fwp%2Fv2%2Ftags&post=40849"}],"curies":[{"name":"wp","href":"https:\/\/api.w.org\/{rel}","templated":true}]}}