{"id":40748,"date":"2025-07-20T17:00:36","date_gmt":"2025-07-20T17:00:36","guid":{"rendered":"https:\/\/calatorinromania.com\/?p=40748"},"modified":"2025-07-20T17:00:36","modified_gmt":"2025-07-20T17:00:36","slug":"bolojan-pune-piciorul-in-prag-si-ii-cere-demisia","status":"publish","type":"post","link":"https:\/\/calatorinromania.com\/?p=40748","title":{"rendered":"Bolojan pune piciorul \u00een prag \u0219i \u00eei cere DEMISIA!"},"content":{"rendered":"\n<p><strong>Premierul Ilie Bolojan<\/strong>&nbsp;a declan\u0219at mar\u021bi un&nbsp;<strong>scandal de propor\u021bii<\/strong>, dup\u0103 ce a cerut&nbsp;<strong>demiterea directorului EximBank<\/strong>&nbsp;\u0219i a anun\u021bat trimiterea unei&nbsp;<strong>sesiz\u0103ri oficiale c\u0103tre Parchetul General<\/strong>.<\/p>\n\n\n\n<p>Totul a pornit de la&nbsp;<strong>\u00eenchirierea Palatului Kiseleff<\/strong>&nbsp;de c\u0103tre banca de stat, \u00eentr-o tranzac\u021bie \u00een care se pl\u0103te\u0219te&nbsp;<strong>dublu fa\u021b\u0103 de valoarea estimat\u0103<\/strong>&nbsp;de exper\u021bi, iar diferen\u021ba ajunge la o firm\u0103 intermediar\u0103 numit\u0103&nbsp;<strong>Spirmina Corporation<\/strong>.<\/p>\n\n\n\n<h2>Premierul: \u201eDac\u0103 nu te revolt\u0103 c\u00e2nd vezi lucrurile astea, \u00eenseamn\u0103 c\u0103 nu e\u0219ti omul potrivit pe acel post\u201d<\/h2>\n\n\n\n<p><strong>Ilie Bolojan<\/strong>&nbsp;a declarat la Digi24 c\u0103&nbsp;<strong>EximBank pl\u0103te\u0219te o chirie lunar\u0103 de 120.000 de euro<\/strong>&nbsp;pentru cl\u0103dire, de\u0219i evalu\u0103rile f\u0103cute de exper\u021bi ar\u0103tau o&nbsp;<strong>valoare maxim\u0103 de 60.000 de euro<\/strong>. Potrivit acestuia,&nbsp;<strong>banca nu a \u00eencercat nicio negociere direct\u0103<\/strong>&nbsp;cu&nbsp;<strong>RA-APPS<\/strong>, proprietarul imobilului, prefer\u00e2nd s\u0103 semneze cu o firm\u0103 privat\u0103 care&nbsp;<strong>intermediaz\u0103 contractul \u0219i \u00eencaseaz\u0103 diferen\u021ba<\/strong>.<\/p>\n\n\n\n<blockquote class=\"wp-block-quote\">\n<p><em>\u201eAceast\u0103 situa\u021bie m-a revoltat\u201d,<\/em>&nbsp;a spus Ilie Bolojan.<\/p>\n<\/blockquote>\n\n\n\n<blockquote class=\"wp-block-quote\">\n<p><em>\u201eLa un salariu de 20.000 de euro, nu ai \u00eentrebat de ce pl\u0103te\u0219ti mai mult unui intermediar? Nu ai scris m\u0103car o solicitare c\u0103tre RA-APPS?\u201d<\/em>, a continuat acesta, acuz\u00e2nd conducerea b\u0103ncii de&nbsp;<strong>lips\u0103 de reac\u021bie \u0219i responsabilitate<\/strong>.<\/p>\n<\/blockquote>\n\n\n\n<p>El a anun\u021bat c\u0103&nbsp;<strong>Ministerul de Finan\u021be<\/strong>&nbsp;a fost mandatat s\u0103 \u00eenceap\u0103 procedurile de&nbsp;<strong>\u00eenlocuire a conducerii EximBank<\/strong>&nbsp;\u0219i c\u0103&nbsp;<strong>a fost sesizat Parchetul General<\/strong>&nbsp;pentru posibile&nbsp;<strong>fapte penale<\/strong>.<\/p>\n\n\n\n<p>Potrivit premierului,&nbsp;<strong>Spirmina Corporation<\/strong>&nbsp;pl\u0103te\u0219te c\u0103tre RA-APPS o sum\u0103&nbsp;<strong>mai mic\u0103 dec\u00e2t cea \u00eencasat\u0103 de la EximBank<\/strong>, ceea ce transform\u0103 aceast\u0103 schem\u0103 \u00eentr-o&nbsp;<strong>afacere p\u0103guboas\u0103 pentru stat<\/strong>.&nbsp;<strong>Nicio autoritate<\/strong>&nbsp;nu pare s\u0103 fi intervenit p\u00e2n\u0103 acum, de\u0219i contractul este \u00een derulare de ani de zile.<\/p>\n\n\n\n<p><strong>RA-APPS<\/strong>, \u00eens\u0103, afirm\u0103 c\u0103 \u00eenchirierea este&nbsp;<strong>legal\u0103 \u0219i veche<\/strong>. \u00centr-un comunicat transmis presei, regia precizeaz\u0103 c\u0103&nbsp;<strong>Palatul Kiseleff este \u00eenchiriat \u00eenc\u0103 din 1996<\/strong>, \u00een baza unui contract care a fost mereu prelungit cu&nbsp;<strong>avizul Secretariatului General al Guvernului<\/strong>.<\/p>\n\n\n\n<p>Regia sus\u021bine c\u0103&nbsp;<strong>evalu\u0103rile au fost f\u0103cute de exper\u021bi autoriza\u021bi ANEVAR<\/strong>&nbsp;\u0219i c\u0103 tranzac\u021bia a adus&nbsp;<strong><mark>\u201eun profit de peste 50% \u00een bugetul regiei\u201d<\/mark><\/strong>.<\/p>\n\n\n\n<p><strong>Premierul<\/strong>&nbsp;nu s-a mul\u021bumit cu explica\u021biile date de regie \u0219i a pus accent pe&nbsp;<strong>responsabilitatea institu\u021biilor publice<\/strong>&nbsp;\u00een gestionarea banilor statului. Bolojan a adus \u00een discu\u021bie&nbsp;<strong>contextul general<\/strong>&nbsp;\u00een care statul cere sacrificii de la cet\u0103\u021beni, afirm\u00e2nd c\u0103 astfel de practici&nbsp;<mark>\u201esunt o b\u0103taie de joc la adresa rom\u00e2nilor\u201d<\/mark>.<\/p>\n\n\n\n<p>\u00cen interviul acordat postului Digi24, premierul a subliniat&nbsp;<strong>lipsa de logic\u0103 economic\u0103<\/strong>&nbsp;\u00een aceast\u0103 schem\u0103 de \u00eenchiriere:<\/p>\n\n\n\n<blockquote class=\"wp-block-quote\">\n<p><em>\u201eEximBank, o banc\u0103 de stat, nu a \u00eencercat m\u0103car o ofert\u0103 direct\u0103 c\u0103tre RA-APPS, ci a acceptat s\u0103 pl\u0103teasc\u0103 o sum\u0103 dubl\u0103 c\u0103tre un intermediar.\u201d<\/em><\/p>\n<\/blockquote>\n\n\n\n<p>\u00cen opinia sa, astfel de tranzac\u021bii&nbsp;<strong>compromit \u00eencrederea oamenilor<\/strong>&nbsp;\u00een institu\u021biile publice \u0219i creeaz\u0103 senza\u021bia c\u0103&nbsp;<strong>nimeni nu r\u0103spunde pentru deciziile luate<\/strong>.<\/p>\n\n\n\n<p><strong>Sesizarea c\u0103tre Parchetul General<\/strong>&nbsp;vizeaz\u0103 verificarea&nbsp;<strong>legalit\u0103\u021bii contractului<\/strong>&nbsp;\u0219i a&nbsp;<strong>deciziilor care au dus la acceptarea<\/strong>&nbsp;acestui aranjament.&nbsp;<strong>Ministerul de Finan\u021be<\/strong>&nbsp;a fost mandatat s\u0103 g\u0103seasc\u0103 o&nbsp;<strong>nou\u0103 conducere pentru EximBank<\/strong>, dup\u0103 ce actualul management a fost&nbsp;<strong>criticat dur pentru pasivitate<\/strong>.<\/p>\n\n\n\n<blockquote class=\"wp-block-quote\">\n<p><em>\u201eEste inadmisibil ca o banc\u0103 cu capital majoritar de stat s\u0103 accepte asemenea practici f\u0103r\u0103 m\u0103car s\u0103 ridice un semn de \u00eentrebare. Unde e grija fa\u021b\u0103 de banul public?\u201d<\/em><\/p>\n<\/blockquote>\n\n\n\n<p>, a mai spus Bolojan.<\/p>\n\n\n\n<p>El consider\u0103 c\u0103&nbsp;<strong>t\u0103cerea conducerii EximBank este suspect\u0103<\/strong>&nbsp;\u0219i c\u0103 lipsa unei reac\u021bii oficiale a permis ca schema s\u0103 continue&nbsp;<strong>f\u0103r\u0103 opreli\u0219ti<\/strong>.<\/p>\n\n\n\n<p><strong>RA-APPS<\/strong>&nbsp;sus\u021bine \u00een continuare c\u0103 totul este&nbsp;<strong>\u00een regul\u0103<\/strong>, pun\u00e2nd accent pe&nbsp;<strong>caracterul legal al contractului<\/strong>&nbsp;\u0219i pe faptul c\u0103 a fost&nbsp;<strong>respectat\u0103 legisla\u021bia<\/strong>&nbsp;\u00een vigoare. Potrivit comunicatului,&nbsp;<strong>imobilul ar fi adus un profit substan\u021bial<\/strong>&nbsp;\u0219i c\u0103&nbsp;<strong>evalu\u0103rile au fost conforme<\/strong>, f\u0103r\u0103 nicio abatere.<\/p>\n\n\n\n<p>Scandalul aduce din nou \u00een aten\u021bie&nbsp;<strong>tema intermediarilor<\/strong>&nbsp;care \u00eencaseaz\u0103&nbsp;<strong>bani publici \u00een mod netransparent<\/strong>.&nbsp;<strong>Spirmina Corporation<\/strong>, firma care a semnat contractul de \u00eenchiriere cu EximBank, nu a emis \u00eenc\u0103 un&nbsp;<strong>punct de vedere public<\/strong>&nbsp;\u00een leg\u0103tur\u0103 cu acuza\u021biile.<\/p>\n\n\n\n<p><strong>Nu este clar cine sunt beneficiarii acestui contract<\/strong>, \u00eens\u0103&nbsp;<strong>premierul cere explica\u021bii<\/strong>&nbsp;\u0219i&nbsp;<strong>implicarea justi\u021biei<\/strong>.<\/p>\n\n\n\n<p><strong>R\u0103m\u00e2ne de v\u0103zut<\/strong>&nbsp;dac\u0103 aceast\u0103 ac\u021biune va duce doar la&nbsp;<strong>schimb\u0103ri punctuale<\/strong>&nbsp;sau va declan\u0219a o&nbsp;<strong>revizuire mai larg\u0103<\/strong>&nbsp;a felului \u00een care sunt \u00eencheiate contractele institu\u021biilor publice.&nbsp;<strong>Premierul pare determinat<\/strong>&nbsp;s\u0103 continue presiunea asupra tuturor celor care&nbsp;<strong>nu ac\u021bioneaz\u0103 \u00een interesul statului<\/strong>.<\/p>\n\n\n\n<p><em>Aceast\u0103 lucrare este inspirat\u0103 din evenimente \u0219i persoane reale, \u00eens\u0103 a fost fic\u021bionalizat\u0103 \u00een scopuri creative. Numele, personajele \u0219i detaliile au fost schimbate pentru a proteja intimitatea \u0219i pentru a \u00eembun\u0103t\u0103\u021bi nara\u021biunea. Orice asem\u0103nare cu persoane reale, \u00een via\u021b\u0103 sau decedate, sau cu evenimente reale este pur \u00eent\u00e2mpl\u0103toare \u0219i nu este inten\u021bionat\u0103 de c\u0103tre autor.<\/em><\/p>\n\n\n\n<p><em>Autorul \u0219i editorul nu \u00ee\u0219i asum\u0103 responsabilitatea pentru exactitatea evenimentelor sau pentru modul \u00een care sunt portretizate personajele \u0219i nu sunt r\u0103spunz\u0103tori pentru eventuale interpret\u0103ri gre\u0219ite. Aceast\u0103 poveste este oferit\u0103 \u201eca atare\u201d, iar orice opinii exprimate apar\u021bin personajelor \u0219i nu reflect\u0103 punctele de vedere ale autorului sau ale editorului.<\/em><\/p>\n\n\n\n<p><a href=\"https:\/\/www.pinterest.com\/pin\/create\/button\/?url=https%3A%2F%2Fbumzi.ro%2F%3Fp%3D1194&amp;description=Bolojan+pune+piciorul+%C3%AEn+prag+%C8%99i+%C3%AEi+cere+DEMISIA%21\" target=\"_blank\" rel=\"noreferrer noopener\"><\/a><\/p>\n\n\n\n<p><a href=\"https:\/\/www.facebook.com\/sharer\/sharer.php?u=https%3A%2F%2Fbumzi.ro%2F%3Fp%3D1194\" target=\"_blank\" rel=\"noreferrer noopener\"><\/a><\/p>\n\n\n\n<p><a href=\"https:\/\/twitter.com\/intent\/tweet?url=https%3A%2F%2Fbumzi.ro%2F%3Fp%3D1194&amp;text=Bolojan+pune+piciorul+%C3%AEn+prag+%C8%99i+%C3%AEi+cere+DEMISIA%21\" target=\"_blank\" rel=\"noreferrer noopener\"><\/a><a href=\"https:\/\/bumzi.ro\/?p=1190\"><\/a><\/p>\n","protected":false},"excerpt":{"rendered":"<p>Premierul Ilie Bolojan&nbsp;a declan\u0219at mar\u021bi un&nbsp;scandal de propor\u021bii, dup\u0103 ce a cerut&nbsp;demiterea directorului EximBank&nbsp;\u0219i a anun\u021bat trimiterea unei&nbsp;sesiz\u0103ri oficiale c\u0103tre Parchetul General. Totul a pornit<\/p>\n","protected":false},"author":1,"featured_media":40654,"comment_status":"closed","ping_status":"closed","sticky":false,"template":"","format":"standard","meta":[],"categories":[1],"tags":[],"_links":{"self":[{"href":"https:\/\/calatorinromania.com\/index.php?rest_route=\/wp\/v2\/posts\/40748"}],"collection":[{"href":"https:\/\/calatorinromania.com\/index.php?rest_route=\/wp\/v2\/posts"}],"about":[{"href":"https:\/\/calatorinromania.com\/index.php?rest_route=\/wp\/v2\/types\/post"}],"author":[{"embeddable":true,"href":"https:\/\/calatorinromania.com\/index.php?rest_route=\/wp\/v2\/users\/1"}],"replies":[{"embeddable":true,"href":"https:\/\/calatorinromania.com\/index.php?rest_route=%2Fwp%2Fv2%2Fcomments&post=40748"}],"version-history":[{"count":1,"href":"https:\/\/calatorinromania.com\/index.php?rest_route=\/wp\/v2\/posts\/40748\/revisions"}],"predecessor-version":[{"id":40749,"href":"https:\/\/calatorinromania.com\/index.php?rest_route=\/wp\/v2\/posts\/40748\/revisions\/40749"}],"wp:featuredmedia":[{"embeddable":true,"href":"https:\/\/calatorinromania.com\/index.php?rest_route=\/wp\/v2\/media\/40654"}],"wp:attachment":[{"href":"https:\/\/calatorinromania.com\/index.php?rest_route=%2Fwp%2Fv2%2Fmedia&parent=40748"}],"wp:term":[{"taxonomy":"category","embeddable":true,"href":"https:\/\/calatorinromania.com\/index.php?rest_route=%2Fwp%2Fv2%2Fcategories&post=40748"},{"taxonomy":"post_tag","embeddable":true,"href":"https:\/\/calatorinromania.com\/index.php?rest_route=%2Fwp%2Fv2%2Ftags&post=40748"}],"curies":[{"name":"wp","href":"https:\/\/api.w.org\/{rel}","templated":true}]}}