{"id":40744,"date":"2025-07-20T16:55:41","date_gmt":"2025-07-20T16:55:41","guid":{"rendered":"https:\/\/calatorinromania.com\/?p=40744"},"modified":"2025-08-11T16:18:24","modified_gmt":"2025-08-11T16:18:24","slug":"acum-totul-este-al-tau-a-soptit-cu-ultima-suflare-batranul-afacerist-in-varsta-de-70-de-ani-continuarea-2","status":"publish","type":"post","link":"https:\/\/calatorinromania.com\/?p=40744","title":{"rendered":"\u201eAcum\u2026 totul este al t\u0103u\u2026\u201d \u2013 a \u0219optit cu ultima suflare b\u0103tr\u00e2nul afacerist \u00een v\u00e2rst\u0103 de 70 de ani \u2013 continuarea"},"content":{"rendered":"\n<p>\u201eAcum\u2026 totul este al t\u0103u\u2026\u201d \u2013 a \u0219optit cu ultima suflare b\u0103tr\u00e2nul afacerist \u00een v\u00e2rst\u0103 de 70 de ani. Dar c\u00e2nd Diana a ajuns la banc\u0103 pentru a intra \u00een posesia banilor, a r\u0103mas f\u0103r\u0103 cuvinte.<\/p>\n\n\n\n<p>\u00cen amurgul vie\u021bii sale, privind prin fereastra imens\u0103 a re\u0219edin\u021bei sale luxoase, b\u0103tr\u00e2nul milionar Victor Mure\u0219an \u0219i-a privit so\u021bia, Diana. \u00cen urma lor r\u0103m\u00e2neau zeci de ani tr\u0103i\u021bi \u00eempreun\u0103 \u2014 plini de provoc\u0103ri, izb\u00e2nzi, pierderi grele \u0219i momente de lumin\u0103.<\/p>\n\n\n\n<p>Victor, c\u00e2ndva un vis\u0103tor ambi\u021bios ce voia s\u0103 cucereasc\u0103 lumea afacerilor, a \u00een\u021beles \u00een acea ultim\u0103 clip\u0103 c\u0103 adev\u0103rata lui realizare nu era averea, casele sau trofeele din carier\u0103 \u2014 ci ea, femeia care i-a fost al\u0103turi necondi\u021bionat.<\/p>\n\n\n\n<p>Cu o voce slab\u0103, abia \u0219optit\u0103, a rostit: \u201eDe acum, totul \u00ee\u021bi apar\u021bine\u2026\u201d.<\/p>\n\n\n\n<p>Privirea lui tr\u0103da o emo\u021bie ad\u00e2nc\u0103 \u2014 con\u0219tientizarea faptului c\u0103 nimic din ce e material nu se compar\u0103 cu devotamentul \u0219i dragostea sincer\u0103. Diana, auzindu-l, a izbucnit \u00een lacrimi. Nu pierdea doar un so\u021b \u2014 pierdea o parte din via\u021ba ei.<\/p>\n\n\n\n<p>Dup\u0103 \u00eenmorm\u00e2ntare, a r\u0103mas singur\u0103 \u00een vila imens\u0103, \u00eenconjurat\u0103 de amintiri. Fiecare obiect, fiecare col\u021b p\u0103stra urmele unei vie\u021bi \u00een doi: fotoliul din fa\u021ba \u0219emineului \u00een care el adormea cu o carte \u00een m\u00e2n\u0103, buc\u0103t\u0103ria unde \u00ee\u0219i \u00eencepeau duminicile cu z\u00e2mbete \u0219i cafea, gr\u0103dina \u00een care visau la b\u0103tr\u00e2ne\u021bea \u00eempreun\u0103.<\/p>\n\n\n\n<p>Acum toate p\u0103reau str\u0103ine. \u0218i pustii.<\/p>\n\n\n\n<p>Trecuser\u0103 c\u00e2teva s\u0103pt\u0103m\u00e2ni p\u00e2n\u0103 c\u00e2nd \u0219i-a f\u0103cut curaj s\u0103 mearg\u0103 la banc\u0103, pentru a se ocupa de mo\u0219tenire. Nu se ocupase niciodat\u0103 de aspectele financiare \u2014 Victor fusese cel care gestiona totul. \u00cen clipa \u00een care a p\u0103\u0219it \u00een sediul b\u0103ncii, un nod i s-a cuib\u0103rit \u00een stomac. Totul p\u0103rea cople\u0219itor.<\/p>\n\n\n\n<p>A fost invitat\u0103 \u00eentr-un birou, unde a observat imediat privirile discrete ale angaja\u021bilor \u2014 p\u0103reau c\u0103 o cunosc. Se sim\u021bea stingher\u0103, ca \u0219i cum intrase \u00eentr-un loc str\u0103in \u0219i totu\u0219i legat de destinul ei.<\/p>\n\n\n\n<p>Deodat\u0103, unul dintre angaja\u021bi s-a ridicat de la birou. Vizibil emo\u021bionat, s-a apropiat de ea\u2026<\/p>\n\n\n\n<p>\u2014 Doamn\u0103 Mure\u0219an\u2026 ne pare r\u0103u pentru pierderea dumneavoastr\u0103. Domnul Victor a l\u0103sat instruc\u021biuni clare pentru momentul acesta. V\u0103 rug\u0103m s\u0103 lua\u021bi loc.<\/p>\n\n\n\n<p>Diana s-a a\u0219ezat, sim\u021bind cum inima \u00eei b\u0103tea tot mai tare.<\/p>\n\n\n\n<p>\u2014 \u00cen afar\u0103 de conturile bancare, el a \u00eenfiin\u021bat un fond special, \u00een numele dumneavoastr\u0103. Este destinat nu doar sprijinirii personale, ci \u0219i unei funda\u021bii de caritate pe care dorea s\u0103 o porni\u021bi \u00eempreun\u0103. Se nume\u0219te \u201eCasa Z\u00e2mbetului\u201d \u2014 pentru copii abandona\u021bi.<\/p>\n\n\n\n<p>Lacrimile au \u00eenceput s\u0103-i curg\u0103 din nou. \u00ce\u0219i amintea perfect conversa\u021biile pe care le aveau la cin\u0103, c\u00e2nd visau la o b\u0103tr\u00e2ne\u021be \u00een care nu doar s\u0103 se bucure de lini\u0219te, ci s\u0103 \u0219i lase ceva bun \u00een urm\u0103.<\/p>\n\n\n\n<p>\u2014 De asemenea, a l\u0103sat o scrisoare pentru dumneavoastr\u0103, \u2014 a ad\u0103ugat angajatul, \u00eentinz\u00e2nd un plic alb, cu numele ei scris de m\u00e2n\u0103.<\/p>\n\n\n\n<p>Cu m\u00e2inile tremur\u00e2nde, Diana a desf\u0103cut plicul \u0219i a citit: \u201eDac\u0103 cite\u0219ti asta, \u00eenseamn\u0103 c\u0103 nu mai sunt l\u00e2ng\u0103 tine. Dar nu vreau s\u0103 r\u0103m\u00e2i \u00een trecut. Tr\u0103ie\u0219te, r\u00e2zi, ajut\u0103, bucur\u0103-te. Iubirea mea pentru tine nu s-a oprit \u2014 a luat alt\u0103 form\u0103. Vei \u00een\u021belege, \u00eentr-o zi.\u201d<\/p>\n\n\n\n<p>Anii care au urmat au fost diferi\u021bi. Diana \u0219i-a reg\u0103sit rostul prin ajutorul oferit altora. Casa lor a devenit un centru de sprijin, plin de r\u00e2sete de copii \u0219i miros de pr\u0103jituri proasp\u0103t scoase din cuptor.<\/p>\n\n\n\n<p>\u0218i \u00een fiecare sear\u0103, c\u00e2nd se a\u0219eza \u00een vechiul fotoliu de l\u00e2ng\u0103 \u0219emineu, z\u00e2mbea. Nu mai era singur\u0103. Dragostea lui Victor tr\u0103ia mai departe \u2014 \u00een fapte, \u00een z\u00e2mbete, \u00een tot ce au l\u0103sat \u00eempreun\u0103 \u00een urm\u0103.<\/p>\n\n\n\n<p>Dac\u0103 \u021bi-a pl\u0103cut povestea, nu uita s\u0103 o distribui cu prietenii t\u0103i! \u00cempreun\u0103 putem duce mai departe emo\u021bia \u0219i inspira\u021bia.<\/p>\n\n\n\n<p>\u201dAceast\u0103 poveste este inspirat\u0103 din evenimente \u0219i persoane reale, \u00eens\u0103 a fost fic\u021bionalizat\u0103 \u00een scopuri creative. Numele, personajele \u0219i detaliile au fost schimbate pentru a proteja intimitatea \u0219i pentru a \u00eembun\u0103t\u0103\u021bi nara\u021biunea. Orice asem\u0103nare cu persoane reale, sau cu evenimente reale este pur \u00eent\u00e2mpl\u0103toare \u0219i nu este inten\u021bionat\u0103 de c\u0103tre autor.<\/p>\n\n\n\n<p>Autorul \u0219i editorul nu \u00ee\u0219i asum\u0103 responsabilitatea pentru exactitatea evenimentelor sau pentru modul \u00een care sunt portretizate personajele \u0219i nu sunt r\u0103spunz\u0103tori pentru eventuale interpret\u0103ri gre\u0219ite. Aceast\u0103 poveste este oferit\u0103 \u201eca atare\u201d, iar orice opinii exprimate apar\u021bin personajelor \u0219i nu reflect\u0103 punctele de vedere ale autorului sau ale editorului.\u201d <\/p>\n","protected":false},"excerpt":{"rendered":"<p>\u201eAcum\u2026 totul este al t\u0103u\u2026\u201d \u2013 a \u0219optit cu ultima suflare b\u0103tr\u00e2nul afacerist \u00een v\u00e2rst\u0103 de 70 de ani. Dar c\u00e2nd Diana a ajuns la<\/p>\n","protected":false},"author":1,"featured_media":40654,"comment_status":"closed","ping_status":"closed","sticky":false,"template":"","format":"standard","meta":[],"categories":[1],"tags":[],"_links":{"self":[{"href":"https:\/\/calatorinromania.com\/index.php?rest_route=\/wp\/v2\/posts\/40744"}],"collection":[{"href":"https:\/\/calatorinromania.com\/index.php?rest_route=\/wp\/v2\/posts"}],"about":[{"href":"https:\/\/calatorinromania.com\/index.php?rest_route=\/wp\/v2\/types\/post"}],"author":[{"embeddable":true,"href":"https:\/\/calatorinromania.com\/index.php?rest_route=\/wp\/v2\/users\/1"}],"replies":[{"embeddable":true,"href":"https:\/\/calatorinromania.com\/index.php?rest_route=%2Fwp%2Fv2%2Fcomments&post=40744"}],"version-history":[{"count":1,"href":"https:\/\/calatorinromania.com\/index.php?rest_route=\/wp\/v2\/posts\/40744\/revisions"}],"predecessor-version":[{"id":40745,"href":"https:\/\/calatorinromania.com\/index.php?rest_route=\/wp\/v2\/posts\/40744\/revisions\/40745"}],"wp:featuredmedia":[{"embeddable":true,"href":"https:\/\/calatorinromania.com\/index.php?rest_route=\/wp\/v2\/media\/40654"}],"wp:attachment":[{"href":"https:\/\/calatorinromania.com\/index.php?rest_route=%2Fwp%2Fv2%2Fmedia&parent=40744"}],"wp:term":[{"taxonomy":"category","embeddable":true,"href":"https:\/\/calatorinromania.com\/index.php?rest_route=%2Fwp%2Fv2%2Fcategories&post=40744"},{"taxonomy":"post_tag","embeddable":true,"href":"https:\/\/calatorinromania.com\/index.php?rest_route=%2Fwp%2Fv2%2Ftags&post=40744"}],"curies":[{"name":"wp","href":"https:\/\/api.w.org\/{rel}","templated":true}]}}