{"id":40736,"date":"2025-07-19T21:01:28","date_gmt":"2025-07-19T21:01:28","guid":{"rendered":"https:\/\/calatorinromania.com\/?p=40736"},"modified":"2025-07-19T21:01:28","modified_gmt":"2025-07-19T21:01:28","slug":"in-ziua-divortului-dupa-30-de-ani-de-casnicie-sotul-i-a-dat-un-pachet-si-i-a-spus","status":"publish","type":"post","link":"https:\/\/calatorinromania.com\/?p=40736","title":{"rendered":"\u00cen ziua divor\u021bului, dup\u0103 30 de ani de c\u0103snicie, so\u021bul i-a dat un pachet \u0219i i-a spus"},"content":{"rendered":"\n<p>A desf\u0103cut biletul.<br>Scrisul lui. \u00cel recuno\u0219tea dintr-o mie.<\/p>\n\n\n\n<p>\u201eDac\u0103 cite\u0219ti asta, \u00eenseamn\u0103 c\u0103 ai respectat promisiunea. \u0218i-\u021bi mul\u021bumesc.<br>Am vrut doar s\u0103-\u021bi mai ofer o amintire, ultima, una care s\u0103 nu doar\u0103.\u201d<\/p>\n\n\n\n<p>Cu m\u00e2inile tremur\u00e2nde, a desf\u0103cut \u0219i mica leg\u0103tur\u0103.<br>Era o br\u0103\u021bar\u0103 din aur.<br>O cuno\u0219tea. Fusese a bunicii ei. Dar disp\u0103ruse \u00een urm\u0103 cu mul\u021bi ani.<\/p>\n\n\n\n<p>Pe spatele medalionului at\u00e2rnat de ea, erau gravate cuvintele:<br><strong>\u201e\u00cenc\u0103 te iubesc. Mereu am f\u0103cut-o.\u201d<\/strong><\/p>\n\n\n\n<p>Svetlana sim\u021bea cum tot aerul din camer\u0103 devenea brusc greu.<br>Dar mai era ceva \u00een pachet. O cheie. \u0218i un alt bile\u021bel.<\/p>\n\n\n\n<p>\u201eStrada Lini\u0219tii, num\u0103rul 12. Deschide u\u0219a din spate. Dac\u0103 vrei.\u201d<\/p>\n\n\n\n<p>A doua zi, cu inima c\u00e2t un purice, a ajuns la adresa respectiv\u0103.<br>Era o c\u0103su\u021b\u0103 veche, cu pridvor.<br>A deschis u\u0219a din spate.<\/p>\n\n\n\n<p>\u00cen\u0103untru, totul era curat. Proasp\u0103t zugr\u0103vit. Pe o m\u0103su\u021b\u0103, o poz\u0103 cu ei doi \u2014 tineri, \u00eendr\u0103gosti\u021bi \u2014 \u0219i o alt\u0103 noti\u021b\u0103.<\/p>\n\n\n\n<p>\u201eAm cump\u0103rat casa asta acum 20 de ani. Am p\u0103strat-o pentru noi. Sau\u2026 pentru tine, dac\u0103 eu n-oi mai fi.\u201d<\/p>\n\n\n\n<p>\u00cen acel moment, o voce familiar\u0103 a venit dinspre hol:<br>\u2014 Nu credeai c\u0103 scap a\u0219a u\u0219or de tine, nu?<\/p>\n\n\n\n<p>El.<br>\u00cen carne \u0219i oase.<br>Z\u00e2mbind. Cu un trandafir \u00een m\u00e2n\u0103.<\/p>\n\n\n\n<p>\u2014 Ai spus c\u0103\u2026 divor\u021b\u0103m\u2026 a b\u00e2iguit ea.<br>\u2014 Am spus c\u0103 ai nevoie de tine. S\u0103 te reg\u0103se\u0219ti. A fost o pauz\u0103, nu o desp\u0103r\u021bire.<\/p>\n\n\n\n<p>Ea a \u00eenceput s\u0103 pl\u00e2ng\u0103. Nu de triste\u021be, ci de eliberare.<\/p>\n\n\n\n<p>Pentru prima dat\u0103 dup\u0103 un an, a sim\u021bit c\u0103 respir\u0103 din nou.<\/p>\n\n\n\n<p>\u2014 Bine ai venit acas\u0103, Svetlana.<\/p>\n\n\n\n<p>\u0218i acela chiar a fost un nou \u00eenceput. Unul pe care nimeni nu l-ar fi b\u0103nuit.<\/p>\n\n\n\n<p><em>Aceast\u0103 lucrare este inspirat\u0103 din evenimente \u0219i persoane reale, \u00eens\u0103 a fost fic\u021bionalizat\u0103 \u00een scopuri creative. Numele, personajele \u0219i detaliile au fost schimbate pentru a proteja intimitatea \u0219i pentru a \u00eembun\u0103t\u0103\u021bi nara\u021biunea. Orice asem\u0103nare cu persoane reale, \u00een via\u021b\u0103 sau decedate, sau cu evenimente reale este pur \u00eent\u00e2mpl\u0103toare \u0219i nu este inten\u021bionat\u0103 de c\u0103tre autor.<\/em><\/p>\n\n\n\n<p><em>Autorul \u0219i editorul nu \u00ee\u0219i asum\u0103 responsabilitatea pentru exactitatea evenimentelor sau pentru modul \u00een care sunt portretizate personajele \u0219i nu sunt r\u0103spunz\u0103tori pentru eventuale interpret\u0103ri gre\u0219ite. Aceast\u0103 poveste este oferit\u0103 \u201eca atare\u201d, iar orice opinii exprimate apar\u021bin personajelor \u0219i nu reflect\u0103 punctele de vedere ale autorului sau ale editorului.<\/em><\/p>\n","protected":false},"excerpt":{"rendered":"<p>A desf\u0103cut biletul.Scrisul lui. \u00cel recuno\u0219tea dintr-o mie. \u201eDac\u0103 cite\u0219ti asta, \u00eenseamn\u0103 c\u0103 ai respectat promisiunea. \u0218i-\u021bi mul\u021bumesc.Am vrut doar s\u0103-\u021bi mai ofer o amintire,<\/p>\n","protected":false},"author":1,"featured_media":40636,"comment_status":"closed","ping_status":"closed","sticky":false,"template":"","format":"standard","meta":[],"categories":[1],"tags":[],"_links":{"self":[{"href":"https:\/\/calatorinromania.com\/index.php?rest_route=\/wp\/v2\/posts\/40736"}],"collection":[{"href":"https:\/\/calatorinromania.com\/index.php?rest_route=\/wp\/v2\/posts"}],"about":[{"href":"https:\/\/calatorinromania.com\/index.php?rest_route=\/wp\/v2\/types\/post"}],"author":[{"embeddable":true,"href":"https:\/\/calatorinromania.com\/index.php?rest_route=\/wp\/v2\/users\/1"}],"replies":[{"embeddable":true,"href":"https:\/\/calatorinromania.com\/index.php?rest_route=%2Fwp%2Fv2%2Fcomments&post=40736"}],"version-history":[{"count":1,"href":"https:\/\/calatorinromania.com\/index.php?rest_route=\/wp\/v2\/posts\/40736\/revisions"}],"predecessor-version":[{"id":40737,"href":"https:\/\/calatorinromania.com\/index.php?rest_route=\/wp\/v2\/posts\/40736\/revisions\/40737"}],"wp:featuredmedia":[{"embeddable":true,"href":"https:\/\/calatorinromania.com\/index.php?rest_route=\/wp\/v2\/media\/40636"}],"wp:attachment":[{"href":"https:\/\/calatorinromania.com\/index.php?rest_route=%2Fwp%2Fv2%2Fmedia&parent=40736"}],"wp:term":[{"taxonomy":"category","embeddable":true,"href":"https:\/\/calatorinromania.com\/index.php?rest_route=%2Fwp%2Fv2%2Fcategories&post=40736"},{"taxonomy":"post_tag","embeddable":true,"href":"https:\/\/calatorinromania.com\/index.php?rest_route=%2Fwp%2Fv2%2Ftags&post=40736"}],"curies":[{"name":"wp","href":"https:\/\/api.w.org\/{rel}","templated":true}]}}