{"id":40734,"date":"2025-07-19T20:57:53","date_gmt":"2025-07-19T20:57:53","guid":{"rendered":"https:\/\/calatorinromania.com\/?p=40734"},"modified":"2025-07-19T20:57:54","modified_gmt":"2025-07-19T20:57:54","slug":"ce-i%e2%80%91a-spus-fetita-cand-a-vazut%e2%80%91o-pe-elena-udrea-la-usa-casei-veti-plange-reactie-total-neasteptata","status":"publish","type":"post","link":"https:\/\/calatorinromania.com\/?p=40734","title":{"rendered":"Ce i\u2011a spus feti\u021ba c\u00e2nd a v\u0103zut\u2011o pe Elena Udrea la u\u0219a casei. Ve\u021bi pl\u00e2nge, reac\u021bie total nea\u0219teptat\u0103"},"content":{"rendered":"\n<p>Familiei Udrea\u2011Ivanov i s\u2011a \u00eentors ast\u0103zi lini\u0219tea, dup\u0103 ce Elena Udrea a fost eliberat\u0103 condi\u021bionat din Penitenciarul T\u00e2rg\u0219or. Printre primele emo\u021bii ale \u00eent\u00e2lnirii, copilul mic al cuplului le\u2011a transmis celor prezen\u021bi un gest \u00eenc\u0103rcat de inocen\u021b\u0103 \u0219i iubire.<\/p>\n\n\n\n<p>Potrivit declara\u021biilor f\u0103cute de menajera familiei, citat\u0103 de surse apropiatet, atunci c\u00e2nd feti\u021ba a descoperit-o pe mama ei \u00een prag, a exclamat:<\/p>\n\n\n\n<blockquote class=\"wp-block-quote\">\n<p>\u201eDoamne, mami, ai terminat serviciul?\u201d<\/p>\n<\/blockquote>\n\n\n\n<p>\u0219i s\u2011a aruncat \u00eentr\u2011o \u00eembr\u0103\u021bi\u0219are lung\u0103, \u00eenc\u0103rcat\u0103 de bucurie autenti&nbsp;<strong>Cuvinte cheie SEO<\/strong>: \u201cfeti\u021b\u0103 \u00eent\u00e2lne\u0219te mama\u201d, \u201cElena Udrea eliberare reac\u021bie copil\u201d.<\/p>\n\n\n\n<h2>Alexandru Ivanov: \u201ePreg\u0103tea o surpriz\u0103, feti\u021ba s\u2011ar fi putut speria\u201d<\/h2>\n\n\n\n<p>Partenerul Elenei Udrea, Alexandru Ivanov, a recunoscut c\u0103 familia s\u2011a g\u00e2ndit intens cum s\u0103 gestioneze momentul. Feti\u021ba a fost condus\u0103 la o prieten\u0103, iar \u00eentoarcerea mamei acas\u0103 s\u2011a dorit a fi o surpriz\u0103:<\/p>\n\n\n\n<blockquote class=\"wp-block-quote\">\n<p>\u201eCei mici nu \u0219tiau c\u0103 mama revine acas\u0103 azi. Ne\u2011am g\u00e2ndit c\u0103 ar putea fi un \u0219oc, pentru c\u0103 \u0219tiau c\u0103 mami e plecat\u0103 la munc\u0103\u201d<\/p>\n<\/blockquote>\n\n\n\n<p>Aceasta arat\u0103 c\u00e2t de fragil\u0103 a fost perioada de separare \u2014 feti\u021ba nu \u0219i\u2011a petrecut copil\u0103ria cu mama, ci \u00een vizite la penitenciar, iar momentele lor \u00eempreun\u0103 au fost atent planificate din dorin\u021ba de a proteja stabilitatea emo\u021bional\u0103 a copilului.<\/p>\n\n\n\n<h2>Detalii despre eliberarea condi\u021bionat\u0103 a Elenei Udrea<\/h2>\n\n\n\n<ul>\n<li><strong>Data eliber\u0103rii<\/strong>: 17 iulie 2025<\/li>\n\n\n\n<li><strong>Decizie definitiv\u0103<\/strong>: Tribunalul Prahova a respins contesta\u021bia DNA la hot\u0103r\u00e2rea Judec\u0103toriei Ploie\u0219ti de liberare condi\u021bionat\u0103<\/li>\n\n\n\n<li><strong>Context juridic<\/strong>: Udrea a executat peste dou\u0103 treimi din pedeapsa de 6 ani primit\u0103 \u00een dosarul \u201eGala Bute\u201d, incluz\u00e2nd zile c\u00e2\u0219tigate \u00een penitenciar prin recompense \u0219i munc\u0103<\/li>\n\n\n\n<li><strong>Stare emo\u021bional\u0103<\/strong>: La ie\u0219irea din \u00eenchisoare, ea a m\u0103rturisit c\u0103 \u201epu\u0219c\u0103ria este foarte grea pentru femei\u201d, mul\u021bumindu\u2011i feti\u021bei pentru cele aproape 150 de vizite<\/li>\n<\/ul>\n\n\n\n<h2>Impactul asupra familiei \u0219i via\u021b\u0103 post\u2011eliberare<\/h2>\n\n\n\n<p>Familia vrea s\u0103 \u00eenceap\u0103 o nou\u0103 etap\u0103, cu accent pe copil \u0219i reconectare afectiv\u0103. Planurile pentru prima s\u0103pt\u0103m\u00e2n\u0103 includ timp petrecut \u00een familie, excursii la bunici \u0219i sus\u021binere continu\u0103 pentru recuperarea emo\u021bional\u0103 a feti\u021bei.<\/p>\n\n\n\n<h2>Concluzie<\/h2>\n\n\n\n<p><strong>Povestea re\u00eent\u00e2lnirii dintre Elena Udrea \u0219i feti\u021ba sa<\/strong>&nbsp;este una emo\u021bionant\u0103:<\/p>\n\n\n\n<blockquote class=\"wp-block-quote\">\n<p>\u201eDoamne, mami ai terminat serviciul?\u201d<\/p>\n<\/blockquote>\n\n\n\n<p>i\u2011a spus micul observator curajos, \u00eenainte s\u0103 o \u00eembr\u0103\u021bi\u0219eze f\u0103r\u0103 rezerve. Alexandru Ivanov \u0219i menajera au jucat roluri esen\u021biale pentru a proteja emo\u021biile deplasate ale feti\u021bei, anticip\u00e2nd un poten\u021bial \u0219oc. \u00centr\u2011un context delicat, re\u00eentregirea familiei aduce speran\u021b\u0103, marcat\u0103 de o decizie judiciar\u0103 final\u0103 \u0219i de un nou \u00eenceput pentru Udrea \u0219i copila ei.<\/p>\n\n\n\n<p><em>Aceast\u0103 lucrare este inspirat\u0103 din evenimente \u0219i persoane reale, \u00eens\u0103 a fost fic\u021bionalizat\u0103 \u00een scopuri creative. Numele, personajele \u0219i detaliile au fost schimbate pentru a proteja intimitatea \u0219i pentru a \u00eembun\u0103t\u0103\u021bi nara\u021biunea. Orice asem\u0103nare cu persoane reale, \u00een via\u021b\u0103 sau decedate, sau cu evenimente reale este pur \u00eent\u00e2mpl\u0103toare \u0219i nu este inten\u021bionat\u0103 de c\u0103tre autor.<\/em><\/p>\n\n\n\n<p><em>Autorul \u0219i editorul nu \u00ee\u0219i asum\u0103 responsabilitatea pentru exactitatea evenimentelor sau pentru modul \u00een care sunt portretizate personajele \u0219i nu sunt r\u0103spunz\u0103tori pentru eventuale interpret\u0103ri gre\u0219ite. Aceast\u0103 poveste este oferit\u0103 \u201eca atare\u201d, iar orice opinii exprimate apar\u021bin personajelor \u0219i nu reflect\u0103 punctele de vedere ale autorului sau ale editorului.<\/em><\/p>\n","protected":false},"excerpt":{"rendered":"<p>Familiei Udrea\u2011Ivanov i s\u2011a \u00eentors ast\u0103zi lini\u0219tea, dup\u0103 ce Elena Udrea a fost eliberat\u0103 condi\u021bionat din Penitenciarul T\u00e2rg\u0219or. Printre primele emo\u021bii ale \u00eent\u00e2lnirii, copilul mic<\/p>\n","protected":false},"author":1,"featured_media":40654,"comment_status":"closed","ping_status":"closed","sticky":false,"template":"","format":"standard","meta":[],"categories":[1],"tags":[],"_links":{"self":[{"href":"https:\/\/calatorinromania.com\/index.php?rest_route=\/wp\/v2\/posts\/40734"}],"collection":[{"href":"https:\/\/calatorinromania.com\/index.php?rest_route=\/wp\/v2\/posts"}],"about":[{"href":"https:\/\/calatorinromania.com\/index.php?rest_route=\/wp\/v2\/types\/post"}],"author":[{"embeddable":true,"href":"https:\/\/calatorinromania.com\/index.php?rest_route=\/wp\/v2\/users\/1"}],"replies":[{"embeddable":true,"href":"https:\/\/calatorinromania.com\/index.php?rest_route=%2Fwp%2Fv2%2Fcomments&post=40734"}],"version-history":[{"count":1,"href":"https:\/\/calatorinromania.com\/index.php?rest_route=\/wp\/v2\/posts\/40734\/revisions"}],"predecessor-version":[{"id":40735,"href":"https:\/\/calatorinromania.com\/index.php?rest_route=\/wp\/v2\/posts\/40734\/revisions\/40735"}],"wp:featuredmedia":[{"embeddable":true,"href":"https:\/\/calatorinromania.com\/index.php?rest_route=\/wp\/v2\/media\/40654"}],"wp:attachment":[{"href":"https:\/\/calatorinromania.com\/index.php?rest_route=%2Fwp%2Fv2%2Fmedia&parent=40734"}],"wp:term":[{"taxonomy":"category","embeddable":true,"href":"https:\/\/calatorinromania.com\/index.php?rest_route=%2Fwp%2Fv2%2Fcategories&post=40734"},{"taxonomy":"post_tag","embeddable":true,"href":"https:\/\/calatorinromania.com\/index.php?rest_route=%2Fwp%2Fv2%2Ftags&post=40734"}],"curies":[{"name":"wp","href":"https:\/\/api.w.org\/{rel}","templated":true}]}}