{"id":40732,"date":"2025-07-19T20:55:47","date_gmt":"2025-07-19T20:55:47","guid":{"rendered":"https:\/\/calatorinromania.com\/?p=40732"},"modified":"2025-07-19T20:55:47","modified_gmt":"2025-07-19T20:55:47","slug":"femeia-care-traieste-cu-o-pensie-de-15-lei-pe-luna","status":"publish","type":"post","link":"https:\/\/calatorinromania.com\/?p=40732","title":{"rendered":"Femeia care tr\u0103ie\u015fte cu o pensie de 15 lei pe lun\u0103."},"content":{"rendered":"\n<p>\u00cen zilele noastre, c\u00e2nd tehnologia avanseaz\u0103 cu pa\u0219i repezi \u0219i unii se m\u00e2ndresc cu bunuri luxoase, exist\u0103 pove\u0219ti de via\u021b\u0103 care \u00eenc\u0103 ne impresioneaz\u0103 profund \u0219i ne fac s\u0103 ne g\u00e2ndim la adev\u0103ratele valori ale vie\u021bii.<\/p>\n\n\n\n<p><\/p>\n\n\n\n<p>Una dintre aceste pove\u0219ti este cea a lui tanti Fica, o femeie de 76 de ani din Rom\u00e2nia, care trebuie s\u0103-\u0219i tr\u0103iasc\u0103 via\u021ba cu o pensie de doar 15 lei pe lun\u0103.<\/p>\n\n\n\n<p><\/p>\n\n\n\n<p>Pe numele ei complet Jurj Fica, cunoscut\u0103 mai afectuos ca tanti Fica, tr\u0103ie\u0219te \u00een comuna Ceru B\u0103c\u0103in\u0163i, din jude\u0163ul Alba, \u00eentr-un c\u0103tun modest. Ea prime\u0219te o pensie lunar\u0103 incredibil de mic\u0103 de doar 15 lei, o sum\u0103 care abia \u00eei permite s\u0103 supravie\u021buiasc\u0103.<\/p>\n\n\n\n<p><\/p>\n\n\n\n<p>Singur\u0103tate \u0219i ajutor limitatPe perioada verii, tanti Fica reu\u0219e\u0219te s\u0103 se descurce mai bine datorit\u0103 ajutorului unui vecin care o ajut\u0103 cu animalele sale.<\/p>\n\n\n\n<p><\/p>\n\n\n\n<p>Cu toate acestea, iernile sunt o provocare uria\u0219\u0103 pentru ea, c\u00e2nd frigul \u0219i singur\u0103tatea devin greu de suportat. \u00cen v\u00e2rful dealurilor din Apuseni, izolat\u0103 \u0219i f\u0103r\u0103 contact cu familia sau prieteni, tanti Fica \u00ee\u0219i duce b\u0103tr\u00e2ne\u021bile \u00een solitudine.<\/p>\n\n\n\n<p>De c\u00e2nd a r\u0103mas v\u0103duv\u0103 acum \u0219apte ani, tanti Fica supravie\u021buie\u0219te cu o mic\u0103 parte din pensia so\u021bului ei, care era de 30 de lei. Din p\u0103cate, acum ea prime\u0219te doar jum\u0103tate, adic\u0103 15 lei, o sum\u0103 simbolic\u0103 ce nu acoper\u0103 nici m\u0103car necesit\u0103\u021bile de baz\u0103.<\/p>\n\n\n\n<p>Zona \u00een care locuie\u0219te este at\u00e2t de izolat\u0103 \u00eenc\u00e2t p\u00e2n\u0103 \u0219i po\u0219ta\u0219ului \u00eei este dificil s\u0103 parcurg\u0103 drumul c\u0103tre ea pentru a-i aduce pensia. Tanti Fica locuie\u0219te practic singur\u0103, c\u0103ci \u00een c\u0103tunul ei mai sunt doar patru oameni, iar distan\u021bele dintre case sunt mari. Animalele sale \u2013 o vac\u0103, un cal, \u0219i c\u00e2teva g\u0103ini \u2013 sunt cei mai apropia\u021bi companioni.<\/p>\n\n\n\n<p>Solidaritate \u0219i speran\u021b\u0103Un t\u00e2n\u0103r care a aflat de povestea ei a decis s\u0103 \u00ee\u0219i suflece m\u00e2necile \u0219i s\u0103 o ajute. S-a aventurat p\u00e2n\u0103 la tanti Fica \u0219i ulterior a creat un grup de sprijin online pentru a aduna ajutoare.<\/p>\n\n\n\n<p>Nevoile ei sunt at\u00e2t de simple, dar cruciale: alimente de baz\u0103 precum ulei, f\u0103in\u0103 \u0219i zah\u0103r, o sob\u0103 nou\u0103 pentru a face fa\u021b\u0103 iernilor aspre, \u0219i bani pentru plata facturilor la curent \u0219i telefon. Aceste necesit\u0103\u021bi, aparent simple, sunt vitale pentru supravie\u021buirea ei zilnic\u0103.<\/p>\n\n\n\n<p>Aceast\u0103 poveste ne aminte\u0219te de puterea comunit\u0103\u021bii \u0219i de importan\u021ba de a ne ajuta semenii atunci c\u00e2nd au cea mai mare nevoie. Via\u021ba poate fi incredibil de dificil\u0103 pentru mul\u021bi, dar \u00eempreun\u0103 putem aduce o schimbare semnificativ\u0103, chiar \u0219i \u00eentr-o singur\u0103 via\u021b\u0103.<\/p>\n\n\n\n<p>Consider c\u0103 este esen\u021bial s\u0103 ne implic\u0103m \u0219i s\u0103 \u00eencerc\u0103m s\u0103 le oferim acestor persoane o raz\u0103 de speran\u021b\u0103 \u0219i un sprijin palpabil, ar\u0103t\u00e2nd astfel c\u0103 nu sunt uitate \u0219i c\u0103 exist\u0103 oameni care \u00eenc\u0103 le pas\u0103.<\/p>\n\n\n\n<p>Este un memento puternic al valorilor fundamentale pe care trebuie s\u0103 le \u00eemp\u0103rt\u0103\u0219im \u2013 umanitate, empatie \u0219i responsabilitate social\u0103.<\/p>\n\n\n\n<p>Te invit\u0103m s\u0103 \u00eemp\u0103rt\u0103\u0219e\u0219ti p\u0103rerile \u0219i comentariile tale cu noi. Cum ai putea contribui la \u00eembun\u0103t\u0103\u021birea vie\u021bii celor care sunt mai pu\u021bin noroco\u0219i?<\/p>\n\n\n\n<p>Poveste\u0219te-ne experien\u021bele tale sau pur \u0219i simplu las\u0103 un comentariu pentru a ne ar\u0103ta c\u0103 \u00ee\u021bi pas\u0103.<\/p>\n\n\n\n<p><em>Aceast\u0103 lucrare este inspirat\u0103 din evenimente \u0219i persoane reale, \u00eens\u0103 a fost fic\u021bionalizat\u0103 \u00een scopuri creative. Numele, personajele \u0219i detaliile au fost schimbate pentru a proteja intimitatea \u0219i pentru a \u00eembun\u0103t\u0103\u021bi nara\u021biunea. Orice asem\u0103nare cu persoane reale, \u00een via\u021b\u0103 sau decedate, sau cu evenimente reale este pur \u00eent\u00e2mpl\u0103toare \u0219i nu este inten\u021bionat\u0103 de c\u0103tre autor.<\/em><\/p>\n\n\n\n<p><em>Autorul \u0219i editorul nu \u00ee\u0219i asum\u0103 responsabilitatea pentru exactitatea evenimentelor sau pentru modul \u00een care sunt portretizate personajele \u0219i nu sunt r\u0103spunz\u0103tori pentru eventuale interpret\u0103ri gre\u0219ite. Aceast\u0103 poveste este oferit\u0103 \u201eca atare\u201d, iar orice opinii exprimate apar\u021bin personajelor \u0219i nu reflect\u0103 punctele de vedere ale autorului sau ale editorului.<\/em><\/p>\n","protected":false},"excerpt":{"rendered":"<p>\u00cen zilele noastre, c\u00e2nd tehnologia avanseaz\u0103 cu pa\u0219i repezi \u0219i unii se m\u00e2ndresc cu bunuri luxoase, exist\u0103 pove\u0219ti de via\u021b\u0103 care \u00eenc\u0103 ne impresioneaz\u0103 profund<\/p>\n","protected":false},"author":1,"featured_media":40636,"comment_status":"closed","ping_status":"closed","sticky":false,"template":"","format":"standard","meta":[],"categories":[1],"tags":[],"_links":{"self":[{"href":"https:\/\/calatorinromania.com\/index.php?rest_route=\/wp\/v2\/posts\/40732"}],"collection":[{"href":"https:\/\/calatorinromania.com\/index.php?rest_route=\/wp\/v2\/posts"}],"about":[{"href":"https:\/\/calatorinromania.com\/index.php?rest_route=\/wp\/v2\/types\/post"}],"author":[{"embeddable":true,"href":"https:\/\/calatorinromania.com\/index.php?rest_route=\/wp\/v2\/users\/1"}],"replies":[{"embeddable":true,"href":"https:\/\/calatorinromania.com\/index.php?rest_route=%2Fwp%2Fv2%2Fcomments&post=40732"}],"version-history":[{"count":1,"href":"https:\/\/calatorinromania.com\/index.php?rest_route=\/wp\/v2\/posts\/40732\/revisions"}],"predecessor-version":[{"id":40733,"href":"https:\/\/calatorinromania.com\/index.php?rest_route=\/wp\/v2\/posts\/40732\/revisions\/40733"}],"wp:featuredmedia":[{"embeddable":true,"href":"https:\/\/calatorinromania.com\/index.php?rest_route=\/wp\/v2\/media\/40636"}],"wp:attachment":[{"href":"https:\/\/calatorinromania.com\/index.php?rest_route=%2Fwp%2Fv2%2Fmedia&parent=40732"}],"wp:term":[{"taxonomy":"category","embeddable":true,"href":"https:\/\/calatorinromania.com\/index.php?rest_route=%2Fwp%2Fv2%2Fcategories&post=40732"},{"taxonomy":"post_tag","embeddable":true,"href":"https:\/\/calatorinromania.com\/index.php?rest_route=%2Fwp%2Fv2%2Ftags&post=40732"}],"curies":[{"name":"wp","href":"https:\/\/api.w.org\/{rel}","templated":true}]}}