{"id":40728,"date":"2025-07-19T20:44:27","date_gmt":"2025-07-19T20:44:27","guid":{"rendered":"https:\/\/calatorinromania.com\/?p=40728"},"modified":"2025-07-19T20:44:27","modified_gmt":"2025-07-19T20:44:27","slug":"nora-mea-m-a-facut-de-rusine-pentru-ca-purtam-costume-de-baie","status":"publish","type":"post","link":"https:\/\/calatorinromania.com\/?p=40728","title":{"rendered":"Nora mea m-a f\u0103cut de ru\u0219ine pentru c\u0103 purtam costume de baie"},"content":{"rendered":"\n<p>Am intrat \u00een camer\u0103, mi-am pus o rochie vaporoas\u0103 peste costumul de baie \u0219i am stat t\u0103cut\u0103 pe marginea patului. \u00cemi tremura carnea de la ru\u0219inea sim\u021bit\u0103, dar \u00een acela\u0219i timp \u00een mine se aprinsese un foc. Nu era doar m\u00e2hnire. Era furie. Era revolt\u0103.<\/p>\n\n\n\n<p><\/p>\n\n\n\n<p>Mi-am privit chipul \u00een oglind\u0103. Da, aveam riduri. Da, pielea mea nu mai era ferm\u0103 ca la 30 de ani. Dar acele riduri spuneau pove\u0219ti. Pove\u0219tile celor trei copii ai mei. Ale lacrimilor v\u0103rsate pentru b\u0103rbatul pe care l-am iubit p\u00e2n\u0103 \u00een ultima lui zi. Ale muncii grele din tinere\u021be, ale serilor c\u00e2nd n-aveam ce pune pe mas\u0103 \u0219i totu\u0219i reu\u0219eam cumva. Fiecare linie de pe fa\u021ba mea era o medalie. Iar Karen\u2026 Karen habar n-avea ce \u00eenseamn\u0103 s\u0103 tr\u0103ie\u0219ti cu adev\u0103rat.<\/p>\n\n\n\n<p><\/p>\n\n\n\n<p>Am ie\u0219it din camer\u0103, calm\u0103. Pe terasa imens\u0103, ea era \u00eentins\u0103 pe un \u0219ezlong, cu un cocktail roz \u00een m\u00e2n\u0103, r\u00e2z\u00e2nd cu o alt\u0103 m\u0103mic\u0103 de la gr\u0103dini\u021ba nepo\u021bilor mei. Probabil o alt\u0103 so\u021bie de milionar, f\u0103r\u0103 griji, f\u0103r\u0103 riduri, f\u0103r\u0103 suflet.<\/p>\n\n\n\n<p><\/p>\n\n\n\n<p>Am z\u00e2mbit \u0219i am \u00eentrebat politicos:<br>\u2014 Karen, drag\u0103, pot s\u0103 folosesc piscina din spate? Cea mai mic\u0103, cea intim\u0103?<\/p>\n\n\n\n<p>Ea a dat ochii peste cap.<br>\u2014 F\u0103 ce vrei. Doar nu chema fotograful, c\u0103 lumea o s\u0103 cread\u0103 c\u0103 e un film de groaz\u0103.<\/p>\n\n\n\n<p>Am z\u00e2mbit larg.<br>\u2014 Promit c\u0103 va fi ceva memorabil.<\/p>\n\n\n\n<p>Am intrat \u00een cas\u0103, am luat telefonul, am intrat pe re\u021belele sociale \u0219i am \u00eenceput un live. Mi-am pus titlul: \u201eBunica \u00een costum de baie la 72 de ani. F\u0103r\u0103 ru\u0219ine, doar curaj.\u201d<\/p>\n\n\n\n<p>\u00cen doar c\u00e2teva minute, mii de oameni s-au adunat s\u0103 m\u0103 vad\u0103. Am cobor\u00e2t treptele piscinei cu demnitate, m-am a\u0219ezat \u00een ap\u0103 \u0219i am \u00eenceput s\u0103 vorbesc: despre \u00eemb\u0103tr\u00e2nire, despre c\u00e2t de nedrept este ca femeile s\u0103 fie ru\u0219inate pentru corpurile lor, despre c\u00e2t de mult conteaz\u0103 s\u0103 nu te la\u0219i c\u0103lcat \u00een picioare de nimeni, nici m\u0103car de propriii t\u0103i apropia\u021bi.<\/p>\n\n\n\n<p>Comentariile curgeau:<br>\u201eE\u0219ti o regin\u0103!\u201d<br>\u201eA\u0219a da femeie!\u201d<br>\u201eMi-ai dat curaj!\u201d<\/p>\n\n\n\n<p>Karen a ie\u0219it din nou afar\u0103 \u0219i m-a v\u0103zut vorbind la telefon. S-a apropiat \u0219i a auzit o parte din ce spuneam. A \u00eenlemnit. Oamenii din live au \u00eenceput s-o observe:<br>\u201eE aia care a r\u00e2s de bunica?\u201d<br>\u201eUit\u0103-te la privirea ei, \u0219tie c\u0103 a gre\u0219it!\u201d<\/p>\n\n\n\n<p>Fiul meu a ie\u0219it \u0219i el. A v\u0103zut totul. A stat t\u0103cut, a ascultat \u0219i, spre uimirea mea, s-a apropiat \u0219i m-a \u00eembr\u0103\u021bi\u0219at.<\/p>\n\n\n\n<p>\u2014 Mam\u0103, \u00eemi pare r\u0103u. Ar fi trebuit s\u0103 intervin. Nu e ok cum te-a tratat. \u0218i ai dreptate\u2026 E\u0219ti mai t\u00e2n\u0103r\u0103 dec\u00e2t mul\u021bi dintre noi. \u00cen inim\u0103.<\/p>\n\n\n\n<p>Am \u00eenchis live-ul cu un z\u00e2mbet \u0219i cu lacrimi \u00een ochi. Nu de durere. Ci de eliberare.<\/p>\n\n\n\n<p>Karen n-a mai spus nimic \u00een ziua aceea. De fapt, \u00eencep\u00e2nd cu acea zi, \u0219i-a schimbat atitudinea. Nu \u0219tiu dac\u0103 a fost sincer\u0103 sau doar ru\u0219inat\u0103, dar nici nu mai conteaz\u0103.<\/p>\n\n\n\n<p>Ce conteaz\u0103 este c\u0103 mi-am rec\u0103p\u0103tat demnitatea. \u0218i c\u0103 poate, undeva, o alt\u0103 femeie de v\u00e2rsta mea, privind acel live, s-a sim\u021bit \u0219i ea mai pu\u021bin singur\u0103. Mai pu\u021bin ur\u00e2t\u0103. Mai pu\u021bin \u201eb\u0103tr\u00e2n\u0103\u201d.<\/p>\n\n\n\n<p>Pentru c\u0103 frumuse\u021bea nu moare. Se transform\u0103. Iar eu\u2026 sunt vie. \u0218i frumoas\u0103. A\u0219a cum sunt.<\/p>\n\n\n\n<p><em>Aceast\u0103 lucrare este inspirat\u0103 din evenimente \u0219i persoane reale, \u00eens\u0103 a fost fic\u021bionalizat\u0103 \u00een scopuri creative. Numele, personajele \u0219i detaliile au fost schimbate pentru a proteja intimitatea \u0219i pentru a \u00eembun\u0103t\u0103\u021bi nara\u021biunea. Orice asem\u0103nare cu persoane reale, \u00een via\u021b\u0103 sau decedate, sau cu evenimente reale este pur \u00eent\u00e2mpl\u0103toare \u0219i nu este inten\u021bionat\u0103 de c\u0103tre autor.<\/em><\/p>\n\n\n\n<p><em>Autorul \u0219i editorul nu \u00ee\u0219i asum\u0103 responsabilitatea pentru exactitatea evenimentelor sau pentru modul \u00een care sunt portretizate personajele \u0219i nu sunt r\u0103spunz\u0103tori pentru eventuale interpret\u0103ri gre\u0219ite. Aceast\u0103 poveste este oferit\u0103 \u201eca atare\u201d, iar orice opinii exprimate apar\u021bin personajelor \u0219i nu reflect\u0103 punctele de vedere ale autorului sau ale editorului.<\/em><\/p>\n","protected":false},"excerpt":{"rendered":"<p>Am intrat \u00een camer\u0103, mi-am pus o rochie vaporoas\u0103 peste costumul de baie \u0219i am stat t\u0103cut\u0103 pe marginea patului. \u00cemi tremura carnea de la<\/p>\n","protected":false},"author":1,"featured_media":40636,"comment_status":"closed","ping_status":"closed","sticky":false,"template":"","format":"standard","meta":[],"categories":[1],"tags":[],"_links":{"self":[{"href":"https:\/\/calatorinromania.com\/index.php?rest_route=\/wp\/v2\/posts\/40728"}],"collection":[{"href":"https:\/\/calatorinromania.com\/index.php?rest_route=\/wp\/v2\/posts"}],"about":[{"href":"https:\/\/calatorinromania.com\/index.php?rest_route=\/wp\/v2\/types\/post"}],"author":[{"embeddable":true,"href":"https:\/\/calatorinromania.com\/index.php?rest_route=\/wp\/v2\/users\/1"}],"replies":[{"embeddable":true,"href":"https:\/\/calatorinromania.com\/index.php?rest_route=%2Fwp%2Fv2%2Fcomments&post=40728"}],"version-history":[{"count":1,"href":"https:\/\/calatorinromania.com\/index.php?rest_route=\/wp\/v2\/posts\/40728\/revisions"}],"predecessor-version":[{"id":40729,"href":"https:\/\/calatorinromania.com\/index.php?rest_route=\/wp\/v2\/posts\/40728\/revisions\/40729"}],"wp:featuredmedia":[{"embeddable":true,"href":"https:\/\/calatorinromania.com\/index.php?rest_route=\/wp\/v2\/media\/40636"}],"wp:attachment":[{"href":"https:\/\/calatorinromania.com\/index.php?rest_route=%2Fwp%2Fv2%2Fmedia&parent=40728"}],"wp:term":[{"taxonomy":"category","embeddable":true,"href":"https:\/\/calatorinromania.com\/index.php?rest_route=%2Fwp%2Fv2%2Fcategories&post=40728"},{"taxonomy":"post_tag","embeddable":true,"href":"https:\/\/calatorinromania.com\/index.php?rest_route=%2Fwp%2Fv2%2Ftags&post=40728"}],"curies":[{"name":"wp","href":"https:\/\/api.w.org\/{rel}","templated":true}]}}