{"id":40726,"date":"2025-07-19T20:39:41","date_gmt":"2025-07-19T20:39:41","guid":{"rendered":"https:\/\/calatorinromania.com\/?p=40726"},"modified":"2025-07-19T20:39:41","modified_gmt":"2025-07-19T20:39:41","slug":"la-nunta-fiului-meu-m-au-pus-singura-la-masa-si-m-au-servit-ultima-continuarea","status":"publish","type":"post","link":"https:\/\/calatorinromania.com\/?p=40726","title":{"rendered":"\u201dLa nunta fiului meu, m-au pus singur\u0103 la mas\u0103 \u0219i m-au servit ultima\u201d \u2013 continuarea"},"content":{"rendered":"\n<p>La nunta fiului meu, am fost a\u0219ezat\u0103 de una singur\u0103 \u0219i servit\u0103 ultima. Ceea ce mi-a spus \u00een acea sear\u0103 m-a f\u0103cut s\u0103 plec f\u0103r\u0103 s\u0103 spun niciun cuv\u00e2nt. Iar a doua zi diminea\u021b\u0103, c\u00e2nd a deschis mesajul meu\u2026 totul s-a schimbat.<\/p>\n\n\n\n<p><\/p>\n\n\n\n<p>Diminea\u021ba se strecura t\u0103cut\u0103 printr-un cer mohor\u00e2t, prins \u00eentre pic\u0103turi de ploaie \u0219i o lini\u0219te ap\u0103s\u0103toare. Aburii se lipeau de geamurile buc\u0103t\u0103riei \u00een timp ce eu r\u0103m\u00e2neam nemi\u0219cat\u0103, cu privirea pierdut\u0103.<\/p>\n\n\n\n<p><\/p>\n\n\n\n<p>Espressorul termina de preparat cafeaua, dar nu m-am ridicat. Nu eram gata. Nici pentru c\u0103ldur\u0103, nici pentru gust, nici pentru amintirile care \u00eemi b\u00e2ntuiau mintea dup\u0103 seara trecut\u0103.<\/p>\n\n\n\n<p><\/p>\n\n\n\n<p>Pantofii lustrui\u021bi cu grij\u0103, r\u0103ma\u0219i l\u00e2ng\u0103 u\u0219\u0103 de cu o zi \u00eenainte, p\u0103reau acum dintr-un alt timp. Obiecte mute ale unei seri care \u00eencepuse cu z\u00e2mbete \u0219i se terminase \u00een t\u0103cere.<\/p>\n\n\n\n<p><\/p>\n\n\n\n<p>Nimeni nu m-a oprit c\u00e2nd am ie\u0219it. Nicio voce nu m-a chemat. Doar un calorifer care bolborosea slab \u0219i un c\u00e2ine care l\u0103tra \u00een dep\u0103rtare. Plecasem \u00eenainte de primul dans \u2014 f\u0103r\u0103 grab\u0103, f\u0103r\u0103 s\u0103 atrag aten\u021bia. \u0218i nimeni n-a observat.<\/p>\n\n\n\n<p>Acum, probabil, fiul meu citise mesajul. Pe acela scris cu m\u00e2ini lini\u0219tite, dar cu o inim\u0103 obosit\u0103 de prea mult\u0103 resemnare. Nu din m\u00e2nie. Nici ca repro\u0219. Era ceva mai rece. Mai t\u0103cut.<\/p>\n\n\n\n<p>Am revenit la masa din buc\u0103t\u0103rie. Laptopul era \u00eenc\u0103 deschis. O singur\u0103 fraz\u0103 r\u0103m\u0103sese pe ecran \u2014 una pe care n-o spusesem niciodat\u0103 cu voce tare. O fraz\u0103 care plutea \u00een aer ca un adev\u0103r nespus.<\/p>\n\n\n\n<p>Cursorul clipea lent. Parc\u0103 m\u0103 \u00eentreba dac\u0103 nu vreau s\u0103 reformulez. S\u0103 fiu mai bl\u00e2nd\u0103. S\u0103 ofer o justificare.<\/p>\n\n\n\n<p>Dar nu aveam nimic de ad\u0103ugat.<\/p>\n\n\n\n<p>\u00cei auzeam \u0219i acum r\u00e2sul de asear\u0103. T\u0103ios. Delicat doar \u00een aparen\u021b\u0103. Spusese \u00een glum\u0103, dar cu o r\u0103ceal\u0103 care m-a str\u0103puns:<\/p>\n\n\n\n<p>\u201eEa e obi\u0219nuit\u0103 s\u0103 r\u0103m\u00e2n\u0103 cu ce mai r\u0103m\u00e2ne. O s\u0103 se descurce.\u201d<\/p>\n\n\n\n<p>N-am spus nimic atunci.<\/p>\n\n\n\n<p>Dar \u00een zorii ace\u0219tia grei, vorbele lui pluteau \u00een aer ca o cea\u021b\u0103 care refuza s\u0103 se risipeasc\u0103.<\/p>\n\n\n\n<p>El nu \u0219tia. N-a \u0219tiut niciodat\u0103. C\u00e2t am sacrificat. De c\u00e2te ori am renun\u021bat la mine pentru ca el s\u0103 aib\u0103. C\u00e2t\u0103 lini\u0219te am \u00eenghi\u021bit, c\u00e2te visuri am am\u00e2nat, c\u00e2te decizii am luat \u00een t\u0103cere, doar pentru a-l sprijini.<\/p>\n\n\n\n<p>Sub ghirlandele de la nunt\u0103 \u0219i clinchetul paharelor, ceva din mine s-a rupt.<\/p>\n\n\n\n<p>Femeia aceea t\u0103cut\u0103 \u0219i recunosc\u0103toare, cea pe care credea c\u0103 o cunoa\u0219te, nu s-a mai \u00eentors cu mine acas\u0103.<\/p>\n\n\n\n<p>Alta a venit \u00een locul ei.<\/p>\n\n\n\n<p>La ora 03:47, am ap\u0103sat \u201eTrimite\u201d.<\/p>\n\n\n\n<p>\u0218i p\u00e2n\u0103 acum\u2026 \u0219tiu c\u0103 a citit.<\/p>\n\n\n\n<p>La ora 08:12, telefonul a vibrat. Am vrut s\u0103-l ignor, dar instinctul de mam\u0103 \u2014 acel fir nev\u0103zut care r\u0103m\u00e2ne viu \u00een ciuda oric\u0103rei rupturi \u2014 m-a f\u0103cut s\u0103 m\u0103 uit.<\/p>\n\n\n\n<p>\u201eMam\u0103\u2026 \u00eemi pare r\u0103u. Am fost orb. Te rog, putem vorbi?\u201d<\/p>\n\n\n\n<p>Mesajul era scurt, dar \u00eenc\u0103rcat. L-am citit de dou\u0103 ori. De trei ori. Nu m\u0103 a\u0219teptam.<\/p>\n\n\n\n<p>La ora 11:00, am deschis u\u0219a. El st\u0103tea \u00een fa\u021ba mea, cu ochii ro\u0219ii \u0219i inelul de nunt\u0103 r\u0103sucindu-l nervos \u00eentre degete.<\/p>\n\n\n\n<p>\u2014 N-am avut dreptul s\u0103 spun ce-am spus\u2026 \u0218i cu at\u00e2t mai pu\u021bin s\u0103 te fac s\u0103 te sim\u021bi\u2026 invizibil\u0103. Am fost un prost.<\/p>\n\n\n\n<p>Nu l-am \u00eentrerupt.<\/p>\n\n\n\n<p>\u2014 \u021ai-am cerut ajutorul de zeci de ori \u0219i niciodat\u0103 nu m-ai refuzat. \u0218i tocmai \u00een ziua \u00een care trebuia s\u0103 te cinstesc\u2026 te-am ignorat.<\/p>\n\n\n\n<p>Mi-a \u00eentins o cutie mic\u0103. \u00cen\u0103untru \u2014 o scrisoare \u0219i o invita\u021bie nou\u0103: \u201eNunt\u0103 \u00een familie. Invitat de onoare: mama.\u201d<\/p>\n\n\n\n<p>A doua ceremonie a fost doar \u00eentre noi. Eu, el, nora mea \u0219i c\u00e2\u021biva apropia\u021bi. \u0218i de data asta\u2026 am dansat prima.<\/p>\n\n\n\n<p>\u0218i am fost servit\u0103 prima. Pentru prima oar\u0103, n-am sim\u021bit c\u0103 mai duc ceva \u00een spate. Ci c\u0103, \u00een sf\u00e2r\u0219it, cineva mi-a v\u0103zut povestea. \u0218i a \u00een\u021beles.<\/p>\n\n\n\n<p>Dac\u0103 \u021bi-a pl\u0103cut povestea, nu uita s\u0103 o distribui cu prietenii t\u0103i! \u00cempreun\u0103 putem duce mai departe emo\u021bia \u0219i inspira\u021bia.<\/p>\n\n\n\n<p>\u201dAceast\u0103 poveste este inspirat\u0103 din evenimente \u0219i persoane reale, \u00eens\u0103 a fost fic\u021bionalizat\u0103 \u00een scopuri creative. Numele, personajele \u0219i detaliile au fost schimbate pentru a proteja intimitatea \u0219i pentru a \u00eembun\u0103t\u0103\u021bi nara\u021biunea. Orice asem\u0103nare cu persoane reale, sau cu evenimente reale este pur \u00eent\u00e2mpl\u0103toare \u0219i nu este inten\u021bionat\u0103 de c\u0103tre autor.<\/p>\n\n\n\n<p>Autorul \u0219i editorul nu \u00ee\u0219i asum\u0103 responsabilitatea pentru exactitatea evenimentelor sau pentru modul \u00een care sunt portretizate personajele \u0219i nu sunt r\u0103spunz\u0103tori pentru eventuale interpret\u0103ri gre\u0219ite. Aceast\u0103 poveste este oferit\u0103 \u201eca atare\u201d, iar orice opinii exprimate apar\u021bin personajelor \u0219i nu reflect\u0103 punctele de vedere ale autorului sau ale editorului.\u201d<\/p>\n","protected":false},"excerpt":{"rendered":"<p>La nunta fiului meu, am fost a\u0219ezat\u0103 de una singur\u0103 \u0219i servit\u0103 ultima. Ceea ce mi-a spus \u00een acea sear\u0103 m-a f\u0103cut s\u0103 plec f\u0103r\u0103<\/p>\n","protected":false},"author":1,"featured_media":40636,"comment_status":"closed","ping_status":"closed","sticky":false,"template":"","format":"standard","meta":[],"categories":[1],"tags":[],"_links":{"self":[{"href":"https:\/\/calatorinromania.com\/index.php?rest_route=\/wp\/v2\/posts\/40726"}],"collection":[{"href":"https:\/\/calatorinromania.com\/index.php?rest_route=\/wp\/v2\/posts"}],"about":[{"href":"https:\/\/calatorinromania.com\/index.php?rest_route=\/wp\/v2\/types\/post"}],"author":[{"embeddable":true,"href":"https:\/\/calatorinromania.com\/index.php?rest_route=\/wp\/v2\/users\/1"}],"replies":[{"embeddable":true,"href":"https:\/\/calatorinromania.com\/index.php?rest_route=%2Fwp%2Fv2%2Fcomments&post=40726"}],"version-history":[{"count":1,"href":"https:\/\/calatorinromania.com\/index.php?rest_route=\/wp\/v2\/posts\/40726\/revisions"}],"predecessor-version":[{"id":40727,"href":"https:\/\/calatorinromania.com\/index.php?rest_route=\/wp\/v2\/posts\/40726\/revisions\/40727"}],"wp:featuredmedia":[{"embeddable":true,"href":"https:\/\/calatorinromania.com\/index.php?rest_route=\/wp\/v2\/media\/40636"}],"wp:attachment":[{"href":"https:\/\/calatorinromania.com\/index.php?rest_route=%2Fwp%2Fv2%2Fmedia&parent=40726"}],"wp:term":[{"taxonomy":"category","embeddable":true,"href":"https:\/\/calatorinromania.com\/index.php?rest_route=%2Fwp%2Fv2%2Fcategories&post=40726"},{"taxonomy":"post_tag","embeddable":true,"href":"https:\/\/calatorinromania.com\/index.php?rest_route=%2Fwp%2Fv2%2Ftags&post=40726"}],"curies":[{"name":"wp","href":"https:\/\/api.w.org\/{rel}","templated":true}]}}