{"id":40718,"date":"2025-07-19T20:26:55","date_gmt":"2025-07-19T20:26:55","guid":{"rendered":"https:\/\/calatorinromania.com\/?p=40718"},"modified":"2025-07-19T20:26:55","modified_gmt":"2025-07-19T20:26:55","slug":"la-patruzeci-de-ani-nu-te-mai-vrea-nimeni-ia-ti-lucrurile-si-pleaca-continuarea","status":"publish","type":"post","link":"https:\/\/calatorinromania.com\/?p=40718","title":{"rendered":"\u201eLa patruzeci de ani nu te mai vrea nimeni! Ia-\u021bi lucrurile \u0219i pleac\u0103\u201d \u2013 continuarea"},"content":{"rendered":"\n<p>\u201eLa patruzeci de ani nu te mai vrea nimeni! Ia-\u021bi lucrurile \u0219i pleac\u0103!\u201d \u2014 a strigat el. Nu \u0219tia \u00eens\u0103 c\u0103 a doua zi\u2026 aveam s\u0103-i fiu \u0219ef\u0103.<\/p>\n\n\n\n<p><\/p>\n\n\n\n<p>\u2014 Ei bine, a sosit momentul! \u2014 exclam\u0103 Toma, intr\u00e2nd zgomotos \u00een apartament \u0219i flutur\u00e2nd servieta ca pe un trofeu. \u2014 M\u00e2ine e \u0219edin\u021ba consiliului de conducere. Totul e practic stabilit.<\/p>\n\n\n\n<p><\/p>\n\n\n\n<p>Elena ridic\u0103 privirea din laptop, f\u0103r\u0103 s\u0103 \u00eentrebe la ce se refer\u0103. \u00cen ultimele luni, toate discu\u021biile dintre ei se \u00eenv\u00e2rteau \u00een jurul aceluia\u0219i subiect: postul de director de departament, pe care Toma \u00eel considera deja c\u00e2\u0219tigat.<\/p>\n\n\n\n<p><\/p>\n\n\n\n<p>\u2014 M\u0103 bucur pentru tine, \u2014 spuse ea calm, cu o voce lini\u0219tit\u0103, dar dac\u0103 ascultai cu aten\u021bie, puteai auzi o und\u0103 de oboseal\u0103 \u00een tonul ei.<\/p>\n\n\n\n<p><\/p>\n\n\n\n<p>\u2014 Normal c\u0103 te bucuri! \u2014 \u00ee\u0219i arunc\u0103 pantofii f\u0103r\u0103 s\u0103 se aplece \u0219i se \u00eendrept\u0103 spre buc\u0103t\u0103rie. \u2014 O s\u0103 fii so\u021bia unui om mare. Nu ca altele, care stau toat\u0103 ziua cu nasul \u00een rapoarte \u0219i \u00ee\u0219i irosesc via\u021ba\u2026<\/p>\n\n\n\n<p><\/p>\n\n\n\n<p>Deschise dulapul \u0219i scoase o sticl\u0103 de coniac scump, p\u0103strat\u0103 pentru \u201eocazii speciale\u201d. Se pare c\u0103 pentru el, ocazia sosise.<\/p>\n\n\n\n<p>Elena \u00eenchise \u00eencet laptopul. Pe ecran, \u00eentr-un e-mail proasp\u0103t, scria cu litere \u00eengro\u0219ate:<br>\u201eStimat\u0103 doamn\u0103 Elena Marinescu, avem pl\u0103cerea s\u0103 v\u0103 inform\u0103m c\u0103 a\u021bi fost desemnat\u0103 oficial pentru func\u021bia de Director Executiv al Diviziei.\u201d<\/p>\n\n\n\n<p>Exact pozi\u021bia la care visa Toma.<\/p>\n\n\n\n<p>\u2014 Poate totu\u0219i a\u0219tept\u0103m comunicatul oficial? \u2014 suger\u0103 ea, intr\u00e2nd \u00een buc\u0103t\u0103rie.<\/p>\n\n\n\n<p>Toma pufni \u0219i \u00ee\u0219i turn\u0103 b\u0103utura.<\/p>\n\n\n\n<p>\u2014 Hai, nu fi naiv\u0103. E o formalitate. Cu cine s\u0103 concurez? Cu ling\u0103ul \u0103la, Doru? Sau cu biata fat\u0103 de la analiz\u0103, care nici nu te poate privi \u00een ochi?<\/p>\n\n\n\n<p>B\u0103u dintr-o dat\u0103 paharul, apoi continu\u0103:<\/p>\n\n\n\n<p>\u2014 Eu am muncit ani \u00eentregi pentru firma asta. Merit postul acela. Tu\u2026 tu ai r\u0103mas pe loc. F\u0103r\u0103 ambi\u021bii, f\u0103r\u0103 viziune.<\/p>\n\n\n\n<p>Vorbele lui erau pline de superioritate, dar \u0219i de frustrare adunat\u0103 \u00een timp.<\/p>\n\n\n\n<p>\u2014 Mie \u00eemi place ceea ce fac\u2026 \u2014 murmur\u0103 ea, mai mult pentru sine.<\/p>\n\n\n\n<p>\u2014 \u00ce\u021bi place! \u2014 o imit\u0103 el ironic. \u2014 Pe mine nu m\u0103 \u00eenc\u00e2nt\u0103 c\u0103 am o nevast\u0103 f\u0103r\u0103 personalitate! Eu m\u00e2ine conduc oameni, iar tu\u2026 ce po\u021bi ar\u0103ta lumii?<\/p>\n\n\n\n<p>Se apropie de ea. Mirosul puternic al parfumului s\u0103u se amesteca cu arogan\u021ba din gesturile sale.<\/p>\n\n\n\n<p>\u2014 Am crezut c\u0103 suntem o echip\u0103. C\u0103 urc\u0103m \u00eempreun\u0103. Dar adev\u0103rul e c\u0103 trag singur de tot: ipotec\u0103, ma\u0219in\u0103, confortul t\u0103u. Tu doar\u2026 exi\u0219ti.<\/p>\n\n\n\n<p>Elena nu r\u0103spunse. Privirea ei era \u00eendreptat\u0103 undeva \u00een spatele lui \u2014 spre reflexia lor \u00een geamul u\u0219ii de la dulap. Un b\u0103rbat agitat, \u00eencruntat. \u0218i o femeie t\u0103cut\u0103, aparent absent\u0103. Dar doar aparent.<\/p>\n\n\n\n<p>\u2014 Uneori cred c\u0103 tu e\u0219ti fr\u00e2na mea cea mai mare, \u2014 rosti el cu o r\u0103ceal\u0103 care t\u0103ia ca lama.<\/p>\n\n\n\n<p>Ea nu tres\u0103ri. Doar sim\u021bi un nod rece \u00een stomac. Dar nu era durere \u2014 era claritate. Claritatea faptului c\u0103 ziua de m\u00e2ine va schimba totul.<\/p>\n\n\n\n<p>\u2014 \u0218tii ce? \u2014 vocea lui deveni dintr-o dat\u0103 t\u0103ioas\u0103. \u2014 M-am s\u0103turat. Vreau l\u00e2ng\u0103 mine o femeie adev\u0103rat\u0103, care are \u021beluri, nu o umbr\u0103 fricoas\u0103 care se teme de orice. Cine te mai vrea la patruzeci de ani? Nici carier\u0103, nici pasiune. Ia-\u021bi lucrurile. Pleac\u0103.<\/p>\n\n\n\n<p>Se d\u0103du la o parte, l\u0103s\u00e2ndu-i drum liber.<\/p>\n\n\n\n<p>\u2014 Ie\u0219i din apartamentul meu. De m\u00e2ine, \u00eencep o via\u021b\u0103 nou\u0103. De succes. \u0218i \u00een ea, tu nu mai exi\u0219ti.<\/p>\n\n\n\n<p>Ziua urm\u0103toare a \u00eenceput cu o lini\u0219te stranie. Toma s-a \u00eembr\u0103cat \u00een costumul s\u0103u cel bun, \u0219i-a pus parfumul favorit \u0219i a plecat cu pa\u0219i repezi spre sediul companiei, sigur c\u0103 totul decurge conform planului. Nu \u0219i-a verificat nici telefonul, nici e-mailul. Ar fi avut o surpriz\u0103 uria\u0219\u0103.<\/p>\n\n\n\n<p>La ora 9 fix, sala de \u0219edin\u021be era plin\u0103. Membrii consiliului \u00ee\u0219i ocupaser\u0103 locurile, iar \u00een fa\u021b\u0103, scaunul central fusese deja preg\u0103tit. C\u00e2nd u\u0219a s-a deschis, Toma a p\u0103\u0219it \u00een\u0103untru cu un z\u00e2mbet larg. Dar z\u00e2mbetul i-a \u00eenghe\u021bat pe fa\u021b\u0103 \u00een clipa \u00een care a v\u0103zut-o.<\/p>\n\n\n\n<p>Elena. \u00cembr\u0103cat\u0103 elegant, cu o atitudine calm\u0103 \u0219i hot\u0103r\u00e2t\u0103, st\u0103tea \u00een picioare l\u00e2ng\u0103 pre\u0219edinte, care tocmai o prezentase:<br>\u2014 Doamna Elena Marinescu, noul Director Executiv al Diviziei. V\u0103 rug\u0103m s\u0103 o primi\u021bi cu aplauze.<\/p>\n\n\n\n<p>Toma nu putea articula niciun cuv\u00e2nt. Fa\u021ba i se \u00eenro\u0219ise, privirea \u00eei era pierdut\u0103.<\/p>\n\n\n\n<p>Elena s-a uitat la el, i-a oferit un z\u00e2mbet politicos \u0219i i-a \u00eentins calm un dosar:<br>\u2014 Bine ai venit, Toma. Vei fi \u00een subordinea mea pe proiectul \u201eReorganizare intern\u0103\u201d. Avem multe de discutat.<\/p>\n\n\n\n<p>De-a lungul lunilor care au urmat, Toma a fost nevoit s\u0103 \u00eenve\u021be respectul. \u00centre timp, Elena a \u00eenflorit profesional \u0219i personal. \u0218i-a g\u0103sit lini\u0219tea, a redecorat apartamentul, \u0219i-a rec\u0103p\u0103tat \u00eencrederea. Apoi, \u00eentr-o sear\u0103, la o \u00eent\u00e2lnire informal\u0103 cu un alt director \u2014 Radu, coleg vechi din firm\u0103 \u2014 a ap\u0103rut \u0219i ceva mai mult dec\u00e2t prietenie.<\/p>\n\n\n\n<p>A fost nevoie de o pr\u0103bu\u0219ire ca s\u0103 \u00een\u021beleag\u0103 cine este cu adev\u0103rat. Dar de acolo \u00eencolo\u2026 totul a urcat.<\/p>\n\n\n\n<p>\u0218i la patruzeci de ani? La patruzeci de ani, Elena str\u0103lucea. Poate chiar mai mult dec\u00e2t oric\u00e2nd.<\/p>\n\n\n\n<p>Dac\u0103 \u021bi-a pl\u0103cut povestea, nu uita s\u0103 o distribui cu prietenii t\u0103i! \u00cempreun\u0103 putem duce mai departe emo\u021bia \u0219i inspira\u021bia.<\/p>\n\n\n\n<p>\u201dAceast\u0103 poveste este inspirat\u0103 din evenimente \u0219i persoane reale, \u00eens\u0103 a fost fic\u021bionalizat\u0103 \u00een scopuri creative. Numele, personajele \u0219i detaliile au fost schimbate pentru a proteja intimitatea \u0219i pentru a \u00eembun\u0103t\u0103\u021bi nara\u021biunea. Orice asem\u0103nare cu persoane reale, sau cu evenimente reale este pur \u00eent\u00e2mpl\u0103toare \u0219i nu este inten\u021bionat\u0103 de c\u0103tre autor.<\/p>\n\n\n\n<p>Autorul \u0219i editorul nu \u00ee\u0219i asum\u0103 responsabilitatea pentru exactitatea evenimentelor sau pentru modul \u00een care sunt portretizate personajele \u0219i nu sunt r\u0103spunz\u0103tori pentru eventuale interpret\u0103ri gre\u0219ite. Aceast\u0103 poveste este oferit\u0103 \u201eca atare\u201d, iar orice opinii exprimate apar\u021bin personajelor \u0219i nu reflect\u0103 punctele de vedere ale autorului sau ale editorului.\u201d<\/p>\n","protected":false},"excerpt":{"rendered":"<p>\u201eLa patruzeci de ani nu te mai vrea nimeni! Ia-\u021bi lucrurile \u0219i pleac\u0103!\u201d \u2014 a strigat el. Nu \u0219tia \u00eens\u0103 c\u0103 a doua zi\u2026 aveam<\/p>\n","protected":false},"author":1,"featured_media":40654,"comment_status":"closed","ping_status":"closed","sticky":false,"template":"","format":"standard","meta":[],"categories":[1],"tags":[],"_links":{"self":[{"href":"https:\/\/calatorinromania.com\/index.php?rest_route=\/wp\/v2\/posts\/40718"}],"collection":[{"href":"https:\/\/calatorinromania.com\/index.php?rest_route=\/wp\/v2\/posts"}],"about":[{"href":"https:\/\/calatorinromania.com\/index.php?rest_route=\/wp\/v2\/types\/post"}],"author":[{"embeddable":true,"href":"https:\/\/calatorinromania.com\/index.php?rest_route=\/wp\/v2\/users\/1"}],"replies":[{"embeddable":true,"href":"https:\/\/calatorinromania.com\/index.php?rest_route=%2Fwp%2Fv2%2Fcomments&post=40718"}],"version-history":[{"count":1,"href":"https:\/\/calatorinromania.com\/index.php?rest_route=\/wp\/v2\/posts\/40718\/revisions"}],"predecessor-version":[{"id":40719,"href":"https:\/\/calatorinromania.com\/index.php?rest_route=\/wp\/v2\/posts\/40718\/revisions\/40719"}],"wp:featuredmedia":[{"embeddable":true,"href":"https:\/\/calatorinromania.com\/index.php?rest_route=\/wp\/v2\/media\/40654"}],"wp:attachment":[{"href":"https:\/\/calatorinromania.com\/index.php?rest_route=%2Fwp%2Fv2%2Fmedia&parent=40718"}],"wp:term":[{"taxonomy":"category","embeddable":true,"href":"https:\/\/calatorinromania.com\/index.php?rest_route=%2Fwp%2Fv2%2Fcategories&post=40718"},{"taxonomy":"post_tag","embeddable":true,"href":"https:\/\/calatorinromania.com\/index.php?rest_route=%2Fwp%2Fv2%2Ftags&post=40718"}],"curies":[{"name":"wp","href":"https:\/\/api.w.org\/{rel}","templated":true}]}}