{"id":40707,"date":"2025-07-17T09:28:10","date_gmt":"2025-07-17T09:28:10","guid":{"rendered":"https:\/\/calatorinromania.com\/?p=40707"},"modified":"2025-07-17T09:28:10","modified_gmt":"2025-07-17T09:28:10","slug":"soacra-a-fost-in-vizita-iar-dupa-plecarea-ei-cainele-a-inceput-sa-maraie-si-sa-scurmene-pamantul-2","status":"publish","type":"post","link":"https:\/\/calatorinromania.com\/?p=40707","title":{"rendered":"Soacra a fost \u00een vizit\u0103, iar dup\u0103 plecarea ei c\u00e2inele a \u00eenceput s\u0103 m\u00e2r\u00e2ie \u0219i s\u0103 scurmene p\u0103m\u00e2ntul"},"content":{"rendered":"\n<p>Soacra a fost \u00een vizit\u0103, iar dup\u0103 plecarea ei c\u00e2inele a \u00eenceput s\u0103 m\u00e2r\u00e2ie \u0219i s\u0103 scurme p\u0103m\u00e2ntul: am \u00eenceput s\u0103 sap \u00een locul unde l\u0103tra \u0219i am g\u0103sit ceva \u00eengrozitor\u00a0<\/p>\n\n\n\n<p>Eu \u0219i so\u021bul meu locuim \u00eentr-un sat lini\u0219tit. El lucreaz\u0103 la ferm\u0103, iar eu m\u0103 ocup de gr\u0103din\u0103 \u0219i gospod\u0103rie. Soacra locuie\u0219te \u00een ora\u0219, la fiul ei mai mic \u2014 \u0219i, sincer, rela\u021bia mea cu ea nu a fost niciodat\u0103 bun\u0103. Din prima zi nu m-a pl\u0103cut. Ba o privire critic\u0103, ba remarci ustur\u0103toare. Dar am \u00eenghi\u021bit \u00een sec. De dragul so\u021bului. \u00cen plus, distan\u021ba ajuta \u2014 ne vedeam rar.<\/p>\n\n\n\n<p>Dar de cur\u00e2nd, din senin, a spus c\u0103 vrea \u201es\u0103 se rup\u0103 pu\u021bin de agita\u021bia ora\u0219ului\u201d \u0219i a venit la noi pentru o s\u0103pt\u0103m\u00e2n\u0103. A zis c\u0103 i-a fost dor. Sim\u021beam c\u0103 nu e de bine, dar, din nou \u2014 so\u021bul a insistat.<\/p>\n\n\n\n<p>Din primele zile a \u00eenceput s\u0103-mi dea lec\u021bii. Nimic nu era bine: ciorba prea s\u0103rat\u0103, perdelele \u0219ifonate, iar educa\u021bia fiicei noastre de cinci ani, dup\u0103 p\u0103rerea ei, era complet gre\u0219it\u0103. Provoca constant conflicte, \u0219i la un moment dat a reu\u0219it chiar s\u0103 ne certe \u00eentre noi. N-am mai rezistat \u0219i am pl\u00e2ns noaptea. \u00cemi doream doar s\u0103 se termine totul mai repede.<\/p>\n\n\n\n<p>C\u00e2nd, \u00een sf\u00e2r\u0219it, a plecat, am r\u0103suflat u\u0219urat\u0103. Dar a doua zi a \u00eenceput ceva straniu.<\/p>\n\n\n\n<p>C\u00e2inele nostru, Baks \u2014 un animal bl\u00e2nd \u0219i extrem de inteligent \u2014 a \u00eenceput brusc s\u0103 se poarte ciudat. M\u00e2r\u00e2ia spre o zon\u0103 pustie din gr\u0103din\u0103, alerga \u00een cerc, apoi a \u00eenceput s\u0103 scurme p\u0103m\u00e2ntul l\u00e2ng\u0103 un strat, s\u0103 latre \u0219i s\u0103 sape cu labele. Am \u00eencercat s\u0103-l trag de acolo \u2014 nu m-a ascultat. M\u0103 privea fix \u0219i continua.<\/p>\n\n\n\n<p>A doua zi la fel. Nu am mai rezistat \u2014 am luat o lopat\u0103. Inima \u00eemi b\u0103tea cu putere: un c\u00e2ine nu se comport\u0103 a\u0219a f\u0103r\u0103 motiv. Ceva \u00eel nelini\u0219tea. Am \u00eenceput s\u0103 sap \u00een locul unde l\u0103tra.<\/p>\n\n\n\n<p>\u0218i atunci p\u0103m\u00e2ntul s-a surpat. M-am oprit \u00eencremenit\u0103. Din p\u0103m\u00e2nt ie\u0219ea\u2026<\/p>\n\n\n\n<p>\u2026un sac negru. Legat. Cu inima c\u00e2t un purice, l-am scos afar\u0103.<\/p>\n\n\n\n<p>\u00cen\u0103untru \u2014 un miros \u00eenfior\u0103tor \u0219i lucruri stranii: ghemotoace de p\u0103r, o rochi\u021b\u0103 veche de copil (care nu era a feti\u021bei noastre!), o p\u0103pu\u0219\u0103 cu capul rupt, \u0219i un pachet cu fotografii \u00een care eram eu, so\u021bul meu \u0219i feti\u021ba noastr\u0103\u2026 dar cu ochii zg\u00e2ria\u021bi.<\/p>\n\n\n\n<p>Un fior rece mi-a cuprins tot corpul. Am \u00een\u021beles c\u0103 era vorba de ceva legat de vr\u0103jitorie, poate un blestem. Cine putea face a\u0219a ceva?<\/p>\n\n\n\n<p>Singurul r\u0103spuns era \u2014 soacra. Doar ea fusese \u00een curte, doar ea ar fi putut \u00eengropa acel sac, \u00een timp ce eu eram \u00een buc\u0103t\u0103rie sau ocupat\u0103 cu feti\u021ba.<\/p>\n\n\n\n<p>Nu \u0219tiam ce s\u0103 fac. Am dus totul la biseric\u0103. Preotul a spus c\u0103 e o \u201elucrare de dezbinare a familiei\u201d.<\/p>\n\n\n\n<p>Eu nu cred \u00een a\u0219a ceva, dar tot ce se \u00eent\u00e2mplase cu c\u00e2inele \u0219i comportamentul soacrei din ultimele zile\u2026 toate se legau \u00eentr-un tablou sinistru.<\/p>\n\n\n\n<p>Din acel moment i-am interzis s\u0103 mai calce \u00een casa noastr\u0103. I-am spus totul so\u021bului. La \u00eenceput n-a crezut, dar c\u00e2nd a v\u0103zut pozele \u0219i sacul \u2014 pe care \u00eel p\u0103strasem ca dovad\u0103 \u2014 a t\u0103cut mult timp.<\/p>\n\n\n\n<p>Iar c\u00e2inele, de atunci, doarme numai la u\u0219\u0103, ca \u0219i cum ne-ar p\u0103zi.<\/p>\n\n\n\n<p>Nu \u0219tiu ce anume inten\u021biona soacra mea, dar sunt sigur\u0103 de un lucru: nu va mai p\u0103\u0219i niciodat\u0103 \u00een curtea noastr\u0103.<\/p>\n\n\n\n<p>Voi ce crede\u021bi, poate c\u0103 exagerez? Poate c\u0103 e vorba de altceva?<\/p>\n\n\n\n<p><em>Aceast\u0103 lucrare este inspirat\u0103 din evenimente \u0219i persoane reale, \u00eens\u0103 a fost fic\u021bionalizat\u0103 \u00een scopuri creative. Numele, personajele \u0219i detaliile au fost schimbate pentru a proteja intimitatea \u0219i pentru a \u00eembun\u0103t\u0103\u021bi nara\u021biunea. Orice asem\u0103nare cu persoane reale, \u00een via\u021b\u0103 sau decedate, sau cu evenimente reale este pur \u00eent\u00e2mpl\u0103toare \u0219i nu este inten\u021bionat\u0103 de c\u0103tre autor.<\/em><\/p>\n\n\n\n<p><em>Autorul \u0219i editorul nu \u00ee\u0219i asum\u0103 responsabilitatea pentru exactitatea evenimentelor sau pentru modul \u00een care sunt portretizate personajele \u0219i nu sunt r\u0103spunz\u0103tori pentru eventuale interpret\u0103ri gre\u0219ite. Aceast\u0103 poveste este oferit\u0103 \u201eca atare\u201d, iar orice opinii exprimate apar\u021bin personajelor \u0219i nu reflect\u0103 punctele de vedere ale autorului sau ale editorului.<\/em><\/p>\n","protected":false},"excerpt":{"rendered":"<p>Soacra a fost \u00een vizit\u0103, iar dup\u0103 plecarea ei c\u00e2inele a \u00eenceput s\u0103 m\u00e2r\u00e2ie \u0219i s\u0103 scurme p\u0103m\u00e2ntul: am \u00eenceput s\u0103 sap \u00een locul unde<\/p>\n","protected":false},"author":1,"featured_media":40651,"comment_status":"closed","ping_status":"closed","sticky":false,"template":"","format":"standard","meta":[],"categories":[1],"tags":[],"_links":{"self":[{"href":"https:\/\/calatorinromania.com\/index.php?rest_route=\/wp\/v2\/posts\/40707"}],"collection":[{"href":"https:\/\/calatorinromania.com\/index.php?rest_route=\/wp\/v2\/posts"}],"about":[{"href":"https:\/\/calatorinromania.com\/index.php?rest_route=\/wp\/v2\/types\/post"}],"author":[{"embeddable":true,"href":"https:\/\/calatorinromania.com\/index.php?rest_route=\/wp\/v2\/users\/1"}],"replies":[{"embeddable":true,"href":"https:\/\/calatorinromania.com\/index.php?rest_route=%2Fwp%2Fv2%2Fcomments&post=40707"}],"version-history":[{"count":1,"href":"https:\/\/calatorinromania.com\/index.php?rest_route=\/wp\/v2\/posts\/40707\/revisions"}],"predecessor-version":[{"id":40708,"href":"https:\/\/calatorinromania.com\/index.php?rest_route=\/wp\/v2\/posts\/40707\/revisions\/40708"}],"wp:featuredmedia":[{"embeddable":true,"href":"https:\/\/calatorinromania.com\/index.php?rest_route=\/wp\/v2\/media\/40651"}],"wp:attachment":[{"href":"https:\/\/calatorinromania.com\/index.php?rest_route=%2Fwp%2Fv2%2Fmedia&parent=40707"}],"wp:term":[{"taxonomy":"category","embeddable":true,"href":"https:\/\/calatorinromania.com\/index.php?rest_route=%2Fwp%2Fv2%2Fcategories&post=40707"},{"taxonomy":"post_tag","embeddable":true,"href":"https:\/\/calatorinromania.com\/index.php?rest_route=%2Fwp%2Fv2%2Ftags&post=40707"}],"curies":[{"name":"wp","href":"https:\/\/api.w.org\/{rel}","templated":true}]}}