{"id":40702,"date":"2025-07-17T09:23:38","date_gmt":"2025-07-17T09:23:38","guid":{"rendered":"https:\/\/calatorinromania.com\/?p=40702"},"modified":"2025-07-17T09:23:39","modified_gmt":"2025-07-17T09:23:39","slug":"desigur-daca-aceasta-postare-ar-fi-fost-despre-pisici-sau-caini","status":"publish","type":"post","link":"https:\/\/calatorinromania.com\/?p=40702","title":{"rendered":"Desigur, dac\u0103 aceast\u0103 postare ar fi fost despre pisici sau c\u00e2ini"},"content":{"rendered":"\n<p>Desigur, dac\u0103 aceast\u0103 postare ar fi fost despre pisici sau c\u00e2ini \u2014 animale pe care majoritatea dintre noi le iubim \u0219i de care avem grij\u0103 \u2014 atunci aprecierea \u0219i indignarea noastr\u0103 ar fi fost cople\u0219itoare.<\/p>\n\n\n\n<p>Dar aceast\u0103 postare nu con\u021bine fotografii nud.<\/p>\n\n\n\n<p>Din p\u0103cate, este vorba despre mii de albine moarte, victime ale utiliz\u0103rii pesticidelor \u00een \u021bara noastr\u0103. Din p\u0103cate, undeva aici, ciclul nostru de via\u021b\u0103 se opre\u0219te.<\/p>\n\n\n\n<p>Dac\u0103 \u00eentr-o zi albinele vor disp\u0103rea de pe fa\u021ba P\u0103m\u00e2ntului, oamenilor le vor mai r\u0103m\u00e2ne doar 4 ani de via\u021b\u0103\u2026<\/p>\n\n\n\n<p><strong>De ce albinele sunt cele mai importante fiin\u021be vii de pe P\u0103m\u00e2nt?<\/strong><\/p>\n\n\n\n<p>Cu to\u021bii cunoa\u0219tem importan\u021ba colosal\u0103 a albinelor \u00een via\u021ba noastr\u0103 de zi cu zi \u0219i, \u00eenc\u0103 din copil\u0103rie, apreciem propriet\u0103\u021bile extraordinare ale produselor stupului. Iat\u0103 concluziile unor cercet\u0103ri recente cu privire la existen\u021ba lor:<\/p>\n\n\n\n<p><strong>Albine moarte. Pesticide | PikaBo<\/strong><\/p>\n\n\n\n<p>La recentele dezbateri ale Societ\u0103\u021bii Regale de Geografie din Bucure\u0219ti, Institutul Earthwatch a concluzionat c\u0103 albinele sunt cele mai importante fiin\u021be vii de pe planet\u0103. Totu\u0219i, odat\u0103 cu aceast\u0103 veste, oamenii de \u0219tiin\u021b\u0103 au f\u0103cut \u0219i un alt anun\u021b: albinele sunt acum clasificate printre insectele aflate sub un risc ridicat de dispari\u021bie.<\/p>\n\n\n\n<p><strong>\u201eDAC\u0102 ALBINELE VOR DISP\u0102REA, UMANITATEA VA MAI TR\u0102I DOAR 4 ANI, MAXIM.\u201d<\/strong><br>\u2013 Albert Einstein<\/p>\n\n\n\n<p>Potrivit cercet\u0103rilor recente, popula\u021biile de albine au sc\u0103zut cu 90% la nivel global, iar cauzele difer\u0103 \u00een func\u021bie de regiune. Printre cele mai importante se num\u0103r\u0103: defri\u0219\u0103rile masive, lipsa locurilor sigure pentru cuib\u0103rire, lipsa florilor, utilizarea necontrolat\u0103 a pesticidelor, schimb\u0103rile solului \u0219i sc\u0103derea num\u0103rului de apicultori.<\/p>\n\n\n\n<p>Peste 70% din agricultura mondial\u0103 depinde de aceste insecte, iar se poate spune c\u0103 70 din 100 de produse pe care le consum\u0103m exist\u0103 datorit\u0103 procesului de polenizare realizat de albine.<\/p>\n\n\n\n<p><strong>Albinele din jude\u021bul Arge\u0219 nu au murit din cauza pesticidelor | Rom\u00e2nia | GRE\u0218EAL\u0102<\/strong><\/p>\n\n\n\n<p>\u00cen plus, polenizarea realizat\u0103 de albine este esen\u021bial\u0103 pentru reproducerea plantelor, care reprezint\u0103 principala surs\u0103 de hran\u0103 pentru milioane de animale. F\u0103r\u0103 aceasta, via\u021ba s\u0103lbatic\u0103 ar \u00eencepe treptat s\u0103 dispar\u0103.<\/p>\n\n\n\n<p><strong>Exist\u0103 solu\u021bii pentru aceast\u0103 problem\u0103?<\/strong><\/p>\n\n\n\n<p>Solu\u021bii exist\u0103 cu adev\u0103rat, dar sunt dificil de aplicat \u00een societatea actual\u0103, av\u00e2nd \u00een vedere practicile d\u0103un\u0103toare din agricultura \u0219i industria rom\u00e2neasc\u0103.<\/p>\n\n\n\n<p><strong>Un milion de oameni afecta\u021bi de pesticide \u2013 Delfi ROU.<\/strong><\/p>\n\n\n\n<p>Totu\u0219i, speciali\u0219tii au propus c\u00e2teva m\u0103suri \u00een speran\u021ba unei implement\u0103ri c\u00e2t mai rapide:<\/p>\n\n\n\n<p>\u2013 Interzicerea, nu doar reducerea, utiliz\u0103rii pesticidelor toxice. Se propune trecerea la pesticide care nu afecteaz\u0103 negativ polenizatorii.<br>\u2013 Promovarea unor alternative complet naturale \u00een agricultur\u0103.<br>\u2013 Realizarea constant\u0103 de cercet\u0103ri \u0219i monitorizarea s\u0103n\u0103t\u0103\u021bii, bun\u0103st\u0103rii \u0219i conserv\u0103rii albinelor.<br>\u2013 Promovarea programelor care ofer\u0103 popula\u021biei posibilitatea de a participa la salvarea albinelor, sprijinind apicultorii, de exemplu, prin achizi\u021bionarea de miere natural\u0103 sau participarea \u00een proiecte na\u021bionale precum \u201eAdopt\u0103 un stup\u201d. Po\u021bi lua parte la un astfel de proiect datorit\u0103 ini\u021biativei\u2026<\/p>\n\n\n\n<p><em>Aceast\u0103 lucrare este inspirat\u0103 din evenimente \u0219i persoane reale, \u00eens\u0103 a fost fic\u021bionalizat\u0103 \u00een scopuri creative. Numele, personajele \u0219i detaliile au fost schimbate pentru a proteja intimitatea \u0219i pentru a \u00eembun\u0103t\u0103\u021bi nara\u021biunea. Orice asem\u0103nare cu persoane reale, \u00een via\u021b\u0103 sau decedate, sau cu evenimente reale este pur \u00eent\u00e2mpl\u0103toare \u0219i nu este inten\u021bionat\u0103 de c\u0103tre autor.<\/em><\/p>\n\n\n\n<p><em>Autorul \u0219i editorul nu \u00ee\u0219i asum\u0103 responsabilitatea pentru exactitatea evenimentelor sau pentru modul \u00een care sunt portretizate personajele \u0219i nu sunt r\u0103spunz\u0103tori pentru eventuale interpret\u0103ri gre\u0219ite. Aceast\u0103 poveste este oferit\u0103 \u201eca atare\u201d, iar orice opinii exprimate apar\u021bin personajelor \u0219i nu reflect\u0103 punctele de vedere ale autorului sau ale editorului.<\/em><\/p>\n","protected":false},"excerpt":{"rendered":"<p>Desigur, dac\u0103 aceast\u0103 postare ar fi fost despre pisici sau c\u00e2ini \u2014 animale pe care majoritatea dintre noi le iubim \u0219i de care avem grij\u0103<\/p>\n","protected":false},"author":1,"featured_media":40636,"comment_status":"closed","ping_status":"closed","sticky":false,"template":"","format":"standard","meta":[],"categories":[1],"tags":[],"_links":{"self":[{"href":"https:\/\/calatorinromania.com\/index.php?rest_route=\/wp\/v2\/posts\/40702"}],"collection":[{"href":"https:\/\/calatorinromania.com\/index.php?rest_route=\/wp\/v2\/posts"}],"about":[{"href":"https:\/\/calatorinromania.com\/index.php?rest_route=\/wp\/v2\/types\/post"}],"author":[{"embeddable":true,"href":"https:\/\/calatorinromania.com\/index.php?rest_route=\/wp\/v2\/users\/1"}],"replies":[{"embeddable":true,"href":"https:\/\/calatorinromania.com\/index.php?rest_route=%2Fwp%2Fv2%2Fcomments&post=40702"}],"version-history":[{"count":1,"href":"https:\/\/calatorinromania.com\/index.php?rest_route=\/wp\/v2\/posts\/40702\/revisions"}],"predecessor-version":[{"id":40703,"href":"https:\/\/calatorinromania.com\/index.php?rest_route=\/wp\/v2\/posts\/40702\/revisions\/40703"}],"wp:featuredmedia":[{"embeddable":true,"href":"https:\/\/calatorinromania.com\/index.php?rest_route=\/wp\/v2\/media\/40636"}],"wp:attachment":[{"href":"https:\/\/calatorinromania.com\/index.php?rest_route=%2Fwp%2Fv2%2Fmedia&parent=40702"}],"wp:term":[{"taxonomy":"category","embeddable":true,"href":"https:\/\/calatorinromania.com\/index.php?rest_route=%2Fwp%2Fv2%2Fcategories&post=40702"},{"taxonomy":"post_tag","embeddable":true,"href":"https:\/\/calatorinromania.com\/index.php?rest_route=%2Fwp%2Fv2%2Ftags&post=40702"}],"curies":[{"name":"wp","href":"https:\/\/api.w.org\/{rel}","templated":true}]}}