{"id":40700,"date":"2025-07-17T09:13:50","date_gmt":"2025-07-17T09:13:50","guid":{"rendered":"https:\/\/calatorinromania.com\/?p=40700"},"modified":"2025-07-17T09:13:51","modified_gmt":"2025-07-17T09:13:51","slug":"mama-m-a-pus-sa-astept-pe-o-banca-si-nu-am-mai-vazut-o-decat-multi-ani-mai-tarziu-continuarea","status":"publish","type":"post","link":"https:\/\/calatorinromania.com\/?p=40700","title":{"rendered":"<strong>\u201dMama m-a pus s\u0103 a\u0219tept pe o banc\u0103\u2026 \u0219i nu am mai v\u0103zut-o dec\u00e2t mul\u021bi ani mai t\u00e2rziu\u201d \u2013 continuarea<\/strong>"},"content":{"rendered":"\n<p>Mama m-a pus s\u0103 a\u0219tept pe o banc\u0103\u2026 \u0219i nu am mai v\u0103zut-o dec\u00e2t mul\u021bi ani mai t\u00e2rziu.<\/p>\n\n\n\n<p>M\u0103 numesc Nicolae \u0219i am crescut \u00eentr-o familie care, la prima vedere, p\u0103rea obi\u0219nuit\u0103, plin\u0103 de afec\u021biune. Mama mea, Elena, \u0219i tata, Radu, erau de nedesp\u0103r\u021bit. El lucra ca \u0219ef de echip\u0103 \u00eentr-o fabric\u0103 din or\u0103\u0219elul nostru, Sl\u0103tioara, iar mama \u00ee\u0219i dedica tot timpul grijii pentru mine.<\/p>\n\n\n\n<p>Eram singurul lor copil \u0219i \u00een acei ani plini de inocen\u021b\u0103, credeam c\u0103 nimic nu avea s\u0103 ne despart\u0103 vreodat\u0103.<\/p>\n\n\n\n<p>Totul s-a n\u0103ruit \u00eens\u0103, pe nea\u0219teptate. Tata a fost dat afar\u0103 de la fabric\u0103. Nu pricepeam exact ce \u00eensemna asta, dar l-am v\u0103zut cum s-a schimbat: a devenit posomor\u00e2t, retras, de parc\u0103 un nor negru l-ar fi \u00eenghi\u021bit. Cur\u00e2nd a g\u0103sit o alt\u0103 slujb\u0103, \u00eens\u0103 banii se scurgeau printre degete.<\/p>\n\n\n\n<p>\u00cen serile acelea, \u021bipetele mamei umpleau apartamentul nostru mic, acompaniate de clinchetul farfuriilor sparte \u00een timpul certurilor. Vocile lor se izbeau de pere\u021bi, iar eu m\u0103 ascundeam sub p\u0103tur\u0103, tremur\u00e2nd, dorindu-mi doar lini\u0219te.<\/p>\n\n\n\n<p>A venit apoi ziua care mi-a sf\u00e2\u0219iat lumea. Tata a aflat c\u0103 mama se vedea pe ascuns cu alt b\u0103rbat. A fost un co\u0219mar: \u021bipete, lacrimi \u0219i apoi bubuitul u\u0219ii tr\u00e2ntite de tat\u0103l meu, care ne-a p\u0103r\u0103sit, l\u0103s\u00e2ndu-ne \u00eentr-o t\u0103cere chinuitoare.<\/p>\n\n\n\n<p>Mi-era at\u00e2t de dor de el, \u00eenc\u00e2t sim\u021beam c\u0103 inima \u00eemi va cr\u0103pa. \u00cei ceream mamei s\u0103 m\u0103 duc\u0103 la el, dar ea izbucnea furioas\u0103: \u201eE vina lui, Nicolae! Ne-a tr\u0103dat, un nenorocit!\u201d Vorbele ei t\u0103iau ad\u00e2nc, \u00eens\u0103 sufletul meu continua s\u0103 \u00eel doreasc\u0103 pe tata.<\/p>\n\n\n\n<p>\u00centr-o diminea\u021b\u0103, mama s-a apropiat cu un z\u00e2mbet ciudat, de parc\u0103 ar fi scos din ad\u00e2ncul amintirilor. \u201e\u00cempacheteaz\u0103-\u021bi lucrurile, dragule, mergem la mare!\u201d, a spus vesel\u0103. M-am luminat pe loc \u2014 marea! Visul meu devenea realitate. Ea deja \u00eendesa lucruri \u00eentr-o valiz\u0103 veche, iar c\u00e2nd am vrut s\u0103-mi iau camioanele mici, m-a oprit: \u201eAcolo \u00ee\u021bi voi lua juc\u0103rii mult mai frumoase.\u201d Am crezut-o, era mama mea, ad\u0103postul meu.<\/p>\n\n\n\n<p>Am ajuns la autogar\u0103. Mama a cump\u0103rat bilete \u0219i a spus c\u0103 mai avem timp p\u00e2n\u0103 plec\u0103m, c\u0103 facem o mic\u0103 oprire. Ne-am urcat \u00eentr-un autobuz hodorogit, care zdr\u0103ng\u0103nea la fiecare groap\u0103. Eu priveam pe geam, vis\u00e2nd la valuri \u0219i castele de nisip. P\u00e2n\u0103 c\u00e2nd am cobor\u00e2t \u00een fa\u021ba unei case cenu\u0219ii, cu tencuiala scorojit\u0103. Mama mi-a f\u0103cut semn s\u0103 m\u0103 a\u0219ez pe banca de afar\u0103: \u201eStai aici, Nicolae, merg s\u0103 iau o \u00eenghe\u021bat\u0103. Nu te mi\u0219ca de aici.\u201d Am dat din cap \u0219i m-am a\u0219ezat cuminte.<\/p>\n\n\n\n<p>A trecut o or\u0103, apoi \u00eenc\u0103 una. Mama nu se \u00eentorcea. Soarele s-a l\u0103sat, v\u00e2ntul s-a \u00eente\u021bit, iar \u00een piept mi s-a str\u00e2ns o spaim\u0103 cumplit\u0103. Priveam spre ferestrele casei, sper\u00e2nd s\u0103-i z\u0103resc silueta cu \u00eenghe\u021bata promis\u0103. Dar nu ap\u0103rea. C\u00e2nd noaptea a c\u0103zut de-a binelea, iar \u00eentunericul m-a \u00eenv\u0103luit, m-am f\u0103cut ghem pe banc\u0103, cu lacrimile \u0219iroindu-mi pe obraji, strig\u00e2nd-o \u00een zadar. Epuizat, am adormit, tremur\u00e2nd.<\/p>\n\n\n\n<p>C\u00e2nd am deschis ochii, nu mai eram pe banc\u0103, ci \u00eentr-un pat cald, \u00eentr-o camer\u0103 necunoscut\u0103. O clip\u0103 am crezut c\u0103 mama s-a \u00eentors dup\u0103 mine. \u201eMam\u0103!\u201d am strigat, dar \u00een u\u0219\u0103 a ap\u0103rut\u2026 tata. Dup\u0103 el a intrat o femeie pe care nu o mai v\u0103zusem. M-am ridicat brusc, inima zb\u0103t\u00e2ndu-mi-se: \u201eTat\u0103! Unde e mama? A zis c\u0103 merge s\u0103 ia o \u00eenghe\u021bat\u0103\u2026 s-a pierdut? Ce s-a \u00eent\u00e2mplat?\u201d<\/p>\n\n\n\n<p>Tata s-a a\u0219ezat l\u00e2ng\u0103 mine, cu o fa\u021b\u0103 serioas\u0103, aproape \u00eempietrit\u0103. Mi-a luat m\u00e2na \u0219i a spus cuvinte care m-au marcat pe via\u021b\u0103: \u201eNicolae, mama ta ne-a p\u0103r\u0103sit. A plecat \u0219i nu se va mai \u00eentoarce.\u201d P\u0103m\u00e2ntul mi s-a surpat sub picioare. Nu puteam s\u0103 cred.<\/p>\n\n\n\n<p>Mamele nu \u00ee\u0219i abandoneaz\u0103 copiii! Am izbucnit \u00een pl\u00e2ns, am urlat c\u0103 e o minciun\u0103, c\u0103 mi-a promis c\u0103 vom merge la mare. Dar tata m-a str\u00e2ns tare la piept \u0219i a repetat: \u201eNu se mai \u00eentoarce, fiule.\u201d Nu a \u00eencercat s\u0103 \u00eendulceasc\u0103 deloc adev\u0103rul.<\/p>\n\n\n\n<p>Anii au trecut. Tata \u0219i cu mine ne-am mutat \u00een alt ora\u0219, V\u0103lenii de Sus. Femeia care era cu el se numea Valeria. La \u00eenceput am respins-o, dar era bl\u00e2nd\u0103 \u0219i r\u0103bd\u0103toare, iar \u00een timp am ajuns s\u0103-i spun mam\u0103. A venit pe lume fr\u0103\u021biorul meu, Darius, \u0219i pentru prima dat\u0103 am sim\u021bit din nou c\u0103 am o familie \u2014 o cas\u0103 plin\u0103 de c\u0103ldur\u0103, f\u0103r\u0103 certuri \u0219i desp\u0103r\u021biri.<\/p>\n\n\n\n<p>Mai t\u00e2rziu, c\u00e2nd am fost destul de mare, tata mi-a povestit tot. \u00cen diminea\u021ba dup\u0103 ce m-a l\u0103sat pe banc\u0103, mama \u00eel sunase, i-a spus unde m\u0103 g\u0103se\u0219te \u0219i apoi a \u00eenchis. A pierdut drepturile de mam\u0103, iar eu n-am mai \u0219tiut nimic despre ea. Via\u021ba \u0219i-a urmat cursul: ne-am mutat \u00eentr-o locuin\u021b\u0103 mai mare, am mers la \u0219coal\u0103, am terminat liceul \u0219i am intrat la facultate\u2026<\/p>\n\n\n\n<p>Anii de facultate au trecut ca un vis, iar \u00eentr-o vacan\u021b\u0103 de var\u0103, am decis s\u0103 fac voluntariat la un centru pentru copii abandona\u021bi. Acolo, printre al\u021bi tineri, am cunoscut-o pe Ana, o fat\u0103 vesel\u0103, cu ochi calzi, care p\u0103rea s\u0103 \u00een\u021beleag\u0103 dintr-o privire ce \u00eenseamn\u0103 dorul. Povestind despre familiile noastre, i-am spus istoria mea, iar ea m-a ascultat f\u0103r\u0103 s\u0103 judece, doar \u021bin\u00e2ndu-m\u0103 de m\u00e2n\u0103.<\/p>\n\n\n\n<p>Ne-am apropiat tot mai mult \u0219i, dup\u0103 c\u00e2\u021biva ani, ne-am c\u0103s\u0103torit. Tat\u0103l meu \u0219i Valeria au fost nespus de m\u00e2ndri, iar Darius, deja adolescent, a \u021binut un discurs emo\u021bionant la nunt\u0103. Ne-am mutat \u00eenapoi \u00een V\u0103lenii de Sus, aproape de casa copil\u0103riei mele. Acolo am cump\u0103rat o cas\u0103 luminoas\u0103, cu o curte plin\u0103 de trandafiri.<\/p>\n\n\n\n<p>Ani mai t\u00e2rziu, Ana mi-a d\u0103ruit dou\u0103 feti\u021be gemene, Irina \u0219i Mara. \u00cen serile lini\u0219tite, le citeam pove\u0219ti \u0219i le priveam adormind \u00een timp ce se \u021bineau de m\u00e2n\u0103, cu z\u00e2mbete senine pe chip. \u0218i atunci \u0219tiam, cu o certitudine care \u00eemi umplea inima de pace: via\u021ba mea, de\u0219i fr\u00e2nt\u0103 odinioar\u0103, \u00ee\u0219i g\u0103sise drumul spre lumin\u0103 \u0219i spre iubire adev\u0103rat\u0103.<\/p>\n\n\n\n<p>Dac\u0103 \u021bi-a pl\u0103cut povestea, nu uita s\u0103 o distribui cu prietenii t\u0103i! \u00cempreun\u0103 putem duce mai departe emo\u021bia \u0219i inspira\u021bia.<\/p>\n\n\n\n<p>\u201dAceast\u0103 poveste este inspirat\u0103 din evenimente \u0219i persoane reale, \u00eens\u0103 a fost fic\u021bionalizat\u0103 \u00een scopuri creative. Numele, personajele \u0219i detaliile au fost schimbate pentru a proteja intimitatea \u0219i pentru a \u00eembun\u0103t\u0103\u021bi nara\u021biunea. Orice asem\u0103nare cu persoane reale, sau cu evenimente reale este pur \u00eent\u00e2mpl\u0103toare \u0219i nu este inten\u021bionat\u0103 de c\u0103tre autor.<\/p>\n\n\n\n<p>Autorul \u0219i editorul nu \u00ee\u0219i asum\u0103 responsabilitatea pentru exactitatea evenimentelor sau pentru modul \u00een care sunt portretizate personajele \u0219i nu sunt r\u0103spunz\u0103tori pentru eventuale interpret\u0103ri gre\u0219ite. Aceast\u0103 poveste este oferit\u0103 \u201eca atare\u201d, iar orice opinii exprimate apar\u021bin personajelor \u0219i nu reflect\u0103 punctele de vedere ale autorului sau ale editorului.\u201d<\/p>\n","protected":false},"excerpt":{"rendered":"<p>Mama m-a pus s\u0103 a\u0219tept pe o banc\u0103\u2026 \u0219i nu am mai v\u0103zut-o dec\u00e2t mul\u021bi ani mai t\u00e2rziu. M\u0103 numesc Nicolae \u0219i am crescut \u00eentr-o<\/p>\n","protected":false},"author":1,"featured_media":40636,"comment_status":"closed","ping_status":"closed","sticky":false,"template":"","format":"standard","meta":[],"categories":[1],"tags":[],"_links":{"self":[{"href":"https:\/\/calatorinromania.com\/index.php?rest_route=\/wp\/v2\/posts\/40700"}],"collection":[{"href":"https:\/\/calatorinromania.com\/index.php?rest_route=\/wp\/v2\/posts"}],"about":[{"href":"https:\/\/calatorinromania.com\/index.php?rest_route=\/wp\/v2\/types\/post"}],"author":[{"embeddable":true,"href":"https:\/\/calatorinromania.com\/index.php?rest_route=\/wp\/v2\/users\/1"}],"replies":[{"embeddable":true,"href":"https:\/\/calatorinromania.com\/index.php?rest_route=%2Fwp%2Fv2%2Fcomments&post=40700"}],"version-history":[{"count":1,"href":"https:\/\/calatorinromania.com\/index.php?rest_route=\/wp\/v2\/posts\/40700\/revisions"}],"predecessor-version":[{"id":40701,"href":"https:\/\/calatorinromania.com\/index.php?rest_route=\/wp\/v2\/posts\/40700\/revisions\/40701"}],"wp:featuredmedia":[{"embeddable":true,"href":"https:\/\/calatorinromania.com\/index.php?rest_route=\/wp\/v2\/media\/40636"}],"wp:attachment":[{"href":"https:\/\/calatorinromania.com\/index.php?rest_route=%2Fwp%2Fv2%2Fmedia&parent=40700"}],"wp:term":[{"taxonomy":"category","embeddable":true,"href":"https:\/\/calatorinromania.com\/index.php?rest_route=%2Fwp%2Fv2%2Fcategories&post=40700"},{"taxonomy":"post_tag","embeddable":true,"href":"https:\/\/calatorinromania.com\/index.php?rest_route=%2Fwp%2Fv2%2Ftags&post=40700"}],"curies":[{"name":"wp","href":"https:\/\/api.w.org\/{rel}","templated":true}]}}