{"id":40696,"date":"2025-07-17T09:08:41","date_gmt":"2025-07-17T09:08:41","guid":{"rendered":"https:\/\/calatorinromania.com\/?p=40696"},"modified":"2025-07-17T09:08:41","modified_gmt":"2025-07-17T09:08:41","slug":"esti-doar-o-femeie-de-serviciu-cunoaste-ti-locul-continuarea-2","status":"publish","type":"post","link":"https:\/\/calatorinromania.com\/?p=40696","title":{"rendered":"\u201eE\u0219ti doar o femeie de serviciu, cunoa\u0219te-\u021bi locul!\u201d \u2013 continuarea"},"content":{"rendered":"\n<p>\u201eE\u0219ti doar o femeie de serviciu, cunoa\u0219te-\u021bi locul!\u201d \u2014 i-a spus \u0219eful. Dar nimeni nu \u0219tia cine era ea cu adev\u0103rat\u2026 P\u00e2n\u0103 \u00eentr-o zi, c\u00e2nd tot biroul a r\u0103mas uimit\u2026<\/p>\n\n\n\n<p><\/p>\n\n\n\n<p>Alina lucra ca femeie de serviciu pentru o mare companie de construc\u021bii din Cluj-Napoca. \u00cen pelerina ei gri, u\u0219or larg\u0103, cu o e\u0219arf\u0103 legat\u0103 pe frunte, p\u0103rea o umbr\u0103. Imaginea era completat\u0103 de m\u0103nu\u0219ile galbene din cauciuc, care p\u0103reau s\u0103 fi crescut direct din m\u00e2inile ei. Aproape c\u0103 se contopea cu spa\u021biul, devenind parte din decorul biroului.<\/p>\n\n\n\n<p><\/p>\n\n\n\n<p>Colegii treceau zilnic pe l\u00e2ng\u0103 ea f\u0103r\u0103 s\u0103 o observe, o loveau din gre\u0219eal\u0103, o c\u0103lcau pe picioare, \u00eens\u0103 Alina nu se pl\u00e2ngea niciodat\u0103. Nu privea pe nimeni \u00een ochi, nu vorbea deloc \u0219i, \u00eenc\u0103 din prima zi de munc\u0103, se comporta de parc\u0103 nu ar fi existat. \u00cen doi ani, nimeni nu \u0219tia nimic despre ea.<\/p>\n\n\n\n<p><\/p>\n\n\n\n<p>Cur\u0103\u021ba \u00een t\u0103cere coridoarele, d\u0103dea cu mopul pe jos, goli co\u0219urile de gunoi \u0219i disp\u0103rea la fel de discret cum ap\u0103rea. Seara aceea p\u0103rea la fel ca toate celelalte.<\/p>\n\n\n\n<p><\/p>\n\n\n\n<p>Biroul era gol, angaja\u021bii \u00ee\u0219i terminaser\u0103 treaba, \u00ee\u0219i str\u00e2nseser\u0103 laptopurile \u0219i plecaser\u0103 acas\u0103. Alina a intrat \u00een biroul directorului general cu o g\u0103leat\u0103 \u0219i un mop. \u0218eful plecase deja, a\u0219a c\u0103 putea face curat \u00een lini\u0219te. Dar, deodat\u0103, u\u0219a s-a tr\u00e2ntit.<\/p>\n\n\n\n<p>O discu\u021bie aprins\u0103 a oprit-o \u00een mijlocul mi\u0219c\u0103rii. Pavel Vasile, directorul general al companiei, a intrat val-v\u00e2rtej, urmat de adjunctul s\u0103u, Victor Stan. Se certau.<\/p>\n\n\n\n<p>\u2014 M\u00e2ine avem negocieri cu partenerii japonezi, dar nu avem interpret, \u2014 izbucni Pavel, vizibil iritat. O s\u0103 pierdem contractul.<\/p>\n\n\n\n<p>Alina \u00ee\u0219i plec\u0103 u\u0219or capul, dar continu\u0103 s\u0103 \u0219tearg\u0103 pervazul.<\/p>\n\n\n\n<p>\u2014 Atunci caut\u0103 o agen\u021bie de traduceri, \u2014 suger\u0103 Victor.<\/p>\n\n\n\n<p>\u2014 Am \u00eencercat deja, \u2014 replic\u0103 Pavel, nervos. La ultima colaborare, au tradus at\u00e2t de prost \u00eenc\u00e2t japonezii aproape c\u0103 au abandonat proiectul. Nu-mi permit s\u0103 risc din nou.<\/p>\n\n\n\n<p>Victor se \u00eencrunt\u0103.<\/p>\n\n\n\n<p>\u2014 Atunci trebuie s\u0103 g\u0103sim alt\u0103 solu\u021bie.<\/p>\n\n\n\n<p>\u2014 Care solu\u021bie? \u2014 Un interpret de japonez\u0103 simultan\u0103 nu se \u00eenva\u021b\u0103 peste noapte.<\/p>\n\n\n\n<p>Se l\u0103s\u0103 o t\u0103cere ap\u0103s\u0103toare \u00een birou. Alina puse jos g\u0103leata, se \u00eendrept\u0103 de spate \u0219i spuse calm:<\/p>\n\n\n\n<p>\u2014 Pot s\u0103 ajut eu.<\/p>\n\n\n\n<p>\u2014 E\u0219ti doar o femeie de serviciu, cunoa\u0219te-\u021bi locul! \u2014 i-a t\u0103iat scurt Pavel, exasperat.<\/p>\n\n\n\n<p>A doua zi, tot biroul a r\u0103mas cu gurile c\u0103scate\u2026<\/p>\n\n\n\n<p>A doua zi diminea\u021b\u0103, la ora stabilit\u0103 pentru \u00eent\u00e2lnirea cu delega\u021bia japonez\u0103, Alina a intrat \u00een sala de \u0219edin\u021be \u00eembr\u0103cat\u0103 elegant, \u00eentr-un costum bleumarin simplu, cu p\u0103rul str\u00e2ns la spate. Nimeni nu o recunoscuse din prima clip\u0103. Pavel \u0219i Victor au r\u0103mas \u00eenm\u0103rmuri\u021bi.<\/p>\n\n\n\n<p>\u2014 Bun\u0103 diminea\u021ba. Sunt Alina Pop, \u0219i ast\u0103zi voi fi interpretul dumneavoastr\u0103, \u2014 spuse ea \u00eentr-o rom\u00e2n\u0103 impecabil\u0103, apoi se \u00eentoarse spre oaspe\u021bi \u0219i \u00eei salut\u0103 fluent \u00een japonez\u0103.<\/p>\n\n\n\n<p>Reprezentan\u021bii japonezi au z\u00e2mbit larg \u0219i s-au \u00eenclinat respectuos. \u00cen urm\u0103toarele ore, \u00eent\u00e2lnirea a decurs perfect. Alina traducea rapid, calm \u0219i cu o naturale\u021be care \u00eei impresiona pe to\u021bi. Atmosfera, la \u00eenceput tensionat\u0103, deveni destins\u0103, iar partenerii str\u0103ini \u00eencepur\u0103 chiar s\u0103 glumeasc\u0103, semn clar c\u0103 discu\u021biile mergeau \u00een direc\u021bia bun\u0103.<\/p>\n\n\n\n<p>La final, delega\u021bia japonez\u0103 s-a ridicat \u0219i a dat m\u00e2na cu directorul companiei, l\u0103ud\u00e2nd profesionalismul \u201edoamnei interpret\u201d. Dup\u0103 ce au plecat, Pavel a r\u0103mas \u021bintuit locului, privind-o pe Alina cu o expresie st\u00e2njenit\u0103.<\/p>\n\n\n\n<p>\u2014 Alina\u2026 nu \u0219tiu cum s\u0103 \u00ee\u021bi mul\u021bumesc. Dac\u0103 nu erai tu, probabil pierdeam tot.<\/p>\n\n\n\n<p>\u2014 Nu-i nimic, domnule director, \u2014 r\u0103spunse ea z\u00e2mbind cald. \u2014 Eu doar mi-am f\u0103cut datoria.<\/p>\n\n\n\n<p>\u00cen zilele urm\u0103toare, to\u021bi colegii care alt\u0103dat\u0103 o ignorau o salutau respectuos pe holuri. Pavel \u00eei oferise un nou post, cu salariu dublu, drept responsabil\u0103 cu rela\u021biile interna\u021bionale ale companiei.<\/p>\n\n\n\n<p>La c\u00e2teva luni dup\u0103 acel eveniment, \u00een holul principal al cl\u0103dirii, pe un panou modern, str\u0103lucea o fotografie mare: Alina, \u00een timpul unei \u00eent\u00e2lniri cu investitori din Tokyo. Sub fotografie scria simplu: \u201eOmul care a adus compania noastr\u0103 la urm\u0103torul nivel.\u201d<\/p>\n\n\n\n<p>Alina trecea adesea pe l\u00e2ng\u0103 acel panou, u\u0219or jenat\u0103, dar \u0219i m\u00e2ndr\u0103. \u0218tia \u00eens\u0103 c\u0103 adev\u0103rata ei satisfac\u021bie venea din lini\u0219tea sufletului: muncise din umbr\u0103, dar la momentul potrivit, \u00ee\u0219i ar\u0103tase adev\u0103rata valoare. Iar acum avea parte de respect, prietenie \u0219i o via\u021b\u0103 mult mai luminoas\u0103 dec\u00e2t \u00ee\u0219i imaginase vreodat\u0103.<\/p>\n\n\n\n<p>Dac\u0103 \u021bi-a pl\u0103cut povestea, nu uita s\u0103 o distribui cu prietenii t\u0103i! \u00cempreun\u0103 putem duce mai departe emo\u021bia \u0219i inspira\u021bia.<\/p>\n\n\n\n<p>\u201dAceast\u0103 poveste este inspirat\u0103 din evenimente \u0219i persoane reale, \u00eens\u0103 a fost fic\u021bionalizat\u0103 \u00een scopuri creative. Numele, personajele \u0219i detaliile au fost schimbate pentru a proteja intimitatea \u0219i pentru a \u00eembun\u0103t\u0103\u021bi nara\u021biunea. Orice asem\u0103nare cu persoane reale, sau cu evenimente reale este pur \u00eent\u00e2mpl\u0103toare \u0219i nu este inten\u021bionat\u0103 de c\u0103tre autor.<\/p>\n\n\n\n<p>Autorul \u0219i editorul nu \u00ee\u0219i asum\u0103 responsabilitatea pentru exactitatea evenimentelor sau pentru modul \u00een care sunt portretizate personajele \u0219i nu sunt r\u0103spunz\u0103tori pentru eventuale interpret\u0103ri gre\u0219ite. Aceast\u0103 poveste este oferit\u0103 \u201eca atare\u201d, iar orice opinii exprimate apar\u021bin personajelor \u0219i nu reflect\u0103 punctele de vedere ale autorului sau ale editorului.\u201d<\/p>\n","protected":false},"excerpt":{"rendered":"<p>\u201eE\u0219ti doar o femeie de serviciu, cunoa\u0219te-\u021bi locul!\u201d \u2014 i-a spus \u0219eful. Dar nimeni nu \u0219tia cine era ea cu adev\u0103rat\u2026 P\u00e2n\u0103 \u00eentr-o zi, c\u00e2nd<\/p>\n","protected":false},"author":1,"featured_media":40636,"comment_status":"closed","ping_status":"closed","sticky":false,"template":"","format":"standard","meta":[],"categories":[1],"tags":[],"_links":{"self":[{"href":"https:\/\/calatorinromania.com\/index.php?rest_route=\/wp\/v2\/posts\/40696"}],"collection":[{"href":"https:\/\/calatorinromania.com\/index.php?rest_route=\/wp\/v2\/posts"}],"about":[{"href":"https:\/\/calatorinromania.com\/index.php?rest_route=\/wp\/v2\/types\/post"}],"author":[{"embeddable":true,"href":"https:\/\/calatorinromania.com\/index.php?rest_route=\/wp\/v2\/users\/1"}],"replies":[{"embeddable":true,"href":"https:\/\/calatorinromania.com\/index.php?rest_route=%2Fwp%2Fv2%2Fcomments&post=40696"}],"version-history":[{"count":1,"href":"https:\/\/calatorinromania.com\/index.php?rest_route=\/wp\/v2\/posts\/40696\/revisions"}],"predecessor-version":[{"id":40697,"href":"https:\/\/calatorinromania.com\/index.php?rest_route=\/wp\/v2\/posts\/40696\/revisions\/40697"}],"wp:featuredmedia":[{"embeddable":true,"href":"https:\/\/calatorinromania.com\/index.php?rest_route=\/wp\/v2\/media\/40636"}],"wp:attachment":[{"href":"https:\/\/calatorinromania.com\/index.php?rest_route=%2Fwp%2Fv2%2Fmedia&parent=40696"}],"wp:term":[{"taxonomy":"category","embeddable":true,"href":"https:\/\/calatorinromania.com\/index.php?rest_route=%2Fwp%2Fv2%2Fcategories&post=40696"},{"taxonomy":"post_tag","embeddable":true,"href":"https:\/\/calatorinromania.com\/index.php?rest_route=%2Fwp%2Fv2%2Ftags&post=40696"}],"curies":[{"name":"wp","href":"https:\/\/api.w.org\/{rel}","templated":true}]}}