{"id":40686,"date":"2025-07-17T08:28:25","date_gmt":"2025-07-17T08:28:25","guid":{"rendered":"https:\/\/calatorinromania.com\/?p=40686"},"modified":"2025-07-17T08:28:26","modified_gmt":"2025-07-17T08:28:26","slug":"manastirea-din-romania-in-care-se-intampla-adevarate-miracole-locul-in-care-orice-dorinta-ti-se-indeplineste","status":"publish","type":"post","link":"https:\/\/calatorinromania.com\/?p=40686","title":{"rendered":"M\u0103n\u0103stirea din Rom\u00e2nia \u00een care se \u00eent\u00e2mpl\u0103 adev\u0103rate miracole! Locul \u00een care orice dorin\u0163\u0103 \u0163i se \u00eendepline\u015fte"},"content":{"rendered":"\n<h3>M\u0103n\u0103stirea Vorone\u021b \u2013 \u201eCapela Sixtin\u0103 a Estului\u201d, locul unde dorin\u021bele prind via\u021b\u0103<\/h3>\n\n\n\n<p><\/p>\n\n\n\n<p>\u00cen Rom\u00e2nia exist\u0103 un loc de o frumuse\u021be aparte, unde oamenii vin cu speran\u021ba c\u0103 rug\u0103ciunile lor vor fi ascultate. Supranumit\u0103\u00a0<em>\u201eCapela Sixtin\u0103 a Estului\u201d<\/em>, M\u0103n\u0103stirea Vorone\u021b este un simbol al credin\u021bei \u0219i al artei bizantine, atr\u0103g\u00e2nd pelerini \u0219i turi\u0219ti din \u00eentreaga lume.<\/p>\n\n\n\n<p><\/p>\n\n\n\n<h3>O capodoper\u0103 a artei medievale<\/h3>\n\n\n\n<p><\/p>\n\n\n\n<p>Situat\u0103 la doar 4 kilometri de Gura Humorului \u0219i 36 de kilometri de Suceava, M\u0103n\u0103stirea Vorone\u021b este una dintre cele mai valoroase ctitorii ale domnitorului \u0218tefan cel Mare. Construit\u0103 \u00een 1488, m\u0103n\u0103stirea impresioneaz\u0103 prin faimosul\u00a0<em>albastru de Vorone\u021b<\/em>, o culoare unic\u0103, care a rezistat trecerii timpului \u0219i intemperiilor.<\/p>\n\n\n\n<p><\/p>\n\n\n\n<h3>Loc de rug\u0103ciune \u0219i istorie<\/h3>\n\n\n\n<p><\/p>\n\n\n\n<p>Legenda spune c\u0103 \u0218tefan cel Mare a ridicat m\u0103n\u0103stirea \u00een semn de recuno\u0219tin\u021b\u0103 fa\u021b\u0103 de pustnicul Daniil Sihastru, care l-a sf\u0103tuit s\u0103 continue lupta \u00eempotriva turcilor. Dup\u0103 victorie, domnitorul a respectat promisiunea f\u0103cut\u0103 \u0219i a construit acest l\u0103ca\u0219 de cult, devenit azi un important punct de pelerinaj.<\/p>\n\n\n\n<p><\/p>\n\n\n\n<p>Se spune c\u0103 cei care se roag\u0103 aici pot tr\u0103i adev\u0103rate miracole, motiv pentru care m\u0103n\u0103stirea este vizitat\u0103 zilnic de credincio\u0219i din toate col\u021burile \u021b\u0103rii. Pe l\u00e2ng\u0103 spiritualitatea locului, turi\u0219tii vin \u0219i pentru frumuse\u021bea arhitecturii \u0219i a peisajelor din jur.<\/p>\n\n\n\n<p><\/p>\n\n\n\n<h3>Un monument istoric recunoscut interna\u021bional<\/h3>\n\n\n\n<p><\/p>\n\n\n\n<p>Dup\u0103 1918, M\u0103n\u0103stirea Vorone\u021b a fost declarat\u0103 monument istoric, fiind considerat\u0103 o adev\u0103rat\u0103\u00a0<em>Biblie \u00een imagini<\/em>, datorit\u0103 frescelor spectaculoase care \u00eempodobesc pere\u021bii exteriori. Acoperi\u0219ul s\u0103u special, cu form\u0103 de cort, protejeaz\u0103 picturile de intemperii, contribuind la p\u0103strarea acestora de-a lungul secolelor.<\/p>\n\n\n\n<p><\/p>\n\n\n\n<p>Ast\u0103zi, M\u0103n\u0103stirea Vorone\u021b r\u0103m\u00e2ne unul dintre cele mai importante obiective turistice \u0219i religioase din Rom\u00e2nia, un loc unde istoria, credin\u021ba \u0219i arta se \u00eempletesc armonios.<\/p>\n","protected":false},"excerpt":{"rendered":"<p>M\u0103n\u0103stirea Vorone\u021b \u2013 \u201eCapela Sixtin\u0103 a Estului\u201d, locul unde dorin\u021bele prind via\u021b\u0103 \u00cen Rom\u00e2nia exist\u0103 un loc de o frumuse\u021be aparte, unde oamenii vin cu<\/p>\n","protected":false},"author":1,"featured_media":40687,"comment_status":"closed","ping_status":"closed","sticky":false,"template":"","format":"standard","meta":[],"categories":[1],"tags":[],"_links":{"self":[{"href":"https:\/\/calatorinromania.com\/index.php?rest_route=\/wp\/v2\/posts\/40686"}],"collection":[{"href":"https:\/\/calatorinromania.com\/index.php?rest_route=\/wp\/v2\/posts"}],"about":[{"href":"https:\/\/calatorinromania.com\/index.php?rest_route=\/wp\/v2\/types\/post"}],"author":[{"embeddable":true,"href":"https:\/\/calatorinromania.com\/index.php?rest_route=\/wp\/v2\/users\/1"}],"replies":[{"embeddable":true,"href":"https:\/\/calatorinromania.com\/index.php?rest_route=%2Fwp%2Fv2%2Fcomments&post=40686"}],"version-history":[{"count":1,"href":"https:\/\/calatorinromania.com\/index.php?rest_route=\/wp\/v2\/posts\/40686\/revisions"}],"predecessor-version":[{"id":40688,"href":"https:\/\/calatorinromania.com\/index.php?rest_route=\/wp\/v2\/posts\/40686\/revisions\/40688"}],"wp:featuredmedia":[{"embeddable":true,"href":"https:\/\/calatorinromania.com\/index.php?rest_route=\/wp\/v2\/media\/40687"}],"wp:attachment":[{"href":"https:\/\/calatorinromania.com\/index.php?rest_route=%2Fwp%2Fv2%2Fmedia&parent=40686"}],"wp:term":[{"taxonomy":"category","embeddable":true,"href":"https:\/\/calatorinromania.com\/index.php?rest_route=%2Fwp%2Fv2%2Fcategories&post=40686"},{"taxonomy":"post_tag","embeddable":true,"href":"https:\/\/calatorinromania.com\/index.php?rest_route=%2Fwp%2Fv2%2Ftags&post=40686"}],"curies":[{"name":"wp","href":"https:\/\/api.w.org\/{rel}","templated":true}]}}