{"id":40681,"date":"2025-07-16T09:09:39","date_gmt":"2025-07-16T09:09:39","guid":{"rendered":"https:\/\/calatorinromania.com\/?p=40681"},"modified":"2025-07-16T09:09:39","modified_gmt":"2025-07-16T09:09:39","slug":"am-gasit-o-fetita-langa-calea-ferata-si-am-crescut-o-ca-pe-fiica-mea","status":"publish","type":"post","link":"https:\/\/calatorinromania.com\/?p=40681","title":{"rendered":"Am g\u0103sit o feti\u021b\u0103 l\u00e2ng\u0103 calea ferat\u0103 \u0219i am crescut-o ca pe fiica mea"},"content":{"rendered":"\n<p>\u201e\u2014 Ce-i aia? \u2014 M-am oprit la jum\u0103tatea drumului spre gar\u0103, ascult\u00e2nd cu aten\u021bie.<br>Un pl\u00e2ns venea din st\u00e2nga \u2014 lini\u0219tit, dar persistent. V\u00e2ntul de februarie \u00eemi g\u00e2dila ceafa \u0219i-mi flutura marginea paltonului. M-am \u00eentors spre calea ferat\u0103, unde, pe fundalul z\u0103pezii albe, se distingea o caban\u0103 \u00eentunecat\u0103 \u0219i abandonat\u0103 a cantonierului.<\/p>\n\n\n\n<p><\/p>\n\n\n\n<p>O Descoperire Subit\u0103<\/p>\n\n\n\n<p><br>O p\u0103tur\u0103 z\u0103cea chiar l\u00e2ng\u0103 \u0219ine. O p\u0103tur\u0103 veche, murdar\u0103, cu o m\u00e2nu\u021b\u0103 minuscul\u0103 ie\u0219ind de sub ea.<br>\u201e\u2014 Dumnezeule\u2026 \u2014 Am ridicat-o de jos.<\/p>\n\n\n\n<p><br>O feti\u021b\u0103. Cam de un an, poate pu\u021bin mai pu\u021bin. Buzele \u00eei erau alb\u0103strui, dar respira. Pl\u00e2ngea abia audibil \u2014 aproape f\u0103r\u0103 putere.<\/p>\n\n\n\n<p><\/p>\n\n\n\n<p>Mi-am deschis paltonul, am str\u00e2ns bebelu\u0219ul la mine \u0219i am alergat \u00eenapoi \u00een sat \u2014 la paramedicul Marya Petrovna.<\/p>\n\n\n\n<p><br>\u201e\u2014 Zina, de unde ai luat-o? \u2014 a luat ea cu bl\u00e2nde\u021be copilul.<br>\u201e\u2014 Am g\u0103sit-o l\u00e2ng\u0103 \u0219ine. Z\u0103cea pur \u0219i simplu \u00een z\u0103pad\u0103.<br>\u201e\u2014 Abandonat\u0103, deci. Trebuie s\u0103 anun\u021b\u0103m poli\u021bia.<br>\u201e\u2014 Ce poli\u021bie! \u2014 Am str\u00e2ns feti\u021ba din nou la piept. \u2014 Va \u00eenghe\u021ba pe drum.<\/p>\n\n\n\n<p>Marya Petrovna a oftat \u0219i a luat lapte praf din dulap.<br>\u201e\u2014 Asta va fi de ajuns pentru acum. Ce pl\u0103nuie\u0219ti s\u0103 faci \u00een continuare?\u201d<br>Am privit fa\u021ba minuscul\u0103. A \u00eencetat s\u0103 mai pl\u00e2ng\u0103 \u0219i \u0219i-a \u00eengropat nasul \u00een puloverul meu.<br>\u201e\u2014 O voi cre\u0219te eu. Nu exist\u0103 alt\u0103 cale.\u201d<\/p>\n\n\n\n<p>O Via\u021b\u0103 Nou\u0103<br>Vecinii \u0219opteau pe la spatele meu: \u201eTr\u0103ie\u0219te singur\u0103, treizeci \u0219i cinci de ani, ar fi trebuit s\u0103 se m\u0103rite demult, iar acum adun\u0103 copiii altora.\u201d M\u0103 pref\u0103ceam c\u0103 nu aud.<\/p>\n\n\n\n<p>Ni\u0219te cuno\u0219tin\u021be m-au ajutat cu actele.<br>Am numit-o Alyona. Aceast\u0103 nou\u0103 via\u021b\u0103, abia \u00eenceput\u0103, mi se p\u0103rea at\u00e2t de luminoas\u0103.<\/p>\n\n\n\n<p>\u00cen primele luni, abia am dormit. Febr\u0103 mare, colici, dureri de din\u021bi. O leg\u0103nam \u00een bra\u021be, \u00eei c\u00e2ntam vechi c\u00e2ntece de leag\u0103n pe care le \u021bineam minte de la bunica.<br>\u201e\u2014 Ma! \u2014 a spus ea la zece luni, \u00eentinz\u00e2ndu-mi m\u00e2inile.<br>Am pl\u00e2ns. At\u00e2\u021bia ani singur\u0103, \u0219i deodat\u0103 \u2014 o mam\u0103.<\/p>\n\n\n\n<p>La doi ani, alerga deja prin cas\u0103, alerg\u00e2nd dup\u0103 pisica Vasya. Devenea curioas\u0103, b\u0103g\u00e2ndu-\u0219i nasul peste tot.<br>\u201e\u2014 Baba Galya, uite ce de\u0219teapt\u0103 e fata mea! \u2014 m-am l\u0103udat vecinei. \u2014 \u0218tie toate literele din carte!<br>\u201e\u2014 Serios? La trei ani?<br>\u201e\u2014 Verific\u0103 singur\u0103!<br>Galya ar\u0103ta una dup\u0103 alta literele \u2014 Alyonka le numea pe fiecare f\u0103r\u0103 gre\u0219eli. Apoi a povestit o poveste despre g\u0103ina Ryaba.<\/p>\n\n\n\n<p>La cinci ani, a mers la gr\u0103dini\u021b\u0103 \u00een satul vecin. O duceam acolo cu ma\u0219ini de ocazie. \u00cenv\u0103\u021b\u0103toarea era uimit\u0103 \u2014 cite\u0219te fluent, num\u0103r\u0103 p\u00e2n\u0103 la o sut\u0103.<br>\u201e\u2014 De unde a ap\u0103rut o fat\u0103 at\u00e2t de de\u0219teapt\u0103?<br>\u201e\u2014 Tot satul a crescut-o, \u2014 am r\u00e2s.<\/p>\n\n\n\n<p>M\u00e2ndria Unei Mame<br>A \u00eenceput \u0219coala cu \u00eempletituri lungi p\u00e2n\u0103 la br\u00e2u. \u00cen fiecare diminea\u021b\u0103 i le \u00eempleteam \u0219i-i asortam panglici la rochie. La prima \u0219edin\u021b\u0103 cu p\u0103rin\u021bii, \u00eenv\u0103\u021b\u0103toarea a venit la mine:<br>\u201e\u2014 Zinaida Ivanovna, fiica dumneavoastr\u0103 este extraordinar de talentat\u0103. Astfel de copii sunt rari.\u201d<\/p>\n\n\n\n<p>Inima mi-a s\u0103rit literalmente de m\u00e2ndrie. Fiica mea. Alyonushka mea.<\/p>\n\n\n\n<p>Anii au zburat repede. Alyonka a crescut \u00eentr-o adev\u0103rat\u0103 frumuse\u021be \u2014 \u00eenalt\u0103, supl\u0103, ochi alba\u0219tri ca un cer de var\u0103 senin. A c\u00e2\u0219tigat premii la olimpiadele raionale; profesorii vorbeau frumos despre ea.<br>\u201e\u2014 Mam\u0103, vreau s\u0103 merg la \u0219coala de medicin\u0103, \u2014 a anun\u021bat ea \u00een clasa a zecea.<br>\u201e\u2014 E scump, fiic\u0103. Cum ne vom descurca cu ora\u0219ul, c\u0103minul?<br>\u201e\u2014 Voi prinde un loc la buget! \u2014 ochii ei str\u0103luceau. \u2014 Vei vedea!<\/p>\n\n\n\n<p>\u0218i a\u0219a a fost. Am petrecut absolvirea \u00een lacrimi \u2014 de bucurie \u0219i de fric\u0103. Pentru prima dat\u0103, mergea departe \u2014 \u00een centrul regional.<\/p>\n\n\n\n<p>\u201e\u2014 Nu pl\u00e2nge, mami, \u2014 m-a \u00eembr\u0103\u021bi\u0219at la gar\u0103. \u2014 Voi veni \u00een fiecare weekend.\u201d<br>Bine\u00een\u021beles c\u0103 a min\u021bit. Studiile au absorbit-o complet. Venea o dat\u0103 pe lun\u0103, apoi mai rar. Dar m\u0103 suna \u00een fiecare zi.<\/p>\n\n\n\n<p>\u201e\u2014 Mam\u0103, am avut anatomie dificil\u0103 ast\u0103zi! \u0218i am trecut cu brio!<br>\u201e\u2014 Bravo, draga mea. M\u0103n\u00e2nci bine?<br>\u201e\u2014 Da, mam\u0103. Nu-\u021bi face griji.\u201d<\/p>\n\n\n\n<p>O Iubire Studen\u021beasc\u0103<br>\u00cen al treilea an, s-a \u00eendr\u0103gostit \u2014 de Pasha, colegul ei. L-a adus acas\u0103 \u2014 un tip \u00eenalt, serios. Mi-a str\u00e2ns m\u00e2na cu \u00eencredere, m-a privit direct \u00een ochi.<br>\u201e\u2014 B\u0103iat bun, \u2014 am aprobat eu. \u2014 Doar s\u0103 nu-\u021bi neglijezi studiile.<br>\u201e\u2014 Mam\u0103! \u2014 Alyonka s-a sup\u0103rat. \u2014 Voi absolvi cu onoruri!\u201d<\/p>\n\n\n\n<p>Dup\u0103 universitate, i s-a oferit s\u0103 r\u0103m\u00e2n\u0103 la reziden\u021biat. A ales pediatria \u2014 a decis s\u0103 trateze copii.<br>\u201e\u2014 Tu m-ai \u00eengrijit odat\u0103 p\u00e2n\u0103 m-am \u00eens\u0103n\u0103to\u0219it, \u2014 a spus ea la telefon. \u2014 Acum voi salva pe al\u021bii.\u201d<\/p>\n\n\n\n<p>Vizita satul mai rar. Schimburi, examene. Nu m\u0103 deranja \u2014 \u00een\u021belegeam. Tinere\u021be, ora\u0219, o via\u021b\u0103 nou\u0103.<\/p>\n\n\n\n<p>Adev\u0103rul Iese la Ie\u0219eal\u0103<br>\u00centr-o sear\u0103 m-a sunat pe nea\u0219teptate. Vocea ei suna ciudat:<br>\u201e\u2014 Mam\u0103, pot veni m\u00e2ine? Trebuie s\u0103 vorbim.\u201d<br>\u201e\u2014 Desigur, drag\u0103. Ce s-a \u00eent\u00e2mplat?\u201d<br>\u201e\u2014 \u00ce\u021bi voi spune c\u00e2nd ajung.\u201d<\/p>\n\n\n\n<p>Abia am dormit toat\u0103 noaptea. Inima mea sim\u021bea necazuri.<\/p>\n\n\n\n<p>Alyonka a venit palid\u0103, cu ochii ad\u00e2nci\u021bi. S-a a\u0219ezat la mas\u0103, \u0219i-a turnat ceai, dar m\u00e2inile \u00eei tremurau at\u00e2t de tare \u00eenc\u00e2t abia \u021binea cea\u0219ca.<br>\u201e\u2014 Mam\u0103, au venit ni\u0219te oameni la mine. Ei spun\u2026 c\u0103 sunt p\u0103rin\u021bii mei biologici.<br>Cana mi-a alunecat din m\u00e2ini \u0219i s-a spart pe podea.<br>\u201e\u2014 Cum te-au g\u0103sit?\u201d<br>\u201e\u2014 Prin ni\u0219te conexiuni, au c\u0103utat prin cuno\u0219tin\u021be comune\u2026 Nu \u0219tiu exact. Femeia a pl\u00e2ns. A spus c\u0103 era t\u00e2n\u0103r\u0103 \u0219i nechibzuit\u0103. P\u0103rin\u021bii ei au for\u021bat-o s\u0103 m\u0103 abandoneze. Apoi \u0219i-a petrecut toat\u0103 via\u021ba chinuit\u0103 de regret. A c\u0103utat.\u201d<\/p>\n\n\n\n<p>Am t\u0103cut. A\u0219teptasem \u0219i m\u0103 temusem de acest moment at\u00e2\u021bia ani.<br>\u201e\u2014 \u0218i ce le-ai spus?\u201d<br>\u201e\u2014 Am spus c\u0103 m\u0103 voi g\u00e2ndi. Mam\u0103, nu \u0219tiu ce s\u0103 fac! \u2014 a pl\u00e2ns Alyonka. \u2014 Tu e\u0219ti mama mea adev\u0103rat\u0103, singura! Dar \u0219i ei au suferit to\u021bi ace\u0219ti ani\u2026\u201d<\/p>\n\n\n\n<p>\u021ain\u00e2nd-o \u00een bra\u021be, i-am m\u00e2ng\u00e2iat p\u0103rul a\u0219a cum f\u0103ceam c\u00e2nd era copil.<br>\u201e\u2014 Au suferit, spui? Atunci cine te-a l\u0103sat iarna l\u00e2ng\u0103 \u0219ine? Cine nu s-a g\u00e2ndit dac\u0103 vei supravie\u021bui?\u201d<br>\u201e\u2014 A spus c\u0103 m-a pus l\u00e2ng\u0103 cabana cantonierului pentru c\u0103 \u0219tia c\u0103 el va veni cur\u00e2nd s\u0103 verifice \u0219inele. Doar c\u0103 el era bolnav \u00een ziua aceea\u2026\u201d<br>\u201e\u2014 Dumnezeule\u2026\u201d<\/p>\n\n\n\n<p>Am stat \u00eembr\u0103\u021bi\u0219ate. Amurgul se \u00eengro\u0219a afar\u0103, pe fereastr\u0103. Vasya se freca de picioarele mele, mieun\u00e2nd \u2014 cer\u00e2nd cin\u0103.<\/p>\n\n\n\n<p>Dou\u0103 Familii, O Iubire<br>\u201e\u2014 Vreau s\u0103-i cunosc, \u2014 a spus Alyonka c\u00e2teva zile mai t\u00e2rziu. \u2014 Doar s\u0103 vorbesc. S\u0103 \u0219tiu adev\u0103rul.\u201d<br>Inima mi s-a str\u00e2ns, dar am dat din cap:<br>\u201e\u2014 A\u0219a e, fiic\u0103. Ai dreptul s\u0103 \u0219tii.\u201d<\/p>\n\n\n\n<p>\u00cent\u00e2lnirea a fost stabilit\u0103 \u00eentr-o cafenea din ora\u0219. Am mers cu ea \u2014 am stat \u00een camera al\u0103turat\u0103, a\u0219tept\u00e2nd.<br>A ie\u0219it dou\u0103 ore mai t\u00e2rziu. Ochii \u00eei erau ro\u0219ii, dar privirea era calm\u0103.<br>\u201e\u2014 Deci, cum a fost?\u201d<br>\u201e\u2014 Oameni obi\u0219nui\u021bi. Ea avea \u0219aptesprezece ani. P\u0103rin\u021bii ei au amenin\u021bat-o c\u0103 o vor da afar\u0103. Tat\u0103l ei nici m\u0103car nu \u0219tia c\u0103 avea un copil. A ascuns asta. Apoi s-a m\u0103ritat cu un alt b\u0103rbat, a avut \u00eenc\u0103 doi copii. Dar nu a uitat de mine.\u201d<\/p>\n\n\n\n<p>Am mers prin ora\u0219ul de prim\u0103var\u0103. Aerul era plin de parfumul liliacului \u00eenflorit.<br>\u201e\u2014 Vor s\u0103 fie aproape. S\u0103 m\u0103 prezinte fra\u021bilor \u0219i surorilor mele. Tat\u0103l\u2026 biologic\u2026 este singur acum. C\u00e2nd a auzit de mine, a pl\u00e2ns.\u201d<br>\u201e\u2014 \u0218i ce ai decis?\u201d<\/p>\n\n\n\n<p>Alyonka s-a oprit, mi-a luat m\u00e2inile \u00een ale ei:<br>\u201e\u2014 Mam\u0103, tu vei fi \u00eentotdeauna mama mea. Cea care m-a crescut, m-a iubit, a crezut \u00een mine. Asta nu se va schimba niciodat\u0103. Dar vreau s\u0103-i \u00een\u021beleg. Nu \u00een locul t\u0103u \u2014 doar ca s\u0103 m\u0103 cunosc mai bine.\u201d<\/p>\n\n\n\n<p>Lacrimile mi-au umplut ochii, dar am z\u00e2mbit:<br>\u201e\u2014 \u00cen\u021beleg totul, drag\u0103. \u0218i voi fi al\u0103turi de tine.\u201d<\/p>\n\n\n\n<p>M-a \u00eembr\u0103\u021bi\u0219at str\u00e2ns:<br>\u201e\u2014 \u0218tii, ea \u021bi-a mul\u021bumit. Pentru c\u0103 m-ai salvat, m-ai crescut s\u0103 fiu cine sunt. A spus c\u0103 am devenit mai bun\u0103 dec\u00e2t a\u0219 fi putut fi cu ea \u2014 o fat\u0103 speriat\u0103, f\u0103r\u0103 sprijin.\u201d<br>\u201e\u2014 Nu despre asta e vorba, Alyonushka. Eu doar te-am iubit. \u00cen fiecare zi. \u00cen fiecare minut.\u201d<\/p>\n\n\n\n<p>Acum Alyonka are dou\u0103 familii. \u0218i-a cunoscut fra\u021bii \u2014 unul a devenit inginer, cel\u0103lalt profesor. P\u0103streaz\u0103 leg\u0103tura cu mama ei biologic\u0103: uneori se sun\u0103, alteori se \u00eent\u00e2lnesc. Iertarea nu a fost u\u0219oar\u0103, dar fiica mea este mai puternic\u0103 dec\u00e2t oricine.<\/p>\n\n\n\n<p>La nunta Alyonk\u0103i \u0219i a lui Pasha, am stat la aceea\u0219i mas\u0103 cu acea femeie. Am\u00e2ndou\u0103 am pl\u00e2ns urm\u0103rind primul dans al t\u00e2n\u0103rului cuplu.<br>\u201e\u2014 Mul\u021bumesc, \u2014 mi-a \u0219optit ea. \u2014 Pentru fiica noastr\u0103.\u201d<br>\u201e\u2014 Mul\u021bumesc, \u2014 am r\u0103spuns eu. \u2014 Pentru c\u0103 mi-ai \u00eencredin\u021bat soarta ei.\u201d<\/p>\n\n\n\n<p>Alyonka lucreaz\u0103 acum la spitalul regional de copii, trat\u00e2nd micu\u021bi. C\u00e2nd s-a n\u0103scut propria ei fiic\u0103, a numit-o Zina \u2014 dup\u0103 mine.<br>\u201e\u2014 Mam\u0103, ai grij\u0103 de nepoat\u0103? \u2014 r\u00e2de fiica mea, d\u00e2ndu-mi nepoata.<br>\u201e\u2014 Desigur! Voi spune pove\u0219ti, voi c\u00e2nta c\u00e2ntece de leag\u0103n. La fel cum f\u0103ceam cu tine.\u201d<\/p>\n\n\n\n<p>Micu\u021ba Zinocika \u00eemi prinde degetul cu m\u00e2nu\u021bele ei mici, z\u00e2mbind cu gura ei f\u0103r\u0103 din\u021bi. Exact ca Alyonka cu mul\u021bi ani \u00een urm\u0103, c\u00e2nd am \u021binut-o pentru prima dat\u0103 \u0219i am realizat: aceasta este soarta.<\/p>\n\n\n\n<p>Iubirea nu alege pe cine s\u0103 numeasc\u0103 a sa. Ea doar este \u2014 imens\u0103 ca cerul deasupra satului, cald\u0103 ca soarele de var\u0103, etern\u0103 ca inima unei mame.<\/p>\n\n\n\n<p><em>Aceast\u0103 lucrare este inspirat\u0103 din evenimente \u0219i persoane reale, \u00eens\u0103 a fost fic\u021bionalizat\u0103 \u00een scopuri creative. Numele, personajele \u0219i detaliile au fost schimbate pentru a proteja intimitatea \u0219i pentru a \u00eembun\u0103t\u0103\u021bi nara\u021biunea. Orice asem\u0103nare cu persoane reale, \u00een via\u021b\u0103 sau decedate, sau cu evenimente reale este pur \u00eent\u00e2mpl\u0103toare \u0219i nu este inten\u021bionat\u0103 de c\u0103tre autor.<\/em><\/p>\n\n\n\n<p><em>Autorul \u0219i editorul nu \u00ee\u0219i asum\u0103 responsabilitatea pentru exactitatea evenimentelor sau pentru modul \u00een care sunt portretizate personajele \u0219i nu sunt r\u0103spunz\u0103tori pentru eventuale interpret\u0103ri gre\u0219ite. Aceast\u0103 poveste este oferit\u0103 \u201eca atare\u201d, iar orice opinii exprimate apar\u021bin personajelor \u0219i nu reflect\u0103 punctele de vedere ale autorului sau ale editorului.<\/em><\/p>\n","protected":false},"excerpt":{"rendered":"<p>\u201e\u2014 Ce-i aia? \u2014 M-am oprit la jum\u0103tatea drumului spre gar\u0103, ascult\u00e2nd cu aten\u021bie.Un pl\u00e2ns venea din st\u00e2nga \u2014 lini\u0219tit, dar persistent. V\u00e2ntul de februarie<\/p>\n","protected":false},"author":1,"featured_media":40654,"comment_status":"closed","ping_status":"closed","sticky":false,"template":"","format":"standard","meta":[],"categories":[1],"tags":[],"_links":{"self":[{"href":"https:\/\/calatorinromania.com\/index.php?rest_route=\/wp\/v2\/posts\/40681"}],"collection":[{"href":"https:\/\/calatorinromania.com\/index.php?rest_route=\/wp\/v2\/posts"}],"about":[{"href":"https:\/\/calatorinromania.com\/index.php?rest_route=\/wp\/v2\/types\/post"}],"author":[{"embeddable":true,"href":"https:\/\/calatorinromania.com\/index.php?rest_route=\/wp\/v2\/users\/1"}],"replies":[{"embeddable":true,"href":"https:\/\/calatorinromania.com\/index.php?rest_route=%2Fwp%2Fv2%2Fcomments&post=40681"}],"version-history":[{"count":1,"href":"https:\/\/calatorinromania.com\/index.php?rest_route=\/wp\/v2\/posts\/40681\/revisions"}],"predecessor-version":[{"id":40682,"href":"https:\/\/calatorinromania.com\/index.php?rest_route=\/wp\/v2\/posts\/40681\/revisions\/40682"}],"wp:featuredmedia":[{"embeddable":true,"href":"https:\/\/calatorinromania.com\/index.php?rest_route=\/wp\/v2\/media\/40654"}],"wp:attachment":[{"href":"https:\/\/calatorinromania.com\/index.php?rest_route=%2Fwp%2Fv2%2Fmedia&parent=40681"}],"wp:term":[{"taxonomy":"category","embeddable":true,"href":"https:\/\/calatorinromania.com\/index.php?rest_route=%2Fwp%2Fv2%2Fcategories&post=40681"},{"taxonomy":"post_tag","embeddable":true,"href":"https:\/\/calatorinromania.com\/index.php?rest_route=%2Fwp%2Fv2%2Ftags&post=40681"}],"curies":[{"name":"wp","href":"https:\/\/api.w.org\/{rel}","templated":true}]}}