{"id":40084,"date":"2025-06-13T07:13:08","date_gmt":"2025-06-13T07:13:08","guid":{"rendered":"https:\/\/calatorinromania.com\/?p=40084"},"modified":"2025-06-13T07:13:08","modified_gmt":"2025-06-13T07:13:08","slug":"salata-de-vinete-dupa-reteta-celebrei-sanda-marin-sa-nu-faceti-aceasta-greseala","status":"publish","type":"post","link":"https:\/\/calatorinromania.com\/?p=40084","title":{"rendered":"Salata de vinete dupa reteta celebrei Sanda Marin. Sa nu faceti aceasta greseala"},"content":{"rendered":"\n<h2>\ud83e\udd57 Salat\u0103 de vinete clasic\u0103, ca la mama acas\u0103<\/h2>\n\n\n\n<p><\/p>\n\n\n\n<p><strong>Re\u021bet\u0103 simpl\u0103 \u0219i delicioas\u0103 propus\u0103 de Sanda Marin<\/strong><\/p>\n\n\n\n<p><\/p>\n\n\n\n<p>Aceast\u0103 salat\u0103 de vinete este un preparat autentic rom\u00e2nesc, perfect pentru var\u0103. Cremoas\u0103, gustoas\u0103 \u0219i u\u0219or de preg\u0103tit, este nelipsit\u0103 de pe mesele festive sau de la picnicurile de weekend. Un gust pe care \u00eel ve\u021bi relua mereu!<\/p>\n\n\n\n<p><\/p>\n\n\n\n<h3>\ud83d\uded2 Ingrediente:<\/h3>\n\n\n\n<ul>\n<li>8 vinete medii (bine coapte)<\/li>\n\n\n\n<li>160 ml ulei de floarea-soarelui (pentru gust autentic)<\/li>\n\n\n\n<li>2 cepe mici (galbene sau ro\u0219ii, dup\u0103 preferin\u021b\u0103)<\/li>\n\n\n\n<li>Sare \u0219i piper negru \u2013 dup\u0103 gust<\/li>\n\n\n\n<li>Frunze de p\u0103trunjel \u2013 pentru decor<\/li>\n\n\n\n<li>Ro\u0219ii proaspete \u2013 pentru decor<\/li>\n<\/ul>\n\n\n\n<p><\/p>\n\n\n\n<h3>\ud83d\udd25 Mod de preparare:<\/h3>\n\n\n\n<p><\/p>\n\n\n\n<h4>1\ufe0f\u20e3 Coacerea vinetelor:<\/h4>\n\n\n\n<ul>\n<li>Spal\u0103 vinetele \u0219i usuc\u0103-le bine cu un prosop din bumbac.<\/li>\n\n\n\n<li>\u00cen\u021beap\u0103-le cu o furculi\u021b\u0103 \u2013 <strong>esen\u021bial<\/strong>, altfel vor exploda \u00een cuptor!<\/li>\n\n\n\n<li>A\u0219az\u0103-le \u00eentr-o tav\u0103 \u0219i coace-le la cuptor, la <strong>150\u00b0C<\/strong>, timp de aproximativ <strong>1 or\u0103 \u0219i 25 de minute<\/strong>.<\/li>\n\n\n\n<li>Dup\u0103 <strong>30\u201335 de minute<\/strong>, \u00eentoarce-le pe cealalt\u0103 parte pentru o coacere uniform\u0103.<br>\ud83d\udca1 <em>Po\u021bi folosi \u0219i o tabl\u0103 special\u0103 direct pe flac\u0103r\u0103 pentru un gust u\u0219or afumat.<\/em><\/li>\n<\/ul>\n\n\n\n<p><\/p>\n\n\n\n<h4>2\ufe0f\u20e3 Cur\u0103\u021barea \u0219i scurgerea:<\/h4>\n\n\n\n<ul>\n<li>Scoate vinetele coapte, las\u0103-le pu\u021bin s\u0103 se r\u0103coreasc\u0103 \u0219i cur\u0103\u021b\u0103-le c\u00e2t sunt \u00eenc\u0103 calde.<\/li>\n\n\n\n<li>A\u0219az\u0103-le \u00eentr-o sit\u0103 sau pe un toc\u0103tor \u00eenclinat, pentru a se scurge bine de zeam\u0103. Acest pas este esen\u021bial pentru o textur\u0103 fin\u0103.<\/li>\n<\/ul>\n\n\n\n<p><\/p>\n\n\n\n<h4>3\ufe0f\u20e3 Tocarea \u0219i mixarea:<\/h4>\n\n\n\n<ul>\n<li>Toac\u0103 vinetele <strong>cu un cu\u021bit de lemn sau plastic<\/strong>, nu metalic \u2013 pentru a evita oxidarea.<\/li>\n\n\n\n<li>Adaug\u0103 treptat uleiul, amestec\u00e2nd energic \u00een aceea\u0219i direc\u021bie (cu lingura de lemn) p\u00e2n\u0103 devin cremoase.<\/li>\n\n\n\n<li>Adaug\u0103 ceapa tocat\u0103 fin, sare \u0219i piper dup\u0103 gust.<\/li>\n<\/ul>\n\n\n\n<p><\/p>\n\n\n\n<h3>\ud83c\udf45 Decor \u0219i servire:<\/h3>\n\n\n\n<ul>\n<li>Transfer\u0103 salata \u00eentr-un bol \u0219i niveleaz\u0103 frumos cu dosul lingurii.<\/li>\n\n\n\n<li>Decoreaz\u0103 cu <strong>felii de ro\u0219ii<\/strong> proaspete \u0219i <strong>frunze de p\u0103trunjel<\/strong> verde pentru un contrast pl\u0103cut \u0219i un plus de prospe\u021bime.<\/li>\n<\/ul>\n\n\n\n<p><\/p>\n\n\n\n<h3>\ud83d\udc69\u200d\ud83c\udf73 Sfaturi de la Sanda Marin:<\/h3>\n\n\n\n<ul>\n<li>Alege vinete coapte bine, dar ferme, cu coaj\u0103 lucioas\u0103.<\/li>\n\n\n\n<li>Nu folosi mixerul \u2013 salata cap\u0103t\u0103 o textur\u0103 lipicioas\u0103. Cu\u021bitul \u0219i r\u0103bdarea sunt cheia.<\/li>\n\n\n\n<li>Dac\u0103 preferi, po\u021bi ad\u0103uga pu\u021bin suc de l\u0103m\u00e2ie \u00een loc de ceap\u0103, pentru o variant\u0103 mai u\u0219oar\u0103.<\/li>\n<\/ul>\n\n\n\n<p><\/p>\n\n\n\n<h3>\u2764\ufe0f De ce o vei iubi:<\/h3>\n\n\n\n<ul>\n<li>Gust autentic, rom\u00e2nesc<\/li>\n\n\n\n<li>Textur\u0103 catifelat\u0103 \u0219i arom\u0103 bogat\u0103<\/li>\n\n\n\n<li>Se potrive\u0219te perfect cu p\u00e2ine de cas\u0103, ro\u0219ii proaspete \u0219i un strop de nostalgie<\/li>\n<\/ul>\n\n\n\n<p><\/p>\n\n\n\n<p><strong>Poft\u0103 bun\u0103!<\/strong> Dac\u0103 o \u00eencerci, spune-mi \u00een comentarii cum \u021bi-a ie\u0219it \u0219i ce ai ad\u0103ugat \u00een plus!<\/p>\n","protected":false},"excerpt":{"rendered":"<p>\ud83e\udd57 Salat\u0103 de vinete clasic\u0103, ca la mama acas\u0103 Re\u021bet\u0103 simpl\u0103 \u0219i delicioas\u0103 propus\u0103 de Sanda Marin Aceast\u0103 salat\u0103 de vinete este un preparat autentic<\/p>\n","protected":false},"author":1,"featured_media":40085,"comment_status":"closed","ping_status":"closed","sticky":false,"template":"","format":"standard","meta":[],"categories":[1],"tags":[],"_links":{"self":[{"href":"https:\/\/calatorinromania.com\/index.php?rest_route=\/wp\/v2\/posts\/40084"}],"collection":[{"href":"https:\/\/calatorinromania.com\/index.php?rest_route=\/wp\/v2\/posts"}],"about":[{"href":"https:\/\/calatorinromania.com\/index.php?rest_route=\/wp\/v2\/types\/post"}],"author":[{"embeddable":true,"href":"https:\/\/calatorinromania.com\/index.php?rest_route=\/wp\/v2\/users\/1"}],"replies":[{"embeddable":true,"href":"https:\/\/calatorinromania.com\/index.php?rest_route=%2Fwp%2Fv2%2Fcomments&post=40084"}],"version-history":[{"count":1,"href":"https:\/\/calatorinromania.com\/index.php?rest_route=\/wp\/v2\/posts\/40084\/revisions"}],"predecessor-version":[{"id":40086,"href":"https:\/\/calatorinromania.com\/index.php?rest_route=\/wp\/v2\/posts\/40084\/revisions\/40086"}],"wp:featuredmedia":[{"embeddable":true,"href":"https:\/\/calatorinromania.com\/index.php?rest_route=\/wp\/v2\/media\/40085"}],"wp:attachment":[{"href":"https:\/\/calatorinromania.com\/index.php?rest_route=%2Fwp%2Fv2%2Fmedia&parent=40084"}],"wp:term":[{"taxonomy":"category","embeddable":true,"href":"https:\/\/calatorinromania.com\/index.php?rest_route=%2Fwp%2Fv2%2Fcategories&post=40084"},{"taxonomy":"post_tag","embeddable":true,"href":"https:\/\/calatorinromania.com\/index.php?rest_route=%2Fwp%2Fv2%2Ftags&post=40084"}],"curies":[{"name":"wp","href":"https:\/\/api.w.org\/{rel}","templated":true}]}}