{"id":40075,"date":"2025-06-13T06:36:19","date_gmt":"2025-06-13T06:36:19","guid":{"rendered":"https:\/\/calatorinromania.com\/?p=40075"},"modified":"2025-06-13T06:36:19","modified_gmt":"2025-06-13T06:36:19","slug":"%f0%9f%8d%9d-tagliatelle-cu-somon-sos-cremos-de-smantana-si-usturoi","status":"publish","type":"post","link":"https:\/\/calatorinromania.com\/?p=40075","title":{"rendered":"\ud83c\udf5d Tagliatelle cu somon &amp; sos cremos de sm\u00e2nt\u00e2n\u0103 \u0219i usturoi"},"content":{"rendered":"\n<h2><\/h2>\n\n\n\n<p><strong>Gata \u00een 30 de minute | Aromat, fin, absolut delicios<\/strong><\/p>\n\n\n\n<p><\/p>\n\n\n\n<p>Un preparat de inspira\u021bie italian\u0103 cu somon fraged, sos catifelat de sm\u00e2nt\u00e2n\u0103 \u0219i usturoi, perfect echilibrat cu pu\u021bin\u0103 zeam\u0103 de l\u0103m\u00e2ie \u0219i pres\u0103rat cu p\u0103trunjel proasp\u0103t. Rapid, elegant \u0219i reconfortant!<\/p>\n\n\n\n<p><\/p>\n\n\n\n<h3>\ud83d\uded2 Ingrediente (pentru 2 por\u021bii):<\/h3>\n\n\n\n<p><\/p>\n\n\n\n<ul>\n<li>200 g tagliatelle (sau linguine\/fettuccine)<\/li>\n\n\n\n<li>300\u2013400 g file de somon (f\u0103r\u0103 piele, t\u0103iat cuburi)<\/li>\n\n\n\n<li>1 lingur\u0103 ulei de m\u0103sline<\/li>\n\n\n\n<li>2 c\u0103\u021bei de usturoi (toca\u021bi fin)<\/li>\n\n\n\n<li>200 ml sm\u00e2nt\u00e2n\u0103 pentru g\u0103tit (minim 20% gr\u0103sime)<\/li>\n\n\n\n<li>50 g parmezan ras (op\u021bional, dar recomandat)<\/li>\n\n\n\n<li>1 linguri\u021b\u0103 zeam\u0103 de l\u0103m\u00e2ie<\/li>\n\n\n\n<li>Sare \u0219i piper dup\u0103 gust<\/li>\n\n\n\n<li>P\u0103trunjel proasp\u0103t tocat (pentru decor)<\/li>\n<\/ul>\n\n\n\n<p><\/p>\n\n\n\n<h3>\ud83d\udd2a Mod de preparare:<\/h3>\n\n\n\n<p><\/p>\n\n\n\n<h4>1\ufe0f\u20e3 Fierbe pastele:<\/h4>\n\n\n\n<ul>\n<li>G\u0103te\u0219te pastele \u00een ap\u0103 cu sare conform indica\u021biilor de pe ambalaj.<\/li>\n\n\n\n<li>Scurge-le \u0219i p\u0103streaz\u0103 aprox. 100 ml din apa \u00een care au fiert (ideal\u0103 pentru ajustarea sosului).<\/li>\n<\/ul>\n\n\n\n<p><\/p>\n\n\n\n<h4>2\ufe0f\u20e3 G\u0103te\u0219te somonul:<\/h4>\n\n\n\n<ul>\n<li>\u00centr-o tigaie larg\u0103, \u00eencinge uleiul de m\u0103sline.<\/li>\n\n\n\n<li>Adaug\u0103 cuburile de somon, presar\u0103 sare \u0219i piper, \u0219i pr\u0103je\u0219te-le 2\u20133 minute pe fiecare parte, p\u00e2n\u0103 cap\u0103t\u0103 o crust\u0103 aurie.<\/li>\n\n\n\n<li>Scoate-le cu grij\u0103 pe o farfurie \u0219i acoper\u0103-le u\u0219or.<\/li>\n<\/ul>\n\n\n\n<p><\/p>\n\n\n\n<h4>3\ufe0f\u20e3 Preg\u0103te\u0219te sosul:<\/h4>\n\n\n\n<ul>\n<li>\u00cen aceea\u0219i tigaie, adaug\u0103 usturoiul \u0219i c\u0103le\u0219te-l 30 de secunde, f\u0103r\u0103 s\u0103-l arzi.<\/li>\n\n\n\n<li>Toarn\u0103 sm\u00e2nt\u00e2na \u0219i amestec\u0103 la foc mic 2\u20133 minute.<\/li>\n\n\n\n<li>Adaug\u0103 parmezanul ras, zeama de l\u0103m\u00e2ie \u0219i 1\u20132 linguri din apa pastelor (pentru a ob\u021bine consisten\u021ba dorit\u0103). Gust\u0103 \u0219i ajusteaz\u0103 cu sare \u0219i piper.<\/li>\n<\/ul>\n\n\n\n<p><\/p>\n\n\n\n<h4>4\ufe0f\u20e3 Finalizeaz\u0103 preparatul:<\/h4>\n\n\n\n<ul>\n<li>Pune pastele fierte \u00een sosul cremos \u0219i amestec\u0103 u\u0219or p\u00e2n\u0103 sunt bine acoperite.<\/li>\n\n\n\n<li>Adaug\u0103 somonul g\u0103tit \u0219i mai las\u0103 totul pe foc mic \u00eenc\u0103 1 minut ca aromele s\u0103 se \u00eentrep\u0103trund\u0103.<\/li>\n<\/ul>\n\n\n\n<p><\/p>\n\n\n\n<h3>\ud83c\udf7d Sugestii de servire:<\/h3>\n\n\n\n<ul>\n<li>Presar\u0103 p\u0103trunjel proasp\u0103t \u0219i, dac\u0103 vrei, pu\u021bin parmezan extra pentru un strat de savoare.<\/li>\n\n\n\n<li>Serve\u0219te imediat, c\u00e2t e cald \u0219i cremos.<\/li>\n<\/ul>\n\n\n\n<p><\/p>\n\n\n\n<h3>\ud83c\udf3f Variante delicioase:<\/h3>\n\n\n\n<ul>\n<li><strong>Cu spanac baby:<\/strong> Adaug\u0103-l \u00een sos \u00een ultimele 2 minute de g\u0103tire.<\/li>\n\n\n\n<li><strong>Cu ciuperci:<\/strong> Soteaz\u0103-le \u00eenainte de usturoi pentru o textur\u0103 mai complex\u0103.<\/li>\n\n\n\n<li><strong>Cu vin alb:<\/strong> Un strop de vin alb sec ad\u0103ugat \u00een sos \u00eenainte de sm\u00e2nt\u00e2n\u0103 \u00eei ofer\u0103 un plus de rafinament.<\/li>\n<\/ul>\n\n\n\n<p><\/p>\n\n\n\n<h3>\u2764\ufe0f De ce \u00ee\u021bi va pl\u0103cea aceast\u0103 re\u021bet\u0103:<\/h3>\n\n\n\n<ul>\n<li>Se face rapid, \u00een mai pu\u021bin de 30 de minute<\/li>\n\n\n\n<li>Este elegant\u0103 \u0219i u\u0219or de personalizat<\/li>\n\n\n\n<li>Are gust intens, dar echilibrat<\/li>\n\n\n\n<li>Este perfect\u0103 pentru cinele \u00een doi sau c\u00e2nd vrei ceva \u201erestaurant-style\u201d acas\u0103<\/li>\n<\/ul>\n\n\n\n<p><strong>Poft\u0103 mare!<\/strong> Dac\u0103 \u00eencerci re\u021beta, spune-mi cum \u021bi-a ie\u0219it \u2014 \u0219i nu uita: un vin alb rece merge perfect al\u0103turi \ud83c\udf77.<\/p>\n","protected":false},"excerpt":{"rendered":"<p>Gata \u00een 30 de minute | Aromat, fin, absolut delicios Un preparat de inspira\u021bie italian\u0103 cu somon fraged, sos catifelat de sm\u00e2nt\u00e2n\u0103 \u0219i usturoi, perfect<\/p>\n","protected":false},"author":1,"featured_media":40076,"comment_status":"closed","ping_status":"closed","sticky":false,"template":"","format":"standard","meta":[],"categories":[1],"tags":[],"_links":{"self":[{"href":"https:\/\/calatorinromania.com\/index.php?rest_route=\/wp\/v2\/posts\/40075"}],"collection":[{"href":"https:\/\/calatorinromania.com\/index.php?rest_route=\/wp\/v2\/posts"}],"about":[{"href":"https:\/\/calatorinromania.com\/index.php?rest_route=\/wp\/v2\/types\/post"}],"author":[{"embeddable":true,"href":"https:\/\/calatorinromania.com\/index.php?rest_route=\/wp\/v2\/users\/1"}],"replies":[{"embeddable":true,"href":"https:\/\/calatorinromania.com\/index.php?rest_route=%2Fwp%2Fv2%2Fcomments&post=40075"}],"version-history":[{"count":1,"href":"https:\/\/calatorinromania.com\/index.php?rest_route=\/wp\/v2\/posts\/40075\/revisions"}],"predecessor-version":[{"id":40077,"href":"https:\/\/calatorinromania.com\/index.php?rest_route=\/wp\/v2\/posts\/40075\/revisions\/40077"}],"wp:featuredmedia":[{"embeddable":true,"href":"https:\/\/calatorinromania.com\/index.php?rest_route=\/wp\/v2\/media\/40076"}],"wp:attachment":[{"href":"https:\/\/calatorinromania.com\/index.php?rest_route=%2Fwp%2Fv2%2Fmedia&parent=40075"}],"wp:term":[{"taxonomy":"category","embeddable":true,"href":"https:\/\/calatorinromania.com\/index.php?rest_route=%2Fwp%2Fv2%2Fcategories&post=40075"},{"taxonomy":"post_tag","embeddable":true,"href":"https:\/\/calatorinromania.com\/index.php?rest_route=%2Fwp%2Fv2%2Ftags&post=40075"}],"curies":[{"name":"wp","href":"https:\/\/api.w.org\/{rel}","templated":true}]}}