{"id":40071,"date":"2025-06-13T06:25:44","date_gmt":"2025-06-13T06:25:44","guid":{"rendered":"https:\/\/calatorinromania.com\/?p=40071"},"modified":"2025-06-13T06:25:44","modified_gmt":"2025-06-13T06:25:44","slug":"imi-soptea-ca-totul-va-fi-bine-cainele-care-a-tinut-treaza-speranta-unei-femei-in-coma","status":"publish","type":"post","link":"https:\/\/calatorinromania.com\/?p=40071","title":{"rendered":"\u201e\u00cemi \u0219optea c\u0103 totul va fi bine\u201d \u2013 C\u00e2inele care a \u021binut treaz\u0103 speran\u021ba unei femei \u00een com\u0103"},"content":{"rendered":"\n<p><strong>Francisca Romero<\/strong>\u00a0are 70 de ani \u0219i o poveste care a impresionat profund nu doar familia, ci \u0219i \u00eentreaga echip\u0103 medical\u0103. Dup\u0103 o lun\u0103 de com\u0103 profund\u0103, nimeni nu se mai a\u0219tepta la o minune. Dar minunea a venit \u2013 \u00een forma unei treziri \u0219i a unui\u00a0mesaj\u00a0cople\u0219itor despre loialitatea unui animal.<\/p>\n\n\n\n<p><\/p>\n\n\n\n<h3>Lupta dintre via\u021b\u0103 \u0219i moarte<\/h3>\n\n\n\n<p><\/p>\n\n\n\n<p>Medicii au fost rezerva\u021bi \u00een privin\u021ba \u0219anselor de revenire ale Francisc\u0103i. Cu toate \u00eengrijirile medicale acordate, starea ei nu p\u0103rea s\u0103 se \u00eembun\u0103t\u0103\u021beasc\u0103. \u0218i totu\u0219i, \u00eentr-un col\u021b al salonului,\u00a0<strong>zi de zi, o c\u0103\u021belu\u0219\u0103 alb\u0103 ap\u0103rea \u0219i se a\u0219eza cuminte la c\u0103p\u0103t\u00e2iul femeii<\/strong>.<\/p>\n\n\n\n<p><\/p>\n\n\n\n<p>Nu era nevoie de cuvinte. Doar o prezen\u021b\u0103 cald\u0103, constant\u0103, \u00eenc\u0103rcat\u0103 de\u00a0dragoste. Un fel de ritual t\u0103cut, repetat \u00een fiecare zi \u2013 o speran\u021b\u0103 purtat\u0103 \u00een blan\u0103 alb\u0103.<\/p>\n\n\n\n<p><\/p>\n\n\n\n<h3>O trezire \u0219i o m\u0103rturisire nea\u0219teptat\u0103<\/h3>\n\n\n\n<p><\/p>\n\n\n\n<p>Diminea\u021ba \u00een care Francisca s-a trezit a fost una obi\u0219nuit\u0103 pentru cei din jur. Nimeni nu anticipa c\u0103 ea \u00ee\u0219i va deschide ochii. Cu voce stins\u0103, dar clar\u0103, a rostit:<\/p>\n\n\n\n<p><\/p>\n\n\n\n<blockquote class=\"wp-block-quote\">\n<p><strong>\u201eUnde este \u00cengera\u0219ul acela alb, care venea \u00een fiecare zi \u0219i-mi \u0219optea la ureche c\u0103 totul va fi bine?\u201d<\/strong><\/p>\n\n\n\n<p><\/p>\n<\/blockquote>\n\n\n\n<p>Nimeni nu \u00een\u021belesese imediat. Dar cei care \u0219tiau de c\u0103\u021belu\u0219a care o vizitase zilnic au sim\u021bit un fior. Francisca, de\u0219i \u00een com\u0103,\u00a0<strong>sim\u021bise prezen\u021ba c\u00e2inelui<\/strong>, \u00eel auzise, \u00eentr-un mod pe care \u0219tiin\u021ba nu \u00eel poate explica pe deplin.<\/p>\n\n\n\n<p><\/p>\n\n\n\n<h3>Mai mult dec\u00e2t o poveste de suflet<\/h3>\n\n\n\n<p><\/p>\n\n\n\n<p>Aceast\u0103 experien\u021b\u0103 demonstreaz\u0103 c\u0103 leg\u0103tura om-animal poate dep\u0103\u0219i grani\u021bele con\u0219tientului. C\u0103\u021belu\u0219a alb\u0103 nu era doar un companion. Era\u00a0<strong>un simbol al iubirii necondi\u021bionate<\/strong>, o prezen\u021b\u0103 care a transmis speran\u021b\u0103 \u0219i calm, acolo unde tratamentele p\u0103reau s\u0103 nu mai aib\u0103 efect.<\/p>\n\n\n\n<p><\/p>\n\n\n\n<h3>O lec\u021bie despre empatie \u0219i conexiune<\/h3>\n\n\n\n<p><\/p>\n\n\n\n<p>\u00centr-o lume gr\u0103bit\u0103, povestea Francisc\u0103i este un memento c\u0103 dragostea nu are limite \u2013 nici de specie, nici de logic\u0103. Uneori, salvatorii no\u0219tri nu poart\u0103 halate albe, ci au\u00a0<strong>patru l\u0103bu\u021be, urechi ciulite \u0219i suflet mare<\/strong>.<\/p>\n\n\n\n<p><\/p>\n\n\n\n<p>Poate c\u0103 nu putem explica \u0219tiin\u021bific tot ce se \u00eent\u00e2mpl\u0103 \u00een astfel de momente. Dar putem \u00eenv\u0103\u021ba. S\u0103 fim mai bl\u00e2nzi, mai aten\u021bi \u0219i s\u0103 nu subestim\u0103m niciodat\u0103&nbsp;<strong>puterea unei iubiri t\u0103cute<\/strong>.<\/p>\n","protected":false},"excerpt":{"rendered":"<p>Francisca Romero\u00a0are 70 de ani \u0219i o poveste care a impresionat profund nu doar familia, ci \u0219i \u00eentreaga echip\u0103 medical\u0103. Dup\u0103 o lun\u0103 de com\u0103<\/p>\n","protected":false},"author":1,"featured_media":39984,"comment_status":"closed","ping_status":"closed","sticky":false,"template":"","format":"standard","meta":[],"categories":[1],"tags":[],"_links":{"self":[{"href":"https:\/\/calatorinromania.com\/index.php?rest_route=\/wp\/v2\/posts\/40071"}],"collection":[{"href":"https:\/\/calatorinromania.com\/index.php?rest_route=\/wp\/v2\/posts"}],"about":[{"href":"https:\/\/calatorinromania.com\/index.php?rest_route=\/wp\/v2\/types\/post"}],"author":[{"embeddable":true,"href":"https:\/\/calatorinromania.com\/index.php?rest_route=\/wp\/v2\/users\/1"}],"replies":[{"embeddable":true,"href":"https:\/\/calatorinromania.com\/index.php?rest_route=%2Fwp%2Fv2%2Fcomments&post=40071"}],"version-history":[{"count":1,"href":"https:\/\/calatorinromania.com\/index.php?rest_route=\/wp\/v2\/posts\/40071\/revisions"}],"predecessor-version":[{"id":40072,"href":"https:\/\/calatorinromania.com\/index.php?rest_route=\/wp\/v2\/posts\/40071\/revisions\/40072"}],"wp:featuredmedia":[{"embeddable":true,"href":"https:\/\/calatorinromania.com\/index.php?rest_route=\/wp\/v2\/media\/39984"}],"wp:attachment":[{"href":"https:\/\/calatorinromania.com\/index.php?rest_route=%2Fwp%2Fv2%2Fmedia&parent=40071"}],"wp:term":[{"taxonomy":"category","embeddable":true,"href":"https:\/\/calatorinromania.com\/index.php?rest_route=%2Fwp%2Fv2%2Fcategories&post=40071"},{"taxonomy":"post_tag","embeddable":true,"href":"https:\/\/calatorinromania.com\/index.php?rest_route=%2Fwp%2Fv2%2Ftags&post=40071"}],"curies":[{"name":"wp","href":"https:\/\/api.w.org\/{rel}","templated":true}]}}