{"id":40067,"date":"2025-06-13T06:18:28","date_gmt":"2025-06-13T06:18:28","guid":{"rendered":"https:\/\/calatorinromania.com\/?p=40067"},"modified":"2025-06-13T06:18:28","modified_gmt":"2025-06-13T06:18:28","slug":"ion-iliescu-a-intrat-in-stop-cardiac","status":"publish","type":"post","link":"https:\/\/calatorinromania.com\/?p=40067","title":{"rendered":"Ion Iliescu a intrat \u00een stop cardiac"},"content":{"rendered":"\n<h1><\/h1>\n\n\n\n<p>Potrivit unor informa\u021bii ap\u0103rute \u00een pres\u0103, fostul pre\u0219edinte al Rom\u00e2niei, Ion Iliescu, ar fi intrat \u00een stop cardiac. Chiar \u00een aceste momente, medicii ar depune eforturi uria\u0219e pentru a-l resuscita, starea sa fiind una extrem de critic\u0103.<\/p>\n\n\n\n<p><\/p>\n\n\n\n<h2>Ion Iliescu ar fi intrat \u00een stop cardiac<\/h2>\n\n\n\n<p><\/p>\n\n\n\n<p>Potrivit unor surse citate de Kanal D, Ion Iliescu ar fi intrat \u00een stop cardiac, fiind resuscitat de medici. Aceea\u0219i surs\u0103 men\u021bioneaz\u0103 \u0219i faptul c\u0103 fostul pre\u0219edinte al Rom\u00e2niei ar suferi de cancer pulmonar.<\/p>\n\n\n\n<p><\/p>\n\n\n\n<p>Fostul pre\u015fedinte Ion Iliescu, \u00een v\u00e2rst\u0103 de 95 de ani, este \u00een continuare internat la Spitalul \u201dAgrippa Ionescu\u201d din Capital\u0103, oficialii SRI, institu\u0163ie de care apar\u0163ine unitatea medical\u0103, preciz\u00e2nd c\u0103 starea sa este stabil\u0103.<\/p>\n\n\n\n<p><a rel=\"noreferrer noopener\" href=\"https:\/\/usd24.ro\/un-nou-virus-gastrointestinal-face-ravagii-in-randul-romanilor\/\" target=\"_blank\"><\/a><\/p>\n\n\n\n<p>SRI, institu\u0163ie care are \u00een subordine Spitalul \u201dAgrippa Ionescu\u201d din Capital\u0103, unde a fost internat fostul pre\u015fedinte Ion Iliescu, a transmis, mar\u0163i sear\u0103, date despre starea de s\u0103n\u0103tate a acestuia.<\/p>\n\n\n\n<p><\/p>\n\n\n\n<p>Ace\u015ftia au anun\u0163at anterior c\u0103, \u00een dup\u0103-amiaza zilei de luni, 9.06. 2025, Ion Iliescu s-a prezentat, la solicitarea sa, la Spitalul Clinic de Urgenta Prof. Dr. Agrippa Ionescu din Bucure\u015fti pentru efectuarea unor investiga\u0163ii.<\/p>\n\n\n\n<p><\/p>\n\n\n\n<p>\u201dPacientul s-a prezentat cu o stare general\u0103 alterat\u0103 de o simptomatologie respiratorie debutata\u0103 anterior. A fost internat, iar \u00een prezent beneficiaz\u0103 de ingrijirile medicale de specialitate, \u00een paralel cu procedurile de stabilire a diagnosticului\u201d, a transmis, mar\u0163i, SRI, institu\u0163ia de care apar\u0163ine Spitalul \u201dAgrippa Ionescu\u201d.<\/p>\n\n\n\n<p><a rel=\"noreferrer noopener\" href=\"https:\/\/usd24.ro\/sofer-de-tir-in-varsta-de-25-de-ani-gasit-mort-in-cabina-pe-o-strada-din-ramnicu-sarat-politistii-cerceteaza-cazul-ca-fiind-moarte-suspecta\/\" target=\"_blank\"><\/a><\/p>\n\n\n\n<p>Surse medicale au precizat, pentru News.ro, c\u0103 fostul pre\u015fedinte este internat la Sec\u0163ia ATI.<\/p>\n\n\n\n<p><\/p>\n\n\n\n<p>Acelea\u015fi surse au mai afirmat c\u0103 Ion Iliescu are o afec\u0163iune cardiac\u0103 cronic\u0103, dar \u015fi alte afec\u0163iuni specifice v\u00e2rstei.<\/p>\n\n\n\n<p><\/p>\n\n\n\n<p>Fostul pre\u015fedinte f\u0103cea controale periodice la Spitalul Elias.<\/p>\n\n\n\n<p><\/p>\n\n\n\n<p>\u00cen aprilie 2019, Ion Iliescu a fost operat de medicii de la Institutul \u201dC.C. Iliescu\u201d, diagnosticul s\u0103u fiind pericardit\u0103 lichidian\u0103 \u2013 tamponad\u0103 cardiac\u0103.<\/p>\n","protected":false},"excerpt":{"rendered":"<p>Potrivit unor informa\u021bii ap\u0103rute \u00een pres\u0103, fostul pre\u0219edinte al Rom\u00e2niei, Ion Iliescu, ar fi intrat \u00een stop cardiac. Chiar \u00een aceste momente, medicii ar depune<\/p>\n","protected":false},"author":1,"featured_media":39984,"comment_status":"closed","ping_status":"closed","sticky":false,"template":"","format":"standard","meta":[],"categories":[1],"tags":[],"_links":{"self":[{"href":"https:\/\/calatorinromania.com\/index.php?rest_route=\/wp\/v2\/posts\/40067"}],"collection":[{"href":"https:\/\/calatorinromania.com\/index.php?rest_route=\/wp\/v2\/posts"}],"about":[{"href":"https:\/\/calatorinromania.com\/index.php?rest_route=\/wp\/v2\/types\/post"}],"author":[{"embeddable":true,"href":"https:\/\/calatorinromania.com\/index.php?rest_route=\/wp\/v2\/users\/1"}],"replies":[{"embeddable":true,"href":"https:\/\/calatorinromania.com\/index.php?rest_route=%2Fwp%2Fv2%2Fcomments&post=40067"}],"version-history":[{"count":1,"href":"https:\/\/calatorinromania.com\/index.php?rest_route=\/wp\/v2\/posts\/40067\/revisions"}],"predecessor-version":[{"id":40068,"href":"https:\/\/calatorinromania.com\/index.php?rest_route=\/wp\/v2\/posts\/40067\/revisions\/40068"}],"wp:featuredmedia":[{"embeddable":true,"href":"https:\/\/calatorinromania.com\/index.php?rest_route=\/wp\/v2\/media\/39984"}],"wp:attachment":[{"href":"https:\/\/calatorinromania.com\/index.php?rest_route=%2Fwp%2Fv2%2Fmedia&parent=40067"}],"wp:term":[{"taxonomy":"category","embeddable":true,"href":"https:\/\/calatorinromania.com\/index.php?rest_route=%2Fwp%2Fv2%2Fcategories&post=40067"},{"taxonomy":"post_tag","embeddable":true,"href":"https:\/\/calatorinromania.com\/index.php?rest_route=%2Fwp%2Fv2%2Ftags&post=40067"}],"curies":[{"name":"wp","href":"https:\/\/api.w.org\/{rel}","templated":true}]}}