{"id":40065,"date":"2025-06-13T06:09:27","date_gmt":"2025-06-13T06:09:27","guid":{"rendered":"https:\/\/calatorinromania.com\/?p=40065"},"modified":"2025-06-13T06:09:28","modified_gmt":"2025-06-13T06:09:28","slug":"interdictie-pentru-masinile-diesel-in-intervalul-830-1830-cand-intra-in-vigoare-noua-regula","status":"publish","type":"post","link":"https:\/\/calatorinromania.com\/?p=40065","title":{"rendered":"Interdic\u021bie pentru ma\u0219inile Diesel \u00een intervalul 8:30 \u2013 18:30. C\u00e2nd intr\u0103 \u00een vigoare noua regul\u0103"},"content":{"rendered":"\n<p>\u00cencep\u00e2nd cu 1 octombrie 2025, \u0219oferii din mai multe regiuni ale Italiei care de\u021bin autoturisme Diesel vechi se vor confrunta cu o interdic\u021bie sever\u0103 de circula\u021bie. Ma\u0219inile Diesel cu norm\u0103 de poluare Euro 5 sau inferioar\u0103 nu vor mai avea voie s\u0103 circule \u00eentre orele 8:30 \u0219i 18:30, \u00eentr-un efort guvernamental de combatere a polu\u0103rii cu particule fine (PM10). Aceast\u0103 m\u0103sur\u0103, de\u0219i localizat\u0103 ini\u021bial, ar putea deveni un precedent pentru reglement\u0103ri similare la nivel european.<\/p>\n\n\n\n<p><\/p>\n\n\n\n<p>M\u0103sura se aplic\u0103 autovehiculelor care nu respect\u0103 standardele actuale de emisii, \u00een special modele fabricate \u00eenainte de anul 2015. Printre cele mai afectate se num\u0103r\u0103 ma\u0219ini populare precum Volkswagen Golf 7, Volkswagen Passat Variant, VW Caddy, BMW Seria 3 E90, Ford Mondeo \u0219i alte modele similare din clasa Diesel Euro 5. Chiar dac\u0103 aceste ma\u0219ini sunt bine \u00eentre\u021binute sau de\u021bin pl\u0103cu\u021be verzi de mediu, ele vor avea interzis la circula\u021bie zilnic\u0103 \u00een intervalul orar men\u021bionat.<\/p>\n\n\n\n<p><\/p>\n\n\n\n<p>Regiunile vizate \u0219i calendarul interdic\u021biilor<br>Regiunile italiene vizate de aceast\u0103 m\u0103sur\u0103 sunt Piemont, Lombardia, Emilia-Romagna \u0219i Veneto. Acestea se confrunt\u0103 de ani de zile cu dep\u0103\u0219iri frecvente ale limitelor de poluare admise, iar autorit\u0103\u021bile sper\u0103 ca noua m\u0103sur\u0103 s\u0103 aduc\u0103 o reducere semnificativ\u0103 a emisiilor poluante, contribuind la \u00eembun\u0103t\u0103\u021birea calit\u0103\u021bii aerului.<\/p>\n\n\n\n<p><\/p>\n\n\n\n<p>Interdic\u021bia va fi aplicat\u0103 \u00een perioada rece a anului, c\u00e2nd nivelul polu\u0103rii este cel mai ridicat. Mai exact, va intra \u00een vigoare din 1 octombrie 2025 \u0219i va dura p\u00e2n\u0103 la 16 aprilie 2026. Ulterior, m\u0103sura va fi reintrodus\u0103 anual, \u00een intervalul 15 septembrie \u2013 15 aprilie. Singura excep\u021bie de la aceast\u0103 regul\u0103 o reprezint\u0103 vehiculele comerciale destinate transportului de marf\u0103.<\/p>\n\n\n\n<p><\/p>\n\n\n\n<p>\u0218oferii care \u00eencalc\u0103 aceast\u0103 interdic\u021bie risc\u0103 amenzi de ordinul sutelor de euro. Autorit\u0103\u021bile au anun\u021bat c\u0103 nu vor face concesii, iar m\u0103sura va fi aplicat\u0103 strict, indiferent de justific\u0103rile aduse de \u0219oferi.<\/p>\n\n\n\n<p><\/p>\n\n\n\n<p>Solu\u021bii limitate \u0219i implica\u021bii pe termen lung<br>Din punct de vedere tehnic, ar fi posibil\u0103 modificarea ma\u0219inilor Diesel Euro 5 pentru a corespunde normelor Euro 6. \u00cens\u0103, exist\u0103 obstacole majore:<\/p>\n\n\n\n<p><\/p>\n\n\n\n<p>Costurile implicate sunt foarte mari.<br>Procedura nu este accesibil\u0103 pentru majoritatea proprietarilor de astfel de vehicule.<br>Nu toate modelele pot fi modificate corespunz\u0103tor, ceea ce limiteaz\u0103 \u0219i mai mult op\u021biunile.<br>Speciali\u0219tii consider\u0103 c\u0103 m\u0103sura din Italia este un test la scar\u0103 european\u0103. Dac\u0103 rezultatele vor fi pozitive \u00een ceea ce prive\u0219te reducerea polu\u0103rii, este foarte probabil ca \u0219i alte state membre ale Uniunii Europene s\u0103 adopte m\u0103suri similare. Astfel, \u00een viitorul apropiat, posesia unui autoturism Diesel mai vechi ar putea deveni o problem\u0103 la nivelul \u00eentregii Europe. De\u021bin\u0103torii de ma\u0219ini Diesel cu standarde de emisii \u00eenvechite trebuie s\u0103 se a\u0219tepte la restric\u021bii din ce \u00een ce mai dure. \u00cen lipsa unor solu\u021bii financiare viabile pentru adaptarea vehiculelor, mul\u021bi \u0219oferi vor fi for\u021ba\u021bi s\u0103 renun\u021be la aceste modele.<\/p>\n\n\n\n<p><\/p>\n\n\n\n<p>Noi reglement\u0103ri UE \u0219i viitorul vehiculelor Diesel \u00een Rom\u00e2nia<br>La nivelul Uniunii Europene, se implementeaz\u0103 deja noi reglement\u0103ri pentru a reduce emisiile poluante provenite din autoturismele diesel, pe fondul preocup\u0103rilor crescute legate de calitatea aerului \u0219i impactul asupra s\u0103n\u0103t\u0103\u021bii publice. \u00cencep\u00e2nd cu 2024, standardul Euro 7 va impune limite mai stricte, nu doar pentru emisiile de gaze de e\u0219apament, ci \u0219i pentru particulele provenite din uzura fr\u00e2nelor \u0219i a anvelopelor. Aceste m\u0103suri fac parte dintr-o strategie mai ampl\u0103 a UE de a combate poluarea urban\u0103, inclusiv prin extinderea zonelor cu aer curat, unde accesul vehiculelor poluante va fi restric\u021bionat.<\/p>\n\n\n\n<p><\/p>\n\n\n\n<p>Standardele Euro au evoluat constant din 1992 \u00eencoace, de la Euro 1 p\u00e2n\u0103 la actualul Euro 6d, fiecare versiune aduc\u00e2nd cerin\u021be tot mai stricte pentru reducerea oxizilor de azot, monoxidului de carbon \u0219i altor poluan\u021bi. \u00cen acest context, ma\u0219inile diesel fabricate \u00eenainte de 2015, \u00een special cele Euro 5, risc\u0103 s\u0103 nu mai \u00eendeplineasc\u0103 noile cerin\u021be de mediu. Produc\u0103torii auto au fost nevoi\u021bi s\u0103 investeasc\u0103 \u00een tehnologii mai curate, iar \u0219oferii ar putea fi obliga\u021bi, \u00een viitorul apropiat, s\u0103 \u00ee\u0219i \u00eenlocuiasc\u0103 autoturismele vechi cu unele compatibile cu noile norme sau electrice, pentru a se conforma legisla\u021biei europene tot mai stricte. De asemenea, trebuie men\u021bionat c\u0103 Rom\u00e2nia \u0219i-a propus eliminarea treptat\u0103 a ma\u0219inilor diesel p\u00e2n\u0103 \u00een anul 2030, aliniindu-se astfel tendin\u021belor europene de tranzi\u021bie c\u0103tre un transport mai ecologic.<\/p>\n\n\n\n<p><\/p>\n\n\n\n<p><a href=\"https:\/\/dailynews.ro\/\">sursa> https:\/\/dailynews.ro\/<\/a><\/p>\n","protected":false},"excerpt":{"rendered":"<p>\u00cencep\u00e2nd cu 1 octombrie 2025, \u0219oferii din mai multe regiuni ale Italiei care de\u021bin autoturisme Diesel vechi se vor confrunta cu o interdic\u021bie sever\u0103 de<\/p>\n","protected":false},"author":1,"featured_media":39984,"comment_status":"closed","ping_status":"closed","sticky":false,"template":"","format":"standard","meta":[],"categories":[1],"tags":[],"_links":{"self":[{"href":"https:\/\/calatorinromania.com\/index.php?rest_route=\/wp\/v2\/posts\/40065"}],"collection":[{"href":"https:\/\/calatorinromania.com\/index.php?rest_route=\/wp\/v2\/posts"}],"about":[{"href":"https:\/\/calatorinromania.com\/index.php?rest_route=\/wp\/v2\/types\/post"}],"author":[{"embeddable":true,"href":"https:\/\/calatorinromania.com\/index.php?rest_route=\/wp\/v2\/users\/1"}],"replies":[{"embeddable":true,"href":"https:\/\/calatorinromania.com\/index.php?rest_route=%2Fwp%2Fv2%2Fcomments&post=40065"}],"version-history":[{"count":1,"href":"https:\/\/calatorinromania.com\/index.php?rest_route=\/wp\/v2\/posts\/40065\/revisions"}],"predecessor-version":[{"id":40066,"href":"https:\/\/calatorinromania.com\/index.php?rest_route=\/wp\/v2\/posts\/40065\/revisions\/40066"}],"wp:featuredmedia":[{"embeddable":true,"href":"https:\/\/calatorinromania.com\/index.php?rest_route=\/wp\/v2\/media\/39984"}],"wp:attachment":[{"href":"https:\/\/calatorinromania.com\/index.php?rest_route=%2Fwp%2Fv2%2Fmedia&parent=40065"}],"wp:term":[{"taxonomy":"category","embeddable":true,"href":"https:\/\/calatorinromania.com\/index.php?rest_route=%2Fwp%2Fv2%2Fcategories&post=40065"},{"taxonomy":"post_tag","embeddable":true,"href":"https:\/\/calatorinromania.com\/index.php?rest_route=%2Fwp%2Fv2%2Ftags&post=40065"}],"curies":[{"name":"wp","href":"https:\/\/api.w.org\/{rel}","templated":true}]}}